{"id":22626,"date":"2026-01-19T02:59:38","date_gmt":"2026-01-19T01:59:38","guid":{"rendered":"https:\/\/monde25.info\/index.php\/2026\/01\/19\/colere-agricole-tapis-rouge-pour-la-fnsea-mepris-pour-la-confederation-paysanne\/"},"modified":"2026-01-19T02:59:38","modified_gmt":"2026-01-19T01:59:38","slug":"colere-agricole-tapis-rouge-pour-la-fnsea-mepris-pour-la-confederation-paysanne","status":"publish","type":"post","link":"https:\/\/monde25.info\/index.php\/2026\/01\/19\/colere-agricole-tapis-rouge-pour-la-fnsea-mepris-pour-la-confederation-paysanne\/","title":{"rendered":"Col\u00e8re agricole\u00a0: tapis rouge pour la FNSEA, m\u00e9pris pour la Conf\u00e9d\u00e9ration paysanne"},"content":{"rendered":"<p> <br \/>\n<br \/><img loading=\"lazy\" decoding=\"async\" src=\"https:\/\/reporterre.net\/local\/cache-vignettes\/L700xH466\/afp__20260113__hl_stenani_3018938__v1__highres__franceagriculturepoliticsdemo-02885.jpg?1768380304\" class=\"spip_logo\" width=\"700\" height=\"466\" alt=\"\" \/><\/p>\n<p>Encore des tracteurs dans Paris, \u00e0 l&rsquo;appel de la <span class=\"caps\">FNSEA<\/span> cette fois. L&rsquo;\u00c9tat a d\u00e9voil\u00e9 des mesures satisfaisant presque totalement les demandes du syndicat majoritaire. La Conf\u00e9d\u00e9ration paysanne d\u00e9nonce un \u00ab<small class=\"fine d-inline\">\u00a0<\/small>deux poids deux mesures<small class=\"fine d-inline\">\u00a0<\/small>\u00bb. <br class=\"autobr\" \/> 30\u00a0tonnes de pommes de terre d\u00e9vers\u00e9es devant l&rsquo;Assembl\u00e9e nationale, 352 tracteurs autoris\u00e9s \u00e0 franchir les portes de la capitale le 13\u00a0janvier et&#8230; une invitation \u00e0 Matignon. Les diff\u00e9rences de traitement par l&rsquo;\u00c9tat des repr\u00e9sentants de la <span class=\"caps\">FNSEA<\/span>, le syndicat\u00a0(\u2026)<\/p>\n<p>                    <a target=\"_blank\" href=\"https:\/\/reporterre.net\/Colere-agricole-tapis-rouge-pour-la-FNSEA-mepris-pour-la-Confederation-paysanne?utm_source=RSS&amp;utm_medium=RSS\">Lire la suite<\/a><\/p>\n<p>                    &#8211;<br \/>\n                        <a target=\"_blank\" href=\"https:\/\/reporterre.net\/Autres-infos\" rel=\"directory\">Info<\/a><\/p>\n<p>                    \/<br \/>\n                        <a target=\"_blank\" href=\"https:\/\/reporterre.net\/Agriculture\" rel=\"tag\">Agriculture<\/a><br \/>\n<br \/><br \/>\n<br \/><a href=\"https:\/\/reporterre.net\/Colere-agricole-tapis-rouge-pour-la-FNSEA-mepris-pour-la-Confederation-paysanne\" target=\"_blank\"\">Source link <\/a><\/p>\n","protected":false},"excerpt":{"rendered":"<p>Encore des tracteurs dans Paris, \u00e0 l&rsquo;appel de la FNSEA cette fois. L&rsquo;\u00c9tat a d\u00e9voil\u00e9 des mesures satisfaisant presque totalement les demandes du syndicat majoritaire. La Conf\u00e9d\u00e9ration paysanne d\u00e9nonce un&hellip; <\/p>\n","protected":false},"author":1,"featured_media":0,"comment_status":"open","ping_status":"open","sticky":false,"template":"","format":"standard","meta":{"footnotes":""},"categories":[1],"tags":[],"class_list":["post-22626","post","type-post","status-publish","format-standard","hentry","category-non-classe"],"_links":{"self":[{"href":"https:\/\/monde25.info\/index.php\/wp-json\/wp\/v2\/posts\/22626","targetHints":{"allow":["GET"]}}],"collection":[{"href":"https:\/\/monde25.info\/index.php\/wp-json\/wp\/v2\/posts"}],"about":[{"href":"https:\/\/monde25.info\/index.php\/wp-json\/wp\/v2\/types\/post"}],"author":[{"embeddable":true,"href":"https:\/\/monde25.info\/index.php\/wp-json\/wp\/v2\/users\/1"}],"replies":[{"embeddable":true,"href":"https:\/\/monde25.info\/index.php\/wp-json\/wp\/v2\/comments?post=22626"}],"version-history":[{"count":0,"href":"https:\/\/monde25.info\/index.php\/wp-json\/wp\/v2\/posts\/22626\/revisions"}],"wp:attachment":[{"href":"https:\/\/monde25.info\/index.php\/wp-json\/wp\/v2\/media?parent=22626"}],"wp:term":[{"taxonomy":"category","embeddable":true,"href":"https:\/\/monde25.info\/index.php\/wp-json\/wp\/v2\/categories?post=22626"},{"taxonomy":"post_tag","embeddable":true,"href":"https:\/\/monde25.info\/index.php\/wp-json\/wp\/v2\/tags?post=22626"}],"curies":[{"name":"wp","href":"https:\/\/api.w.org\/{rel}","templated":true}]}}