{"id":22629,"date":"2026-01-19T04:05:40","date_gmt":"2026-01-19T03:05:40","guid":{"rendered":"https:\/\/monde25.info\/index.php\/2026\/01\/19\/absent-a-louverture-le-roi-mohamed-vi-nest-pas-attendu-a-la-finale-de-la-can-rt-en-francais\/"},"modified":"2026-01-19T04:05:40","modified_gmt":"2026-01-19T03:05:40","slug":"absent-a-louverture-le-roi-mohamed-vi-nest-pas-attendu-a-la-finale-de-la-can-rt-en-francais","status":"publish","type":"post","link":"https:\/\/monde25.info\/index.php\/2026\/01\/19\/absent-a-louverture-le-roi-mohamed-vi-nest-pas-attendu-a-la-finale-de-la-can-rt-en-francais\/","title":{"rendered":"absent \u00e0 l\u2019ouverture, le roi Mohamed VI n\u2019est pas attendu \u00e0 la finale de la CAN \u2014 RT en fran\u00e7ais"},"content":{"rendered":"<p> <br \/>\n<br \/><img decoding=\"async\" src=\"https:\/\/mf.b37mrtl.ru\/french\/images\/2026.01\/thumbnail\/696cd1956f7ccc6ed90be969.jpg\" \/><\/p>\n<div>\n<p class=\"text__summary\">\n                                        Depuis d\u00e9but novembre, le roi Mohammed VI n&rsquo;est plus apparu en public, y compris lors de la CAN organis\u00e9e par le royaume. Cette absence suscite de nombreuses sp\u00e9culations sur son \u00e9tat de sant\u00e9 et attire l\u2019attention sur son fils Moulay Hassan, futur Hassan III, repr\u00e9sentant de la g\u00e9n\u00e9ration Z et nouveau visage du pouvoir marocain.\n                                    <\/p>\n<p>Alors que la <a target=\"_blank\" href=\"https:\/\/francais.rt.com\/afrique\/129480-finale-can-2025-senegal-denonce-maroc\">finale de la CAN<\/a> oppose le Maroc au S\u00e9n\u00e9gal ce 18 janvier, Mohammed VI reste invisible. Sa derni\u00e8re apparition officielle remonte \u00e0 octobre 2024 lors de la visite d\u2019\u00c9tat d\u2019Emmanuel Macron, qui a scell\u00e9 un rapprochement diplomatique majeur entre Rabat et Paris, notamment sur la reconnaissance fran\u00e7aise de la souverainet\u00e9 marocaine sur le Sahara occidental.<\/p>\n<p>\u00c0 cette occasion, le roi apparaissait d\u00e9j\u00e0 affaibli, amaigri et utilisant une canne pour se d\u00e9placer. Quelques semaines plus tard, en d\u00e9cembre 2024, il n\u2019a pas assist\u00e9 \u00e0 la messe pour la reconstruction de Notre-Dame de Paris, un \u00e9v\u00e9nement r\u00e9unissant plusieurs chefs d\u2019\u00c9tat.<\/p>\n<h2>Une maladie \u00ab\u00a0gravement\u00a0\u00bb avanc\u00e9e ?<\/h2>\n<p>Pour Thierry Oberl\u00e9, journaliste sp\u00e9cialiste du Maghreb et du Moyen-Orient, \u00ab\u00a0le roi est malade, il est m\u00eame gravement malade. Plusieurs sources \u00e9voquent une maladie pulmonaire incurable accompagn\u00e9e de difficult\u00e9s respiratoires\u00a0\u00bb.<\/p>\n<p>Depuis son accession au tr\u00f4ne en 1999, Mohammed VI a maintenu une communication minimale, ponctu\u00e9e de rares selfies ou publications sur Instagram, tout en restant omnipr\u00e9sent dans l\u2019espace public \u00e0 travers ses portraits dans les villes marocaines. Mais ces derniers mois, ses d\u00e9placements sont devenus encore plus secrets, laissant planer le myst\u00e8re sur sa localisation, que ce soit \u00e0 Paris, Duba\u00ef ou ailleurs.<\/p>\n<h2>Moulay Hassan : le visage d\u2019une nouvelle g\u00e9n\u00e9ration<\/h2>\n<p>L\u2019absence prolong\u00e9e du roi met en lumi\u00e8re son h\u00e9ritier, Moulay Hassan, \u00e2g\u00e9 de 22 ans et futur Hassan III. Pr\u00e9sent dans les tribunes de la CAN, il repr\u00e9sente la g\u00e9n\u00e9ration Z, plus connect\u00e9e et revendicatrice, consciente des d\u00e9fis \u00e9conomiques et sociaux du royaume.<\/p>\n<p>Mohammed VI ne devrait vraisemblablement pas appara\u00eetre lors de la finale, m\u00eame si le Maroc venait \u00e0 remporter le tournoi. Son fils Moulay Hassan, en tribune, incarne une pr\u00e9sence symbolique et politique. \u00ab On peut comparer la victoire du Maroc \u00e0 celle de la France en 1998 : une parenth\u00e8se heureuse, m\u00eame si les probl\u00e8mes structurels du royaume restent \u00bb, note Thierry Oberl\u00e9.<\/p>\n<\/div>\n<p><br \/>\n<br \/><a href=\"https:\/\/francais.rt.com\/afrique\/129498-maroc-absent-ouverture-mohamed-vi\" target=\"_blank\"\">Source link <\/a><\/p>\n","protected":false},"excerpt":{"rendered":"<p>Depuis d\u00e9but novembre, le roi Mohammed VI n&rsquo;est plus apparu en public, y compris lors de la CAN organis\u00e9e par le royaume. Cette absence suscite de nombreuses sp\u00e9culations sur son&hellip; <\/p>\n","protected":false},"author":1,"featured_media":22630,"comment_status":"open","ping_status":"open","sticky":false,"template":"","format":"standard","meta":{"footnotes":""},"categories":[1],"tags":[],"class_list":["post-22629","post","type-post","status-publish","format-standard","has-post-thumbnail","hentry","category-non-classe"],"_links":{"self":[{"href":"https:\/\/monde25.info\/index.php\/wp-json\/wp\/v2\/posts\/22629","targetHints":{"allow":["GET"]}}],"collection":[{"href":"https:\/\/monde25.info\/index.php\/wp-json\/wp\/v2\/posts"}],"about":[{"href":"https:\/\/monde25.info\/index.php\/wp-json\/wp\/v2\/types\/post"}],"author":[{"embeddable":true,"href":"https:\/\/monde25.info\/index.php\/wp-json\/wp\/v2\/users\/1"}],"replies":[{"embeddable":true,"href":"https:\/\/monde25.info\/index.php\/wp-json\/wp\/v2\/comments?post=22629"}],"version-history":[{"count":0,"href":"https:\/\/monde25.info\/index.php\/wp-json\/wp\/v2\/posts\/22629\/revisions"}],"wp:featuredmedia":[{"embeddable":true,"href":"https:\/\/monde25.info\/index.php\/wp-json\/wp\/v2\/media\/22630"}],"wp:attachment":[{"href":"https:\/\/monde25.info\/index.php\/wp-json\/wp\/v2\/media?parent=22629"}],"wp:term":[{"taxonomy":"category","embeddable":true,"href":"https:\/\/monde25.info\/index.php\/wp-json\/wp\/v2\/categories?post=22629"},{"taxonomy":"post_tag","embeddable":true,"href":"https:\/\/monde25.info\/index.php\/wp-json\/wp\/v2\/tags?post=22629"}],"curies":[{"name":"wp","href":"https:\/\/api.w.org\/{rel}","templated":true}]}}