{"id":2264,"date":"2024-12-15T18:54:12","date_gmt":"2024-12-15T17:54:12","guid":{"rendered":"https:\/\/monde25.info\/index.php\/2024\/12\/15\/le-mali-inaugure-une-importante-mine-de-lithium-dans-la-region-de-bougouni-rt-en-francais\/"},"modified":"2024-12-15T18:54:12","modified_gmt":"2024-12-15T17:54:12","slug":"le-mali-inaugure-une-importante-mine-de-lithium-dans-la-region-de-bougouni-rt-en-francais","status":"publish","type":"post","link":"https:\/\/monde25.info\/index.php\/2024\/12\/15\/le-mali-inaugure-une-importante-mine-de-lithium-dans-la-region-de-bougouni-rt-en-francais\/","title":{"rendered":"Le Mali inaugure une importante mine de lithium dans la r\u00e9gion de Bougouni \u2014 RT en fran\u00e7ais"},"content":{"rendered":"<p> <br \/>\n<br \/><img decoding=\"async\" src=\"https:\/\/mf.b37mrtl.ru\/french\/images\/2024.12\/thumbnail\/675f0ffa87f3ec243a7bfbb9.jpg\" \/><\/p>\n<div>\n<p class=\"text__summary\">\n                                        Le Mali devient un acteur majeur du lithium avec le lancement de la mine de Goulamina, l\u2019un des plus grands gisements au monde de ce minerai essentiel \u00e0 la fabrication de batteries pour v\u00e9hicules \u00e9lectriques.\n                                    <\/p>\n<p>Le chef d\u2019\u00c9tat du Mali, le g\u00e9n\u00e9ral Assimi Go\u00efta, a inaugur\u00e9 ce 15 d\u00e9cembre l\u2019importante mine de lithium de Goulamina, situ\u00e9e dans la r\u00e9gion de Bougouni, dans le sud-ouest du pays, qui repr\u00e9sente un projet strat\u00e9gique majeur pour la nation sah\u00e9lienne.\u00a0\u00a0<\/p>\n<p>Situ\u00e9 \u00e0 environ 150 kilom\u00e8tres de la capitale Bamako, le site couvre 1 750 hectares, ce qui en fait d\u00e9sormais l\u2019une des plus grandes mines de lithium au monde, qui serait class\u00e9e parmi les cinq premi\u00e8res \u00e0 l\u2019\u00e9chelle internationale, \u00e0 en croire les m\u00e9dias locaux.<\/p>\n<p>Cit\u00e9 par le portail d\u2019information Bamada, le g\u00e9n\u00e9ral Go\u00efta a exprim\u00e9, lors de la c\u00e9r\u00e9monie d\u2019inauguration, sa fiert\u00e9 et celle du peuple malien face \u00e0 ce projet d\u2019envergure, soulignant que la nouvelle mine incarnait \u00abl\u2019avenir du Mali et son engagement dans la transition \u00e9nerg\u00e9tique\u00bb.<\/p>\n<p>Selon Bamada, le gisement de Goulamina poss\u00e8de des r\u00e9serves estim\u00e9es \u00e0 267 millions de tonnes de minerai, exploitables sur une dur\u00e9e de 23 ans, voire plus. Ces chiffres impressionnants \u2013 rel\u00e8ve le m\u00e9dia \u2013 positionnent le Mali en tant qu\u2019acteur cl\u00e9 dans le march\u00e9 mondial du lithium, largement utilis\u00e9 dans la fabrication de batteries pour v\u00e9hicules \u00e9lectriques.<\/p>\n<h2><strong>Accord \u00abgagnant-gagnant\u00bb avec la Chine<\/strong><\/h2>\n<p>En mai dernier, le gouvernement malien avait annonc\u00e9 la signature d\u2019un accord avec le g\u00e9ant chinois Ganfeng Lithium CO, sp\u00e9cialis\u00e9 dans la production du lithium, pour l\u2019exploitation de la mine de Goulamina, apr\u00e8s avoir ren\u00e9goci\u00e9 le contrat pr\u00e9c\u00e9dent avec la soci\u00e9t\u00e9 mini\u00e8re australienne Firefinch, \u00e0 la suite de \u00abmanquements graves\u00bb relev\u00e9s dans la gestion de la mine d\u2019or de Morila.<\/p>\n<p>Le gouvernement avait alors qualifi\u00e9 cet accord de \u00abgagnant-gagnant\u00bb avec la Chine, leader mondial dans ce domaine en tant que producteur des min\u00e9raux n\u00e9cessaires \u00e0 la fabrication des batteries pour v\u00e9hicules \u00e9lectriques. Auparavant, le gouvernement avait port\u00e9 les parts de l\u2019\u00c9tat dans ce gisement \u00e0 35% contre 20% \u00e0 la suite de l\u2019adoption d\u2019un nouveau code minier \u00abqui d\u00e9fend les int\u00e9r\u00eats vitaux du peuple malien\u00bb.<\/p>\n<p>Le Mali, dirig\u00e9 par le g\u00e9n\u00e9ral Assimi Go\u00efta depuis le coup d&rsquo;\u00c9tat de mai 2021, a promis de ren\u00e9gocier les contrats miniers avec les soci\u00e9t\u00e9s \u00e9trang\u00e8res, largement d\u00e9favorables pour le pays, faisant de la souverainet\u00e9 du Mali le principe de sa gouvernance, au m\u00eame titre que ses deux voisins, le Niger et le Burkina Faso.<\/p>\n<p>Les trois pays sah\u00e9liens avaient act\u00e9 le 6 juillet la cr\u00e9ation de la conf\u00e9d\u00e9ration de l\u2019Alliance des \u00c9tats du Sahel (AES) apr\u00e8s avoir quitt\u00e9 le 28 janvier la C\u00e9d\u00e9ao, une organisation qu\u2019ils jugent instrumentalis\u00e9e par la France et l\u2019Occident.<\/p>\n<\/div>\n<p><br \/>\n<br \/><a href=\"https:\/\/francais.rt.com\/afrique\/115378-mali-inaugure-importante-mine-lithium\" target=\"_blank\"\">Source link <\/a><\/p>\n","protected":false},"excerpt":{"rendered":"<p>Le Mali devient un acteur majeur du lithium avec le lancement de la mine de Goulamina, l\u2019un des plus grands gisements au monde de ce minerai essentiel \u00e0 la fabrication&hellip; <\/p>\n","protected":false},"author":1,"featured_media":2265,"comment_status":"open","ping_status":"open","sticky":false,"template":"","format":"standard","meta":{"footnotes":""},"categories":[1],"tags":[],"class_list":["post-2264","post","type-post","status-publish","format-standard","has-post-thumbnail","hentry","category-non-classe"],"_links":{"self":[{"href":"https:\/\/monde25.info\/index.php\/wp-json\/wp\/v2\/posts\/2264","targetHints":{"allow":["GET"]}}],"collection":[{"href":"https:\/\/monde25.info\/index.php\/wp-json\/wp\/v2\/posts"}],"about":[{"href":"https:\/\/monde25.info\/index.php\/wp-json\/wp\/v2\/types\/post"}],"author":[{"embeddable":true,"href":"https:\/\/monde25.info\/index.php\/wp-json\/wp\/v2\/users\/1"}],"replies":[{"embeddable":true,"href":"https:\/\/monde25.info\/index.php\/wp-json\/wp\/v2\/comments?post=2264"}],"version-history":[{"count":0,"href":"https:\/\/monde25.info\/index.php\/wp-json\/wp\/v2\/posts\/2264\/revisions"}],"wp:featuredmedia":[{"embeddable":true,"href":"https:\/\/monde25.info\/index.php\/wp-json\/wp\/v2\/media\/2265"}],"wp:attachment":[{"href":"https:\/\/monde25.info\/index.php\/wp-json\/wp\/v2\/media?parent=2264"}],"wp:term":[{"taxonomy":"category","embeddable":true,"href":"https:\/\/monde25.info\/index.php\/wp-json\/wp\/v2\/categories?post=2264"},{"taxonomy":"post_tag","embeddable":true,"href":"https:\/\/monde25.info\/index.php\/wp-json\/wp\/v2\/tags?post=2264"}],"curies":[{"name":"wp","href":"https:\/\/api.w.org\/{rel}","templated":true}]}}