{"id":22649,"date":"2026-01-19T13:26:35","date_gmt":"2026-01-19T12:26:35","guid":{"rendered":"https:\/\/monde25.info\/index.php\/2026\/01\/19\/le-gouvernement-na-rien-donne-de-nouveau-aux-socialistes-estime-coquerel-rt-en-francais\/"},"modified":"2026-01-19T13:26:35","modified_gmt":"2026-01-19T12:26:35","slug":"le-gouvernement-na-rien-donne-de-nouveau-aux-socialistes-estime-coquerel-rt-en-francais","status":"publish","type":"post","link":"https:\/\/monde25.info\/index.php\/2026\/01\/19\/le-gouvernement-na-rien-donne-de-nouveau-aux-socialistes-estime-coquerel-rt-en-francais\/","title":{"rendered":"le gouvernement n\u2019a \u00abrien donn\u00e9\u00bb de nouveau aux socialistes, estime Coquerel \u2014 RT en fran\u00e7ais"},"content":{"rendered":"<p> <br \/>\n<br \/><img decoding=\"async\" src=\"https:\/\/mf.b37mrtl.ru\/french\/images\/2026.01\/thumbnail\/696e18ad87f3ec25360f479b.jpg\" \/><\/p>\n<div>\n<p class=\"text__summary\">\n                                        Alors qu\u2019un potentiel recours au 49.3 est envisag\u00e9 par le gouvernement fran\u00e7ais, et que le patron des socialistes \u00e0 l\u2019Assembl\u00e9e s\u2019est dit pr\u00eat \u00e0 \u00abune non-censure\u00bb, le pr\u00e9sident de la Commission des Finances de l\u2019Assembl\u00e9e nationale \u00c9ric Coquerel a fustig\u00e9 ce 19 janvier l\u2019attitude du groupe PS, dont les membres ont \u00e9t\u00e9 \u00e9lus sur le projet du NFP.\n                                    <\/p>\n<p>\u00ab\u00a0On n\u2019a pas \u00e9t\u00e9 \u00e9lu pour permettre au macronisme de continuer \u00e0 s\u00e9vir dans le pays\u00a0\u00bb, <a target=\"_blank\" href=\"https:\/\/www.youtube.com\/watch?v=ErQAY48iv1I\">a d\u00e9clar\u00e9<\/a> ce 19 janvier sur Sud Radio \u00c9ric Coquerel, alors que le gouvernement envisage sur le budget un \u00e9ventuel recours \u00e0 l\u2019article 49, alin\u00e9a 3, de la Constitution ou aux ordonnances. \u00ab\u00a0On n\u2019a pas \u00e9t\u00e9 \u00e9lu pour permettre au macronisme de continuer \u00e0 s\u00e9vir dans le pays\u00a0\u00bb, a insist\u00e9 le d\u00e9put\u00e9 insoumis, renvoyant au programme du Nouveau Front populaire sur lequel ont \u00e9galement \u00e9t\u00e9 \u00e9lus les d\u00e9put\u00e9s socialistes et qui est \u00ab\u00a0\u00e0 l\u2019antith\u00e8se de ce qui est en train d\u2019\u00eatre fait\u00a0\u00bb.<\/p>\n<p>\u00ab\u00a0Nous pouvons envisager, en effet, une non-censure\u00a0\u00bb, avait d\u00e9clar\u00e9 plus t\u00f4t dans la matin\u00e9e Boris Vallaud, pr\u00e9sident du groupe socialiste \u00e0 l\u2019Assembl\u00e9e nationale, au micro de RTL, en cas de recours au 49.3 par S\u00e9bastien Lecornu. \u00ab\u00a0Il n\u2019est pas notre budget, il est d\u2019une certaine mani\u00e8re l\u2019addition de huit ans d\u2019une politique que nous condamnons\u00a0\u00bb, a-t-il \u00e9galement d\u00e9clar\u00e9, assurant avoir \u00ab\u00a0fait le choix d\u2019\u00eatre une opposition utile\u00a0\u00bb dans un \u00ab\u00ad\u00a0Parlement sans majorit\u00e9\u00a0\u00bb. Un groupe PS qui avait, mi-octobre, <a target=\"_blank\" href=\"https:\/\/francais.rt.com\/france\/126399-crise-politique-france-gouvernement-lecornu\">sauv\u00e9 le gouvernement<\/a> Lecornu II naissant.<\/p>\n<p>\u00ab\u00a0J\u2019ai un respect pour ce qu\u2019on dit \u00e0 nos \u00e9lecteurs et l\u00e0 ce que s\u2019appr\u00eate \u00e0 faire le groupe socialiste c\u2019est permettre \u00e0 ceux qui ont \u00e9t\u00e9 battus de continuer \u00e0 s\u00e9vir pendant un an\u00a0\u00bb, a pour sa part insist\u00e9\u00a0\u00c9ric Coquerel. \u00ab\u00a0On n\u2019a pas le temps de \u00e7a\u00a0! On a besoin d\u2019un budget tr\u00e8s diff\u00e9rent, qui relancerait l\u2019activit\u00e9 \u00e9conomique, qui relancerait les investissements, qui permettrait justement d\u2019aller chercher l\u2019argent l\u00e0 o\u00f9 il est, o\u00f9 monsieur Macron a permis qu\u2019il s\u2019accumule\u00a0\u00bb, a poursuivi le pr\u00e9sident de la Commission des finances de l\u2019Assembl\u00e9e nationale.<\/p>\n<h2>\u00ab Des gestes en trompe-l\u2019\u0153il \u00bb<\/h2>\n<p>Ce dernier a notamment mis une part de la responsabilit\u00e9 du trou dans les caisses de l\u2019\u00c9tat fran\u00e7ais sur le \u00ab\u00a0diff\u00e9rentiel de quelques personnes\u00a0\u00bb r\u00e9glant un imp\u00f4t sur le revenu qui selon lui \u00ab\u00a0n\u2019a aucun rapport avec leurs revenus effectifs\u00a0\u00bb. \u00ab\u00a0Cela co\u00fbte des dizaines de milliards \u00e0 l\u2019\u00c9tat, et ces gens-l\u00e0 il ne faudrait pas du tout les toucher\u00a0\u00bb, a affirm\u00e9 le d\u00e9put\u00e9 de Seine-Saint-Denis, balayant la port\u00e9e des annonces faites le 16 janvier par S\u00e9bastien Lecornu concernant les repas \u00e0 1 euro \u00ab\u00a0pour tous les \u00e9tudiants\u00a0\u00bb au restaurant universitaire d\u2019ici le mois de mai, ainsi qu\u2019une hausse moyenne de la prime d&rsquo;activit\u00e9 des m\u00e9nages les plus modestes de 50 euros par mois.<\/p>\n<p>Des annonces auxquelles est venue s\u2019ajouter, le 18 janvier, celle du maintien en 2026 de la surtaxe sur les b\u00e9n\u00e9fices des grandes entreprises, et qui sont toutes pr\u00e9sent\u00e9es par la presse fran\u00e7aise comme des \u00ab\u00a0concessions fortes\u00a0\u00bb au PS.<\/p>\n<p>\u00ab\u00a0C\u2019est un compromis, qui lui est impos\u00e9\u00a0[\u2026]. Il est en train de donner quelque chose qui lui a \u00e9t\u00e9 impos\u00e9\u00a0\u00bb par le Parlement, <a target=\"_blank\" href=\"https:\/\/www.youtube.com\/watch?v=ErQAY48iv1I\">a balay\u00e9<\/a> \u00c9ric Coquerel, estimant que\u00a0le gouvernement n\u2019a \u00ab\u00a0rien donn\u00e9\u00a0\u00bb aux socialistes. \u00ab\u00a0Les seules nouvelles mesures c\u2019est le repas \u00e0 un euro pour les \u00e9tudiants et la prime d\u2019activit\u00e9 de 50 euros par mois\u00a0\u00bb, a poursuivi l\u2019\u00e9lu insoumis, estimant l\u2019ensemble de ces mesures fra\u00eechement annonc\u00e9es par le gouvernement \u00e0 \u00ab un milliard \u00bb d\u2019euros pour les caisses de l\u2019\u00c9tat.<\/p>\n<p>\u00ab\u00a0Mais si vous regardez dans le m\u00eame temps les coupes budg\u00e9taires qui vont \u00eatre impos\u00e9es \u2014 y compris sur les m\u00eames minist\u00e8res \u2014 vous vous apercevez qu\u2019on donne quelque chose d\u2019une main \u2014 un peu, les miettes \u2014 et de l\u2019autre c\u00f4t\u00e9 on prend beaucoup\u00a0\u00bb, a-t-il \u00e9tay\u00e9, renvoyant notamment \u00e0 une baisse de 200 millions\u00a0d\u2019euros sur deux ans\u00a0des d\u00e9penses destin\u00e9es \u00e0 la vie \u00e9tudiante, loin des 90 millions que pourraient co\u00fbter ces repas \u00e0 1 euro, ou encore au fait que \u00ab\u00a0tous les contrats aid\u00e9s vont \u00eatre sacrifi\u00e9s\u00a0\u00bb.<\/p>\n<\/div>\n<p><br \/>\n<br \/><a href=\"https:\/\/francais.rt.com\/france\/129533-crise-politique-gouvernement-socialistes-coquerel\" target=\"_blank\"\">Source link <\/a><\/p>\n","protected":false},"excerpt":{"rendered":"<p>Alors qu\u2019un potentiel recours au 49.3 est envisag\u00e9 par le gouvernement fran\u00e7ais, et que le patron des socialistes \u00e0 l\u2019Assembl\u00e9e s\u2019est dit pr\u00eat \u00e0 \u00abune non-censure\u00bb, le pr\u00e9sident de la&hellip; <\/p>\n","protected":false},"author":1,"featured_media":22650,"comment_status":"open","ping_status":"open","sticky":false,"template":"","format":"standard","meta":{"footnotes":""},"categories":[1],"tags":[],"class_list":["post-22649","post","type-post","status-publish","format-standard","has-post-thumbnail","hentry","category-non-classe"],"_links":{"self":[{"href":"https:\/\/monde25.info\/index.php\/wp-json\/wp\/v2\/posts\/22649","targetHints":{"allow":["GET"]}}],"collection":[{"href":"https:\/\/monde25.info\/index.php\/wp-json\/wp\/v2\/posts"}],"about":[{"href":"https:\/\/monde25.info\/index.php\/wp-json\/wp\/v2\/types\/post"}],"author":[{"embeddable":true,"href":"https:\/\/monde25.info\/index.php\/wp-json\/wp\/v2\/users\/1"}],"replies":[{"embeddable":true,"href":"https:\/\/monde25.info\/index.php\/wp-json\/wp\/v2\/comments?post=22649"}],"version-history":[{"count":0,"href":"https:\/\/monde25.info\/index.php\/wp-json\/wp\/v2\/posts\/22649\/revisions"}],"wp:featuredmedia":[{"embeddable":true,"href":"https:\/\/monde25.info\/index.php\/wp-json\/wp\/v2\/media\/22650"}],"wp:attachment":[{"href":"https:\/\/monde25.info\/index.php\/wp-json\/wp\/v2\/media?parent=22649"}],"wp:term":[{"taxonomy":"category","embeddable":true,"href":"https:\/\/monde25.info\/index.php\/wp-json\/wp\/v2\/categories?post=22649"},{"taxonomy":"post_tag","embeddable":true,"href":"https:\/\/monde25.info\/index.php\/wp-json\/wp\/v2\/tags?post=22649"}],"curies":[{"name":"wp","href":"https:\/\/api.w.org\/{rel}","templated":true}]}}