{"id":22655,"date":"2026-01-19T15:38:37","date_gmt":"2026-01-19T14:38:37","guid":{"rendered":"https:\/\/monde25.info\/index.php\/2026\/01\/19\/feux-au-chili-au-moins-19-morts-et-20-000-hectares-de-foret-brules\/"},"modified":"2026-01-19T15:38:37","modified_gmt":"2026-01-19T14:38:37","slug":"feux-au-chili-au-moins-19-morts-et-20-000-hectares-de-foret-brules","status":"publish","type":"post","link":"https:\/\/monde25.info\/index.php\/2026\/01\/19\/feux-au-chili-au-moins-19-morts-et-20-000-hectares-de-foret-brules\/","title":{"rendered":"Feux au Chili\u00a0: au moins 19 morts et 20 000 hectares de for\u00eat br\u00fbl\u00e9s"},"content":{"rendered":"<p> <br \/>\n<br \/><img loading=\"lazy\" decoding=\"async\" src=\"https:\/\/reporterre.net\/local\/cache-vignettes\/L700xH467\/afp__20260118__aa_18012026_2609239__v1__highres__aerialimagesshowdevastationfromfire_1_-f1e94.jpg?1768832774\" class=\"spip_logo\" width=\"700\" height=\"467\" alt=\"\" \/><\/p>\n<p>Au moins 19 personnes sont mortes et 50\u00a0000 autres ont \u00e9t\u00e9 \u00e9vacu\u00e9es en raison de feux de for\u00eat d\u00e9vastateurs dans le sud du Chili. Le pr\u00e9sident chilien, Gabriel Boric, a d\u00e9clar\u00e9 le 18\u00a0janvier l&rsquo;\u00e9tat de catastrophe dans les r\u00e9gions de \u00d1uble et Biob\u00edo, \u00e0 environ 500\u00a0km au sud de la capitale, Santiago. Selon les autorit\u00e9s, environ 250\u00a0maisons ont \u00e9t\u00e9 d\u00e9truites. <br class=\"autobr\" \/><br \/>\nLa Corporation nationale foresti\u00e8re du Chili (Conaf) a indiqu\u00e9 que les pompiers luttaient, le 18\u00a0janvier, contre plus de 30\u00a0incendies\u00a0(\u2026)<\/p>\n<p>                    <a target=\"_blank\" href=\"https:\/\/reporterre.net\/Feux-au-Chili-au-moins-19-morts-et-20-000-hectares-de-foret-brules?utm_source=RSS&amp;utm_medium=RSS\">Lire la suite<\/a><\/p>\n<p>                    &#8211;<br \/>\n                        <a target=\"_blank\" href=\"https:\/\/reporterre.net\/Breves-20\" rel=\"directory\">En bref<\/a><\/p>\n<p>                    \/<br \/>\n                        <a target=\"_blank\" href=\"https:\/\/reporterre.net\/International\" rel=\"tag\">Monde<\/a><br \/>\n                    ,<br \/>\n                        <a target=\"_blank\" href=\"https:\/\/reporterre.net\/Megafeux\" rel=\"tag\">Incendies<\/a><br \/>\n<br \/><br \/>\n<br \/><a href=\"https:\/\/reporterre.net\/Feux-au-Chili-au-moins-19-morts-et-20-000-hectares-de-foret-brules\" target=\"_blank\"\">Source link <\/a><\/p>\n","protected":false},"excerpt":{"rendered":"<p>Au moins 19 personnes sont mortes et 50\u00a0000 autres ont \u00e9t\u00e9 \u00e9vacu\u00e9es en raison de feux de for\u00eat d\u00e9vastateurs dans le sud du Chili. Le pr\u00e9sident chilien, Gabriel Boric, a&hellip; <\/p>\n","protected":false},"author":1,"featured_media":0,"comment_status":"open","ping_status":"open","sticky":false,"template":"","format":"standard","meta":{"footnotes":""},"categories":[1],"tags":[],"class_list":["post-22655","post","type-post","status-publish","format-standard","hentry","category-non-classe"],"_links":{"self":[{"href":"https:\/\/monde25.info\/index.php\/wp-json\/wp\/v2\/posts\/22655","targetHints":{"allow":["GET"]}}],"collection":[{"href":"https:\/\/monde25.info\/index.php\/wp-json\/wp\/v2\/posts"}],"about":[{"href":"https:\/\/monde25.info\/index.php\/wp-json\/wp\/v2\/types\/post"}],"author":[{"embeddable":true,"href":"https:\/\/monde25.info\/index.php\/wp-json\/wp\/v2\/users\/1"}],"replies":[{"embeddable":true,"href":"https:\/\/monde25.info\/index.php\/wp-json\/wp\/v2\/comments?post=22655"}],"version-history":[{"count":0,"href":"https:\/\/monde25.info\/index.php\/wp-json\/wp\/v2\/posts\/22655\/revisions"}],"wp:attachment":[{"href":"https:\/\/monde25.info\/index.php\/wp-json\/wp\/v2\/media?parent=22655"}],"wp:term":[{"taxonomy":"category","embeddable":true,"href":"https:\/\/monde25.info\/index.php\/wp-json\/wp\/v2\/categories?post=22655"},{"taxonomy":"post_tag","embeddable":true,"href":"https:\/\/monde25.info\/index.php\/wp-json\/wp\/v2\/tags?post=22655"}],"curies":[{"name":"wp","href":"https:\/\/api.w.org\/{rel}","templated":true}]}}