{"id":22658,"date":"2026-01-19T16:44:37","date_gmt":"2026-01-19T15:44:37","guid":{"rendered":"https:\/\/monde25.info\/index.php\/2026\/01\/19\/climat-les-ponts-routes-et-voies-ferrees-ont-besoin-dune-adaptation-massive-et-urgente\/"},"modified":"2026-01-19T16:44:37","modified_gmt":"2026-01-19T15:44:37","slug":"climat-les-ponts-routes-et-voies-ferrees-ont-besoin-dune-adaptation-massive-et-urgente","status":"publish","type":"post","link":"https:\/\/monde25.info\/index.php\/2026\/01\/19\/climat-les-ponts-routes-et-voies-ferrees-ont-besoin-dune-adaptation-massive-et-urgente\/","title":{"rendered":"Climat\u00a0: les ponts, routes et voies ferr\u00e9es ont besoin d&#039;une adaptation \u00ab\u00a0massive et urgente\u00a0\u00bb"},"content":{"rendered":"<p> <br \/>\n<br \/><img loading=\"lazy\" decoding=\"async\" src=\"https:\/\/reporterre.net\/local\/cache-vignettes\/L700xH467\/capture_d_ecran_du_2024-06-11_15-29-29-2-a301c.jpg?1768837219\" class=\"spip_logo\" width=\"700\" height=\"467\" alt=\"\" \/><\/p>\n<p>Routes, ponts, r\u00e9seaux ferroviaires et fluviaux\u2026 Nos infrastructures de transport vont mal, la faute au changement climatique, et \u00e0 l&rsquo;inaction politique. Telle est l&rsquo;alerte lanc\u00e9e par le Conseil \u00e9conomique, social et environnemental (Cese) le 13\u00a0janvier. <br class=\"autobr\" \/><br \/>\nL&rsquo;instance appelle ainsi \u00e0 \u00ab<small class=\"fine d-inline\">\u00a0<\/small>investir de mani\u00e8re massive et urgente dans l&rsquo;adaptation des infrastructures<small class=\"fine d-inline\">\u00a0<\/small>\u00bb. Vagues de chaleur, inondations, retrait-gonflement des argiles, submersion marine\u2026 Autant d&rsquo;\u00e9v\u00e9nements climatiques amen\u00e9s \u00e0\u00a0(\u2026)<\/p>\n<p>                    <a target=\"_blank\" href=\"https:\/\/reporterre.net\/Ponts-routes-et-voies-ferrees-ont-besoin-d-une-adaptation-massive-et-urgente-au?utm_source=RSS&amp;utm_medium=RSS\">Lire la suite<\/a><\/p>\n<p>                    &#8211;<br \/>\n                        <a target=\"_blank\" href=\"https:\/\/reporterre.net\/Breves-20\" rel=\"directory\">En bref<\/a><\/p>\n<p>                    \/<br \/>\n                        <a target=\"_blank\" href=\"https:\/\/reporterre.net\/Climat-18\" rel=\"tag\">Climat <\/a><br \/>\n                    ,<br \/>\n                        <a target=\"_blank\" href=\"https:\/\/reporterre.net\/Transports\" rel=\"tag\">Transports<\/a><br \/>\n<br \/><br \/>\n<br \/><a href=\"https:\/\/reporterre.net\/Ponts-routes-et-voies-ferrees-ont-besoin-d-une-adaptation-massive-et-urgente-au\" target=\"_blank\"\">Source link <\/a><\/p>\n","protected":false},"excerpt":{"rendered":"<p>Routes, ponts, r\u00e9seaux ferroviaires et fluviaux\u2026 Nos infrastructures de transport vont mal, la faute au changement climatique, et \u00e0 l&rsquo;inaction politique. Telle est l&rsquo;alerte lanc\u00e9e par le Conseil \u00e9conomique, social&hellip; <\/p>\n","protected":false},"author":1,"featured_media":0,"comment_status":"open","ping_status":"open","sticky":false,"template":"","format":"standard","meta":{"footnotes":""},"categories":[1],"tags":[],"class_list":["post-22658","post","type-post","status-publish","format-standard","hentry","category-non-classe"],"_links":{"self":[{"href":"https:\/\/monde25.info\/index.php\/wp-json\/wp\/v2\/posts\/22658","targetHints":{"allow":["GET"]}}],"collection":[{"href":"https:\/\/monde25.info\/index.php\/wp-json\/wp\/v2\/posts"}],"about":[{"href":"https:\/\/monde25.info\/index.php\/wp-json\/wp\/v2\/types\/post"}],"author":[{"embeddable":true,"href":"https:\/\/monde25.info\/index.php\/wp-json\/wp\/v2\/users\/1"}],"replies":[{"embeddable":true,"href":"https:\/\/monde25.info\/index.php\/wp-json\/wp\/v2\/comments?post=22658"}],"version-history":[{"count":0,"href":"https:\/\/monde25.info\/index.php\/wp-json\/wp\/v2\/posts\/22658\/revisions"}],"wp:attachment":[{"href":"https:\/\/monde25.info\/index.php\/wp-json\/wp\/v2\/media?parent=22658"}],"wp:term":[{"taxonomy":"category","embeddable":true,"href":"https:\/\/monde25.info\/index.php\/wp-json\/wp\/v2\/categories?post=22658"},{"taxonomy":"post_tag","embeddable":true,"href":"https:\/\/monde25.info\/index.php\/wp-json\/wp\/v2\/tags?post=22658"}],"curies":[{"name":"wp","href":"https:\/\/api.w.org\/{rel}","templated":true}]}}