{"id":22663,"date":"2026-01-19T18:23:36","date_gmt":"2026-01-19T17:23:36","guid":{"rendered":"https:\/\/monde25.info\/index.php\/2026\/01\/19\/trump-dit-au-premier-ministre-norvegien-ne-plus-se-sentir-lobligation-de-se-consacrer-uniquement-a-la-paix\/"},"modified":"2026-01-19T18:23:36","modified_gmt":"2026-01-19T17:23:36","slug":"trump-dit-au-premier-ministre-norvegien-ne-plus-se-sentir-lobligation-de-se-consacrer-uniquement-a-la-paix","status":"publish","type":"post","link":"https:\/\/monde25.info\/index.php\/2026\/01\/19\/trump-dit-au-premier-ministre-norvegien-ne-plus-se-sentir-lobligation-de-se-consacrer-uniquement-a-la-paix\/","title":{"rendered":"Trump dit au Premier ministre norv\u00e9gien ne plus se sentir \u00ab\u00a0l&rsquo;obligation de se consacrer uniquement \u00e0 la paix\u00a0\u00bb"},"content":{"rendered":"<p> <br \/>\n<\/p>\n<div>\n<p>Le pr\u00e9sident am\u00e9ricain Donald Trump a d\u00e9clar\u00e9 au Premier ministre norv\u00e9gien qu&rsquo;il n&rsquo;avait plus besoin de penser \u00ab\u00a0uniquement \u00e0 la paix\u00a0\u00bb apr\u00e8s avoir \u00e9chou\u00e9 \u00e0 remporter le prix Nobel de la paix, dans un message publi\u00e9 lundi.<\/p>\n<p>\u00ab\u00a0\u00c9tant donn\u00e9 que votre pays a d\u00e9cid\u00e9 de ne pas m&rsquo;attribuer le prix Nobel de la paix pour avoir mis fin \u00e0 +PLUS+ de 8 guerres, je ne me sens plus oblig\u00e9 de penser uniquement \u00e0 la paix\u00a0\u00bb, a d\u00e9clar\u00e9 M. Trump dans un message adress\u00e9 au Premier ministre norv\u00e9gien Jonas Gahr Store.<\/p>\n<p>Le pr\u00e9sident am\u00e9ricain affirme que penser \u00e0 la paix restera \u00ab\u00a0toujours pr\u00e9dominant\u00a0\u00bb, mais il estime qu&rsquo;il \u00ab\u00a0peut maintenant r\u00e9fl\u00e9chir \u00e0 ce qui est bon et appropri\u00e9 pour les \u00c9tats-Unis\u00a0\u00bb.<\/p>\n<p>Le cabinet de M. Store a confirm\u00e9 l&rsquo;authenticit\u00e9 de la lettre et a rappel\u00e9 que le prix Nobel de la paix n&rsquo;\u00e9tait pas d\u00e9cern\u00e9 par le gouvernement norv\u00e9gien.<\/p>\n<p>\u00ab\u00a0J&rsquo;ai clairement expliqu\u00e9, y compris au pr\u00e9sident Trump, ce qui est bien connu, \u00e0 savoir que le prix est d\u00e9cern\u00e9 par un comit\u00e9 Nobel ind\u00e9pendant et non par le gouvernement norv\u00e9gien\u00a0\u00bb, a indiqu\u00e9 M. Store.<\/p>\n<p>Dans son message au Premier ministre, Donald Trump r\u00e9it\u00e8re son souhait de voir les \u00c9tats-Unis prendre le contr\u00f4le du Groenland, un territoire autonome danois.<\/p>\n<p>\u00ab\u00a0Le Danemark ne peut pas prot\u00e9ger ce territoire contre la Russie ou la Chine\u00a0\u00bb, \u00e9crit-il. \u00ab\u00a0Le monde ne sera pas en s\u00e9curit\u00e9 tant que nous n&rsquo;aurons pas le Contr\u00f4le Total et Absolu du Groenland\u00a0\u00bb, a-t-il r\u00e9p\u00e9t\u00e9.<\/p>\n<p>Donald Trump a men\u00e9 une campagne acharn\u00e9e pour remporter le prix Nobel de la paix l&rsquo;ann\u00e9e derni\u00e8re, pour ce qu&rsquo;il qualifie d&rsquo;efforts visant \u00e0 mettre fin \u00e0 huit guerres.<\/p>\n<p>Le prix a \u00e9t\u00e9 d\u00e9cern\u00e9 \u00e0 l&rsquo;opposante v\u00e9n\u00e9zu\u00e9lienne Maria Corina Machado, qui s&rsquo;est rendue \u00e0 Oslo le mois dernier juste apr\u00e8s la remise du prix, apr\u00e8s avoir fui le Venezuela en bateau.<\/p>\n<p>Elle a d\u00e9di\u00e9 le prix \u00e0 Donald Trump et lui a remis sa m\u00e9daille la semaine derni\u00e8re.<\/p>\n<\/div>\n<p><script>(function(d, s, id) {  var js, fjs = d.getElementsByTagName(s)[0];  if (d.getElementById(id)) return;  js = d.createElement(s); js.id = id;  js.src = \"\/\/connect.facebook.net\/fr_FR\/sdk.js#xfbml=1&version=v2.3\";  fjs.parentNode.insertBefore(js, fjs);}(document, \"script\", \"facebook-jssdk\"));<\/script><br \/>\n<br \/><br \/>\n<br \/><a href=\"https:\/\/www.francesoir.fr\/politique-monde\/trump-dit-au-premier-ministre-norvegien-ne-plus-se-sentir-l-obligation-de-se\" target=\"_blank\"\">Source link <\/a><\/p>\n","protected":false},"excerpt":{"rendered":"<p>Le pr\u00e9sident am\u00e9ricain Donald Trump a d\u00e9clar\u00e9 au Premier ministre norv\u00e9gien qu&rsquo;il n&rsquo;avait plus besoin de penser \u00ab\u00a0uniquement \u00e0 la paix\u00a0\u00bb apr\u00e8s avoir \u00e9chou\u00e9 \u00e0 remporter le prix Nobel de&hellip; <\/p>\n","protected":false},"author":1,"featured_media":22664,"comment_status":"open","ping_status":"open","sticky":false,"template":"","format":"standard","meta":{"footnotes":""},"categories":[1],"tags":[],"class_list":["post-22663","post","type-post","status-publish","format-standard","has-post-thumbnail","hentry","category-non-classe"],"_links":{"self":[{"href":"https:\/\/monde25.info\/index.php\/wp-json\/wp\/v2\/posts\/22663","targetHints":{"allow":["GET"]}}],"collection":[{"href":"https:\/\/monde25.info\/index.php\/wp-json\/wp\/v2\/posts"}],"about":[{"href":"https:\/\/monde25.info\/index.php\/wp-json\/wp\/v2\/types\/post"}],"author":[{"embeddable":true,"href":"https:\/\/monde25.info\/index.php\/wp-json\/wp\/v2\/users\/1"}],"replies":[{"embeddable":true,"href":"https:\/\/monde25.info\/index.php\/wp-json\/wp\/v2\/comments?post=22663"}],"version-history":[{"count":0,"href":"https:\/\/monde25.info\/index.php\/wp-json\/wp\/v2\/posts\/22663\/revisions"}],"wp:featuredmedia":[{"embeddable":true,"href":"https:\/\/monde25.info\/index.php\/wp-json\/wp\/v2\/media\/22664"}],"wp:attachment":[{"href":"https:\/\/monde25.info\/index.php\/wp-json\/wp\/v2\/media?parent=22663"}],"wp:term":[{"taxonomy":"category","embeddable":true,"href":"https:\/\/monde25.info\/index.php\/wp-json\/wp\/v2\/categories?post=22663"},{"taxonomy":"post_tag","embeddable":true,"href":"https:\/\/monde25.info\/index.php\/wp-json\/wp\/v2\/tags?post=22663"}],"curies":[{"name":"wp","href":"https:\/\/api.w.org\/{rel}","templated":true}]}}