{"id":22669,"date":"2026-01-19T20:35:36","date_gmt":"2026-01-19T19:35:36","guid":{"rendered":"https:\/\/monde25.info\/index.php\/2026\/01\/19\/agnes-bertrand-activiste-majeure-de-laltermondialisme-sest-eteinte\/"},"modified":"2026-01-19T20:35:36","modified_gmt":"2026-01-19T19:35:36","slug":"agnes-bertrand-activiste-majeure-de-laltermondialisme-sest-eteinte","status":"publish","type":"post","link":"https:\/\/monde25.info\/index.php\/2026\/01\/19\/agnes-bertrand-activiste-majeure-de-laltermondialisme-sest-eteinte\/","title":{"rendered":"Agn\u00e8s Bertrand, activiste majeure de l&#039;altermondialisme, s&#039;est \u00e9teinte"},"content":{"rendered":"<p> <br \/>\n<br \/><img loading=\"lazy\" decoding=\"async\" src=\"https:\/\/reporterre.net\/local\/cache-vignettes\/L700xH467\/agnes2-7901c.jpg?1768839567\" class=\"spip_logo\" width=\"700\" height=\"467\" alt=\"\" \/><\/p>\n<p>On a oubli\u00e9 \u00e0 quel point la lutte altermondialiste a \u00e9t\u00e9 vive et importante\u00a0: autour de 2000, elle avait r\u00e9veill\u00e9 l&rsquo;anticapitalisme, ouvert de nouvelles perspectives aux forces de l&rsquo;\u00e9mancipation, mis des b\u00e2tons dans les roues de l&rsquo;Organisation mondiale du commerce (<span class=\"caps\">OMC<\/span>). Une des principales actrices de ce mouvement puissant, Agn\u00e8s Bertrand, s&rsquo;est \u00e9teinte \u00e0 N\u00eemes le 2\u00a0janvier\u00a02026. <br class=\"autobr\" \/><br \/>\nN\u00e9e en 1948, elle a grandi \u00e0 Saint-Germain-en-Laye dans une famille illustr\u00e9e par son arri\u00e8re-grand-p\u00e8re,\u00a0(\u2026)<\/p>\n<p>                    <a target=\"_blank\" href=\"https:\/\/reporterre.net\/Agnes-Bertrand-activiste-majeure-de-l-altermondialisme-s-est-eteinte?utm_source=RSS&amp;utm_medium=RSS\">Lire la suite<\/a><\/p>\n<p>                    &#8211;<br \/>\n                        <a target=\"_blank\" href=\"https:\/\/reporterre.net\/Breves-20\" rel=\"directory\">En bref<\/a><\/p>\n<p>                    \/<br \/>\n                        <a target=\"_blank\" href=\"https:\/\/reporterre.net\/Luttes\" rel=\"tag\">Luttes<\/a><br \/>\n<br \/><br \/>\n<br \/><a href=\"https:\/\/reporterre.net\/Agnes-Bertrand-activiste-majeure-de-l-altermondialisme-s-est-eteinte\" target=\"_blank\"\">Source link <\/a><\/p>\n","protected":false},"excerpt":{"rendered":"<p>On a oubli\u00e9 \u00e0 quel point la lutte altermondialiste a \u00e9t\u00e9 vive et importante\u00a0: autour de 2000, elle avait r\u00e9veill\u00e9 l&rsquo;anticapitalisme, ouvert de nouvelles perspectives aux forces de l&rsquo;\u00e9mancipation, mis&hellip; <\/p>\n","protected":false},"author":1,"featured_media":0,"comment_status":"open","ping_status":"open","sticky":false,"template":"","format":"standard","meta":{"footnotes":""},"categories":[1],"tags":[],"class_list":["post-22669","post","type-post","status-publish","format-standard","hentry","category-non-classe"],"_links":{"self":[{"href":"https:\/\/monde25.info\/index.php\/wp-json\/wp\/v2\/posts\/22669","targetHints":{"allow":["GET"]}}],"collection":[{"href":"https:\/\/monde25.info\/index.php\/wp-json\/wp\/v2\/posts"}],"about":[{"href":"https:\/\/monde25.info\/index.php\/wp-json\/wp\/v2\/types\/post"}],"author":[{"embeddable":true,"href":"https:\/\/monde25.info\/index.php\/wp-json\/wp\/v2\/users\/1"}],"replies":[{"embeddable":true,"href":"https:\/\/monde25.info\/index.php\/wp-json\/wp\/v2\/comments?post=22669"}],"version-history":[{"count":0,"href":"https:\/\/monde25.info\/index.php\/wp-json\/wp\/v2\/posts\/22669\/revisions"}],"wp:attachment":[{"href":"https:\/\/monde25.info\/index.php\/wp-json\/wp\/v2\/media?parent=22669"}],"wp:term":[{"taxonomy":"category","embeddable":true,"href":"https:\/\/monde25.info\/index.php\/wp-json\/wp\/v2\/categories?post=22669"},{"taxonomy":"post_tag","embeddable":true,"href":"https:\/\/monde25.info\/index.php\/wp-json\/wp\/v2\/tags?post=22669"}],"curies":[{"name":"wp","href":"https:\/\/api.w.org\/{rel}","templated":true}]}}