{"id":22672,"date":"2026-01-19T21:41:38","date_gmt":"2026-01-19T20:41:38","guid":{"rendered":"https:\/\/monde25.info\/index.php\/2026\/01\/19\/les-patrons-ne-croient-plus-la-parole-du-gouvernement\/"},"modified":"2026-01-19T21:41:38","modified_gmt":"2026-01-19T20:41:38","slug":"les-patrons-ne-croient-plus-la-parole-du-gouvernement","status":"publish","type":"post","link":"https:\/\/monde25.info\/index.php\/2026\/01\/19\/les-patrons-ne-croient-plus-la-parole-du-gouvernement\/","title":{"rendered":"Les patrons ne croient plus la parole du gouvernement"},"content":{"rendered":"<p> <br \/>\n<\/p>\n<div>\n<p>Les entreprises, qui supporteront en partie les frais des concessions accord\u00e9es par S\u00e9bastien Lecornu au PS pour \u00e9viter la censure du budget, se disent exc\u00e9d\u00e9es par les revirements du gouvernement les concernant, et inqui\u00e8tes de l&rsquo;avenir \u00e9conomique du pays.<\/p>\n<p>Plut\u00f4t qu&rsquo;un commentaire, le pr\u00e9sident du Medef, Patrick Martin, a post\u00e9 dimanche sur X une photographie du livre \u00ab\u00a0Bocuse\u00a0\u00bb de Gautier Battistella, retra\u00e7ant l&rsquo;histoire du c\u00e9l\u00e8bre chef \u00e9toil\u00e9, d\u00e9c\u00e9d\u00e9 en 2018.<\/p>\n<p>\u00ab\u00a0\u00c7a, c&rsquo;\u00e9tait de la grande cuisine, celle qui pla\u00e7ait la France en haut du podium mondial! Pas celle, politicienne, qui pour flatter l&rsquo;opinion accable les entreprises et va tous nous rel\u00e9guer dans les profondeurs du classement : pouvoir d&rsquo;achat, innovation, comp\u00e9titivit\u00e9\u00a0\u00bb, a lanc\u00e9 le leader patronal.<\/p>\n<p>Le retour de la surtaxe d&rsquo;imp\u00f4t sur les soci\u00e9t\u00e9s (IS) pour les grandes entreprises &#8211; les ETI, entreprises de taille interm\u00e9diaire, seront cette fois \u00e9pargn\u00e9es &#8211; pour un montant d&rsquo;environ 8 milliards d&rsquo;euros, exasp\u00e8re particuli\u00e8rement.<\/p>\n<p>En effet, il avait \u00e9t\u00e9 promis aux entreprises que cet imp\u00f4t, initi\u00e9 dans le budget 2025, qui touche notamment le luxe et les banques, ne serait pas reconduit.<\/p>\n<p>Il n&rsquo;est m\u00eame pas garanti que ce sera la derni\u00e8re fois. Le gouverneur de la Banque de France, Fran\u00e7ois Villeroy de Galhau, le 10 janvier sur France Inter, s&rsquo;\u00e9tait montr\u00e9 favorable \u00e0 ce qu&rsquo;une telle mesure perdure \u00ab\u00a0tant que le d\u00e9ficit public n&rsquo;est pas revenu sous 3\u2009%\u00a0\u00bb du PIB. Or il n&rsquo;est pas pr\u00e9vu que cette situation se produise avant 2029.<\/p>\n<p>Quant \u00e0 la baisse progressive de la CVAE (cotisation sur la valeur ajout\u00e9e des entreprises), imp\u00f4t de production dont les gouvernements successifs promettent depuis 2022 l&rsquo;\u00e9radication d&rsquo;ici 2027, elle ne baissera pas cette ann\u00e9e, contrairement aux engagements du budget initial.<\/p>\n<p>M\u00eame si les entreprises adh\u00e9rentes de la CPME, deuxi\u00e8me organisation patronale, ne sont pas concern\u00e9es directement par la surtaxe d&rsquo;IS, \u00ab\u00a0on sait bien qu&rsquo;il y aura des r\u00e9percussions sur les sous-traitants\u00a0\u00bb PME, d\u00e9clar\u00e9 \u00e0 l&rsquo;AFP son pr\u00e9sident, Amir Reza-Tofighi.<\/p>\n<p>Surtout, ces revirements sont \u00ab\u00a0un signal terrible pour la parole politique : \u00e7a veut dire qu&rsquo;elle n&rsquo;a plus aucune valeur\u00a0\u00bb, ajoute-t-il.<\/p>\n<p>M\u00eame si la CPME appellera en d\u00e9finitive \u00e0 ce que \u00ab\u00a0le budget soit valid\u00e9\u00a0\u00bb, \u00ab\u00a0c&rsquo;est un budget de renoncement\u00a0\u00bb, insiste-t-il.<\/p>\n<p>\u00ab\u00a0Budget de renoncement\u00a0\u00bb, d\u00e9clare aussi \u00e0 l&rsquo;AFP Olivier Schiller, pr\u00e9sident de Septodont (mat\u00e9riel dentaire), vice-pr\u00e9sident du Mouvement des ETI et membre du collectif de patrons cr\u00e9\u00e9 en novembre, \u00ab\u00a0Trop c&rsquo;est trop\u00a0\u00bb.<\/p>\n<p>Selon lui, \u00ab\u00a0la politique mise en \u0153uvre aujourd&rsquo;hui est \u00e0 rebours\u00a0\u00bb de la politique de l&rsquo;offre et \u00ab\u00a0g\u00e9n\u00e8re \u00e0 la fois la col\u00e8re et un profond sentiment d&rsquo;attentisme chez les chefs d\u2019entreprises\u00a0\u00bb.<\/p>\n<p>L&rsquo;Afep (Association fran\u00e7aise des entreprises priv\u00e9es), lobby puissant autant que discret, ne commentait pas les mesures, lundi.<\/p>\n<p>N\u00e9anmoins, un repr\u00e9sentant des grandes entreprises, proche de cette association, jugeait \u00e9galement aupr\u00e8s de l&rsquo;AFP que le maintien de la surtaxe d&rsquo;IS \u00ab\u00a0constitue une rupture de la parole donn\u00e9e qui d\u00e9truit la confiance\u00a0\u00bb.<\/p>\n<p>\u00ab\u00a0Seize milliards d&rsquo;euros en moins dans l&rsquo;\u00e9conomie en deux ans, c&rsquo;est autant qui ne se diffuseront pas vers les sous-traitants, ne soutiendront pas la dynamique salariale et ne financeront pas l\u2019innovation et l&rsquo;investissement productif en France\u00a0\u00bb, estimait-il.<\/p>\n<p>\u00c0 un moment, ajoutait ce repr\u00e9sentant, o\u00f9 \u00ab\u00a0la p\u00e9riode de tension g\u00e9opolitique et d\u2019affrontements commerciaux, technologiques et arm\u00e9s que nous traversons\u00a0\u00bb n\u00e9cessite, pour \u00ab\u00a0r\u00e9duire nos d\u00e9pendances, un effort historique de production, d\u2019innovation et de comp\u00e9titivit\u00e9\u00a0\u00bb.<\/p>\n<p>\u00ab\u00a0On ne grandit pas un pays en attaquant ses champions\u00a0\u00bb, estimait-il encore, concluant par un avertissement : \u00ab\u00a0les d\u00e9cisions d&rsquo;implantation et d&rsquo;allocation de capital (des entreprises, NDLR) se prennent maintenant pour les cinq prochaines ann\u00e9es. Elles se prendront ailleurs\u00a0\u00bb.<\/p>\n<p>Pr\u00e9sident de l&rsquo;U2P (entreprises de proximit\u00e9), troisi\u00e8me organisation patronale, Michel Picon a soulign\u00e9 que le budget \u00ab\u00a0pr\u00e9serve les petites entreprises\u00a0\u00bb.<\/p>\n<p>\u00ab\u00a0Mais la lourde addition des grandes entreprises ne nous r\u00e9jouit pas car cela p\u00e8sera sur leurs investissements, sur l&#8217;emploi\u00a0\u00bb, a-t-il not\u00e9.<\/p>\n<\/div>\n<p><script>(function(d, s, id) {  var js, fjs = d.getElementsByTagName(s)[0];  if (d.getElementById(id)) return;  js = d.createElement(s); js.id = id;  js.src = \"\/\/connect.facebook.net\/fr_FR\/sdk.js#xfbml=1&version=v2.3\";  fjs.parentNode.insertBefore(js, fjs);}(document, \"script\", \"facebook-jssdk\"));<\/script><br \/>\n<br \/><br \/>\n<br \/><a href=\"https:\/\/www.francesoir.fr\/politique-france\/les-patrons-ne-croient-plus-la-parole-du-gouvernement\" target=\"_blank\"\">Source link <\/a><\/p>\n","protected":false},"excerpt":{"rendered":"<p>Les entreprises, qui supporteront en partie les frais des concessions accord\u00e9es par S\u00e9bastien Lecornu au PS pour \u00e9viter la censure du budget, se disent exc\u00e9d\u00e9es par les revirements du gouvernement&hellip; <\/p>\n","protected":false},"author":1,"featured_media":22673,"comment_status":"open","ping_status":"open","sticky":false,"template":"","format":"standard","meta":{"footnotes":""},"categories":[1],"tags":[],"class_list":["post-22672","post","type-post","status-publish","format-standard","has-post-thumbnail","hentry","category-non-classe"],"_links":{"self":[{"href":"https:\/\/monde25.info\/index.php\/wp-json\/wp\/v2\/posts\/22672","targetHints":{"allow":["GET"]}}],"collection":[{"href":"https:\/\/monde25.info\/index.php\/wp-json\/wp\/v2\/posts"}],"about":[{"href":"https:\/\/monde25.info\/index.php\/wp-json\/wp\/v2\/types\/post"}],"author":[{"embeddable":true,"href":"https:\/\/monde25.info\/index.php\/wp-json\/wp\/v2\/users\/1"}],"replies":[{"embeddable":true,"href":"https:\/\/monde25.info\/index.php\/wp-json\/wp\/v2\/comments?post=22672"}],"version-history":[{"count":0,"href":"https:\/\/monde25.info\/index.php\/wp-json\/wp\/v2\/posts\/22672\/revisions"}],"wp:featuredmedia":[{"embeddable":true,"href":"https:\/\/monde25.info\/index.php\/wp-json\/wp\/v2\/media\/22673"}],"wp:attachment":[{"href":"https:\/\/monde25.info\/index.php\/wp-json\/wp\/v2\/media?parent=22672"}],"wp:term":[{"taxonomy":"category","embeddable":true,"href":"https:\/\/monde25.info\/index.php\/wp-json\/wp\/v2\/categories?post=22672"},{"taxonomy":"post_tag","embeddable":true,"href":"https:\/\/monde25.info\/index.php\/wp-json\/wp\/v2\/tags?post=22672"}],"curies":[{"name":"wp","href":"https:\/\/api.w.org\/{rel}","templated":true}]}}