{"id":22681,"date":"2026-01-20T01:01:39","date_gmt":"2026-01-20T00:01:39","guid":{"rendered":"https:\/\/monde25.info\/index.php\/2026\/01\/20\/un-miroir-reflechissant-francesoir\/"},"modified":"2026-01-20T01:01:39","modified_gmt":"2026-01-20T00:01:39","slug":"un-miroir-reflechissant-francesoir","status":"publish","type":"post","link":"https:\/\/monde25.info\/index.php\/2026\/01\/20\/un-miroir-reflechissant-francesoir\/","title":{"rendered":"Un miroir r\u00e9fl\u00e9chissant | FranceSoir"},"content":{"rendered":"<p> <br \/>\n<\/p>\n<div>\n<p>\u00a0<\/p>\n<p>Comme Jean-Marie Bigard le montre dans son sketch \u00ab <em>Vu de devant, vu de derri\u00e8re<\/em> \u00bb, tout d\u00e9pend de l&rsquo;angle sous lequel on regarde une situation. En g\u00e9opolitique, ce relativisme est flagrant : le \u00ab gentil \u00bb d&rsquo;un camp devient le \u00ab m\u00e9chant \u00bb de l&rsquo;autre, selon que l&rsquo;on consomme les m\u00e9dias am\u00e9ricains ou ceux des BRICS.<\/p>\n<h5><strong>Le cas embl\u00e9matique : la capture de Maduro (3 janvier 2026)<\/strong><\/h5>\n<p>Le 3 janvier 2026, <a target=\"_blank\" href=\"https:\/\/www.csis.org\/analysis\/imagery-venezuela-shows-surgical-strike-not-shock-and-awe\">les forces sp\u00e9ciales am\u00e9ricaines<\/a> (Delta Force) ont lanc\u00e9 l&rsquo;op\u00e9ration Absolute Resolve : <a target=\"_blank\" href=\"https:\/\/www.brookings.edu\/articles\/making-sense-of-the-us-military-operation-in-venezuela\/\">frappes a\u00e9riennes sur Caracas et sites militaires<\/a>, <a target=\"_blank\" href=\"https:\/\/www.cfr.org\/articles\/guide-maduros-capture-and-venezuelas-uncertain-future\">capture nocturne<\/a> de Nicol\u00e1s Maduro et de son \u00e9pouse Cilia Flores dans leur r\u00e9sidence fortifi\u00e9e, exfiltration imm\u00e9diate vers un navire US puis New York. Trump, depuis Mar-a-Lago, a suivi l&rsquo;op\u00e9ration en direct comme un \u00ab <em>show TV<\/em> \u00bb, sans pertes am\u00e9ricaines.<\/p>\n<p><strong>Vu de Washington<\/strong> : une victoire \u00e9clatante contre <a target=\"_blank\" href=\"https:\/\/www.congress.gov\/crs-product\/IN12618\">un \u00ab narco-terroriste \u00bb accus\u00e9 depuis 2020<\/a> de diriger un cartel de drogue massif (C\u00e1rtel de los Soles), lib\u00e9rant le peuple v\u00e9n\u00e9zu\u00e9lien d&rsquo;une dictature corrompue. Trump se pose en Messie justicier.<\/p>\n<p><img decoding=\"async\" data-entity-uuid=\"a1d9d6cf-17d6-48ce-a261-e731ea10dd2a\" data-entity-type=\"file\" width=\"780\" height=\"470\" loading=\"lazy\" class=\"lazyload\" src=\"https:\/\/www.francesoir.fr\/sites\/default\/files\/inline-images\/image_960.png\"\/><\/p>\n<p><strong>Vu de Moscou, P\u00e9kin, Bras\u00edlia ou Pretoria<\/strong> : une agression imp\u00e9rialiste flagrante, <a target=\"_blank\" href=\"https:\/\/www.chathamhouse.org\/2026\/01\/us-capture-president-nicolas-maduro-and-attacks-venezuela-have-no-justification\">violation du droit international<\/a> et de la souverainet\u00e9 d&rsquo;un \u00c9tat. Des frappes ont caus\u00e9 au moins 80 morts (civils inclus, selon le New York Times), des destructions massives \u00e0 Caracas. Les BRICS d\u00e9noncent l&rsquo;expansionnisme US pour le contr\u00f4le du p\u00e9trole et la supr\u00e9matie du dollar.<\/p>\n<p>Ce manich\u00e9isme \u00e0 deux faces masque une r\u00e9alit\u00e9 plus profonde : Occident et Orient\/Asie forment souvent un seul camp \u2013 celui des \u00e9lites mondialistes. Les diff\u00e9rences (expansionnisme arm\u00e9 US vs. multipolarit\u00e9 pr\u00f4n\u00e9e par la Chine et la Russie) servent surtout \u00e0 diviser les peuples.<\/p>\n<h5><strong>La vraie guerre : mondialistes contre peuples<\/strong><\/h5>\n<p>Il n&rsquo;y a pas deux camps g\u00e9opolitiques qui s&rsquo;affrontent, mais une guerre unique : les \u00e9lites globales contre les peuples. Les mondialistes maintiennent leur domination en manipulant les opinions via des guerres proxy, des sanctions ou des interventions \u00ab humanitaires \u00bb. Ils placent des dirigeants dociles (ou f\u00e9lons) \u00e0 la t\u00eate des \u00c9tats pour piller les ressources au moindre co\u00fbt.<\/p>\n<p>Cette manipulation prosp\u00e8re sous le voile de la \u00ab d\u00e9mocratie \u00bb. Dans les r\u00e9gimes officiels despotiques comme dans les d\u00e9mocraties de fa\u00e7ade, les forces de l&rsquo;ordre (policiers, militaires) ex\u00e9cutent les ordres qui m\u00e8nent cette guerre contre leur propre peuple. Le degr\u00e9 de totalitarisme se mesure aux protections personnelles des dirigeants : plus elles sont massives, plus la dictature est profonde et le chef l\u00e2che.<\/p>\n<h5><strong>L&rsquo;hypocrisie \u00e0 son comble : Trump, Macron et l&rsquo;Iran<\/strong><\/h5>\n<p>Trump, recordman occidental des peines de mort, a menac\u00e9 l&rsquo;Iran d&rsquo;agir \u00ab <em>tr\u00e8s fort<\/em> \u00bb si T\u00e9h\u00e9ran ex\u00e9cutait des manifestants. Emmanuel Macron s&rsquo;est indign\u00e9 des r\u00e9pressions iraniennes, tout en matraquant, \u00e9borgnant et condamnant lourdement les Gilets jaunes ou opposants en France. Quant aux assassinats cibl\u00e9s ordonn\u00e9s par Macron (et Hollande avant lui), ils d\u00e9passent les 52 revendiqu\u00e9s par ce dernier \u2013 sans transparence sur les cibles ni les motifs.<\/p>\n<p>Le droit fran\u00e7ais qualifie ces actes d&rsquo;assassinats (art. 221-1 et 221-3 du Code p\u00e9nal). L&rsquo;extraterritorialit\u00e9 s&rsquo;applique (art. 113-6 et 113-7). Pour respecter l&rsquo;\u00c9tat de droit que ces dirigeants invoquent, pourquoi ne publient-ils pas les identit\u00e9s et les raisons\u00a0?<\/p>\n<h5><strong>Brisez le miroir<\/strong><\/h5>\n<p>Les commanditaires de crimes de masse trouvent toujours <strong>une \u00ab <\/strong><em><strong>raison<\/strong><\/em><strong> \u00bb<\/strong> (ici, le narcotrafic de Maduro) et <strong>une excuse<\/strong>. Tant qu&rsquo;ils contr\u00f4lent la propagande et les forces de l&rsquo;ordre, ils fanfaronnent. Mais l&rsquo;Histoire les jugera.<\/p>\n<p>Rappelons la v\u00e9rit\u00e9 cynique d&rsquo;un dictateur (dont le nom m&rsquo;\u00e9chappe, tant ils se ressemblent) : \u00ab <em>La premi\u00e8re cause de d\u00e9c\u00e8s dans le monde, ce sont les naissances.<\/em> \u00bb Woody Allen l&rsquo;avait dit autrement : \u00ab <em>La vie est une maladie mortelle sexuellement transmissible<\/em>. \u00bb Pierre Dac, lui, pr\u00e9f\u00e9rait : \u00ab <em>Vivre nuit gravement \u00e0 la sant\u00e9.<\/em> \u00bb<\/p>\n<p>Peuples du monde, n\u2019est-il point tant de <strong>briser le miroir des narratifs impos\u00e9s<\/strong>. Et d\u2019y voir clair : la vraie guerre n&rsquo;est pas entre nations, mais entre les \u00e9lites et nous. Unissez-nous contre les manipulateurs, avant qu&rsquo;ils ne nous divisent davantage.<\/p>\n<p>Partagez si vous voyez enfin l&rsquo;envers du d\u00e9cor.<\/p>\n<p>\u00a0<\/p>\n<\/div>\n<p><script>(function(d, s, id) {  var js, fjs = d.getElementsByTagName(s)[0];  if (d.getElementById(id)) return;  js = d.createElement(s); js.id = id;  js.src = \"\/\/connect.facebook.net\/fr_FR\/sdk.js#xfbml=1&version=v2.3\";  fjs.parentNode.insertBefore(js, fjs);}(document, \"script\", \"facebook-jssdk\"));<\/script><br \/>\n<br \/><br \/>\n<br \/><a href=\"https:\/\/www.francesoir.fr\/opinions-editos\/un-miroir-reflechissant\" target=\"_blank\"\">Source link <\/a><\/p>\n","protected":false},"excerpt":{"rendered":"<p>\u00a0 Comme Jean-Marie Bigard le montre dans son sketch \u00ab Vu de devant, vu de derri\u00e8re \u00bb, tout d\u00e9pend de l&rsquo;angle sous lequel on regarde une situation. En g\u00e9opolitique, ce&hellip; <\/p>\n","protected":false},"author":1,"featured_media":22682,"comment_status":"open","ping_status":"open","sticky":false,"template":"","format":"standard","meta":{"footnotes":""},"categories":[1],"tags":[],"class_list":["post-22681","post","type-post","status-publish","format-standard","has-post-thumbnail","hentry","category-non-classe"],"_links":{"self":[{"href":"https:\/\/monde25.info\/index.php\/wp-json\/wp\/v2\/posts\/22681","targetHints":{"allow":["GET"]}}],"collection":[{"href":"https:\/\/monde25.info\/index.php\/wp-json\/wp\/v2\/posts"}],"about":[{"href":"https:\/\/monde25.info\/index.php\/wp-json\/wp\/v2\/types\/post"}],"author":[{"embeddable":true,"href":"https:\/\/monde25.info\/index.php\/wp-json\/wp\/v2\/users\/1"}],"replies":[{"embeddable":true,"href":"https:\/\/monde25.info\/index.php\/wp-json\/wp\/v2\/comments?post=22681"}],"version-history":[{"count":0,"href":"https:\/\/monde25.info\/index.php\/wp-json\/wp\/v2\/posts\/22681\/revisions"}],"wp:featuredmedia":[{"embeddable":true,"href":"https:\/\/monde25.info\/index.php\/wp-json\/wp\/v2\/media\/22682"}],"wp:attachment":[{"href":"https:\/\/monde25.info\/index.php\/wp-json\/wp\/v2\/media?parent=22681"}],"wp:term":[{"taxonomy":"category","embeddable":true,"href":"https:\/\/monde25.info\/index.php\/wp-json\/wp\/v2\/categories?post=22681"},{"taxonomy":"post_tag","embeddable":true,"href":"https:\/\/monde25.info\/index.php\/wp-json\/wp\/v2\/tags?post=22681"}],"curies":[{"name":"wp","href":"https:\/\/api.w.org\/{rel}","templated":true}]}}