{"id":22683,"date":"2026-01-20T01:34:41","date_gmt":"2026-01-20T00:34:41","guid":{"rendered":"https:\/\/monde25.info\/index.php\/2026\/01\/20\/reactions-en-france-a-lannonce-dun-recours-au-49-3-sur-le-budget-rt-en-francais\/"},"modified":"2026-01-20T01:34:41","modified_gmt":"2026-01-20T00:34:41","slug":"reactions-en-france-a-lannonce-dun-recours-au-49-3-sur-le-budget-rt-en-francais","status":"publish","type":"post","link":"https:\/\/monde25.info\/index.php\/2026\/01\/20\/reactions-en-france-a-lannonce-dun-recours-au-49-3-sur-le-budget-rt-en-francais\/","title":{"rendered":"r\u00e9actions, en France, \u00e0 l\u2019annonce d\u2019un recours au 49.3 sur le budget \u2014 RT en fran\u00e7ais"},"content":{"rendered":"<p> <br \/>\n<br \/><img decoding=\"async\" src=\"https:\/\/mf.b37mrtl.ru\/french\/images\/2026.01\/thumbnail\/696e6c9a6f7ccc5bd7743b92.jpg\" \/><\/p>\n<div>\n<p class=\"text__summary\">\n                                        Avant m\u00eame l\u2019officialisation du recours au 49.3 par S\u00e9bastien Lecornu, ce 19 janvier apr\u00e8s-midi, les journalistes des cha\u00eenes d\u2019information ont parcouru leur carnet d\u2019adresse et \u00e9cum\u00e9 la salle des Quatre Colonnes afin de recueillir des r\u00e9actions au sein de la classe politique fran\u00e7aise. Floril\u00e8ge.\n                                    <\/p>\n<p>Apr\u00e8s un Conseil des ministres ce 19 janvier, S\u00e9bastien Lecornu a annonc\u00e9 sa d\u00e9cision de recourir \u00e0 l\u2019article 49 alin\u00e9a 3 de la Constitution fran\u00e7aise, permettant au gouvernement de passer en force au Parlement sur le budget. Une annonce qui avait \u00e9t\u00e9 anticip\u00e9e, apr\u00e8s que plusieurs m\u00e9dias avaient relay\u00e9 l\u2019information selon laquelle Lecornu avait opt\u00e9 pour le 49.3 au d\u00e9triment des ordonnances.<\/p>\n<p>Une d\u00e9cision motiv\u00e9e, selon le Premier ministre, par une d\u00e9t\u00e9rioration des choses autour du Projet de loi de Finances, sa parole de doter \u00ab\u00a0vite\u00a0\u00bb le pays d\u2019un budget \u00ab\u00a0\u00e0 5\u00a0%\u00a0\u00bb \u2013 au nom de la \u00ab\u00a0cr\u00e9dibilit\u00e9 de la signature de la France\u00a0\u00bb \u2013 ou encore son inqui\u00e9tude \u00ab\u00a0du d\u00e9calage entre la vie politique nationale et la vie internationale, g\u00e9opolitique, qui ne cesse de se d\u00e9r\u00e9gler\u00a0\u00bb.<\/p>\n<p>Cette d\u00e9cision ayant fuit\u00e9 dans les m\u00e9dias deux heures plus t\u00f4t, tout un ensemble de politiques ont eu l\u2019occasion de se prononcer au micro des cha\u00eenes d\u2019information sur cette d\u00e9cision du locataire de Matignon. \u00ab\u00a0Apr\u00e8s s\u2019\u00eatre engag\u00e9 \u00e0 ne pas utiliser le 49.3, comme quoi on voit bien une fois de plus que les promesses du camp macroniste n\u2019engagent que ceux qui y croient\u00a0\u00bb, a tacl\u00e9 au micro de LCI Marine Tondelier. Un \u00ab\u00a0camp macroniste qui ne tient que par la volont\u00e9 des socialistes de ne pas les censurer\u00a0\u00bb, a ajout\u00e9 la secr\u00e9taire nationale des \u00c9cologistes, sans toutefois confirmer d\u00e8s \u00e0 pr\u00e9sent si les d\u00e9put\u00e9s \u00e9cologistes prendraient part \u00e0 un projet de censure \u00e0 l\u2019encontre du gouvernement.<\/p>\n<p>\u00ab\u00a0Imm\u00e9diatement, oui\u00a0\u00bb, a pour sa part confirm\u00e9 \u00c9ric Coquerel, au micro de LCI, pr\u00e9cisant qu\u2019une premi\u00e8re motion de censure serait d\u00e9pos\u00e9e \u00ab\u00a0pour la partie recettes\u00a0\u00bb d\u00e8s le 20 janvier, suivie d\u2019une deuxi\u00e8me sur la partie d\u00e9penses le 23 janvier \u00ab\u00a0si on n\u2019a pas r\u00e9ussi \u00e0 censurer le gouvernement d\u2019ici l\u00e0\u00a0\u00bb. \u00ab\u00a0Je pr\u00e9f\u00e8re un retour aux urnes pour d\u00e9cider du cap \u00e9conomique de ce pays, plut\u00f4t que de subir dix-huit mois de plus de macronisme et de ses budgets qui ne correspondent ni aux attentes populaires ni aux besoins du pays\u00a0\u00bb, a poursuivi le d\u00e9put\u00e9 de Seine-Saint-Denis.<\/p>\n<p>\u00ab\u00a0Je dis ce soir que les socialistes ont vendu leur \u00e2me au diable et ont d\u00e9cid\u00e9 une nouvelle fois de sauver Emmanuel Macron, son Premier ministre, mais aussi sa politique de violence sociale inou\u00efe\u00a0\u00bb, a fustig\u00e9 au micro de CNews son homologue du Nord Aur\u00e9lien Le Coq, \u00e9galement en r\u00e9f\u00e9rence aux d\u00e9clarations des responsables du\u00a0PS laissant entendre qu&rsquo;ils ne prendraient pas part \u00e0 un vote de censure. \u00ab\u00a0Du c\u00f4t\u00e9 des Insoumis la r\u00e9action est ferme, est claire, \u00e7a sera la censure\u00a0: les macronistes n\u2019ont plus rien \u00e0 faire \u00e0 ce pouvoir, ils ont perdu les \u00e9lections, ils doivent partir\u00a0\u00bb, a insist\u00e9 le d\u00e9put\u00e9 LFI.<\/p>\n<p>\u00ab\u00a0La premi\u00e8re des promesses du Premier ministre, n\u2019oubliez pas, c\u2019\u00e9tait de donner un budget au pays\u00a0\u00bb a d\u00e9fendu devant les journalistes Prisca Thevenot, d\u00e9put\u00e9e ensemble pour la R\u00e9publique des Hauts-de-Seine, affirmant que S\u00e9bastien Lecornu a \u00ab\u00a0fait tout ce qui \u00e9tait en sa capacit\u00e9 pour le faire\u00a0\u00bb. \u00ab\u00a0Maintenant il n\u2019est pas en responsabilit\u00e9 par rapport aux forces politiques pr\u00e9sentes \u00e0 l\u2019Assembl\u00e9e nationale\u00a0\u00bb, a ajout\u00e9 cette ex-porte-parole du gouvernement.<\/p>\n<h3>La \u00ab\u00a0moins mauvaise des solutions\u00a0\u00bb, selon le PS<\/h3>\n<p>\u00ab\u00a0Effectivement nous avons n\u00e9goci\u00e9 des mesures de justice\u00a0\u00bb, a d\u00e9clar\u00e9 au micro de CNews Romain Eskenazi, porte-parole et d\u00e9put\u00e9 PS du Val-d\u2019Oise, pr\u00f4nant la n\u00e9cessit\u00e9 de \u00ab\u00a0chercher un accord\u00a0\u00bb en faveur d\u2019un \u00ab\u00a0budget dans l\u2019int\u00e9r\u00eat du pays\u00a0\u00bb et de pointer du doigt une \u00ab\u00a0coalition\u00a0\u00bb form\u00e9e par \u00ab\u00a0LR et la macronie\u00a0\u00bb. \u00ab\u00a0Il y a donc de fortes chances \u2013 je vais casser le suspens \u2013 que demain en r\u00e9union de groupe puis en bureau national on d\u00e9cide collectivement effectivement d\u2019acter un pacte de non-censure pour doter la France d\u2019un budget plus juste\u00a0\u00bb, a-t-il d\u00e9clar\u00e9 \u00e0 BFMTV, apr\u00e8s avoir \u00e9voqu\u00e9 la reconduite de la surtaxe sur l\u2019IS des plus grandes entreprises annonc\u00e9e la veille par la porte-parole du gouvernement.<\/p>\n<p>\u00ab\u00a0Si cela avait \u00e9t\u00e9 les ordonnances, cela aurait \u00e9t\u00e9 la version un du budget de monsieur Lecornu qui nous aurait \u00e9t\u00e9 soumise, ce que nous avions appel\u00e9 le mus\u00e9e des horreurs [\u2026] et donc cela aurait \u00e9t\u00e9 tr\u00e8s difficile pour nous de ne pas voter la motion de censure\u00a0\u00bb, a-t-il encore d\u00e9clar\u00e9, apr\u00e8s avoir \u00e9voqu\u00e9 la \u00ab\u00a0moins mauvaise des solutions\u00a0\u00bb dans le contexte parlementaire actuel.<\/p>\n<p>Une ligne similaire a \u00e9t\u00e9 observ\u00e9e du c\u00f4t\u00e9 des R\u00e9publicains (LR), dont le chef de file des d\u00e9put\u00e9s, Laurent Wauquiez a refus\u00e9 de se prononcer sur le vote d\u2019une motion de censure contre le gouvernement, assurant vouloir avant \u00ab\u00a0regarder dans le d\u00e9tail\u00a0\u00bb la copie du budget. \u00ab\u00a0C\u2019est uniquement par rapport \u00e0 cela qu\u2019on d\u00e9cidera\u00a0\u00bb, a-t-il insist\u00e9 aupr\u00e8s des journalistes. \u00ab\u00a0Depuis le d\u00e9but, en l\u2019absence de majorit\u00e9 \u00e0 l\u2019Assembl\u00e9e nationale, on sait que \u00e7a sera un budget imparfait\u00a0\u00bb, a-t-il fait valoir, \u00e9voquant la non-augmentation de l\u2019imp\u00f4t sur le revenu et la pr\u00e9servation de l\u2019abattement fiscal pour les retrait\u00e9s.<\/p>\n<p>Du c\u00f4t\u00e9 du Rassemblement national (RN), le parti va \u00e9galement prendre le chemin d\u2019une motion de censure. \u00ab\u00a0Est-ce qu\u2019il faut un mauvais budget\u00a0? La r\u00e9ponse est non\u00a0\u00bb, a d\u00e9clar\u00e9 Philippe Ballard, porte-parole du RN, aupr\u00e8s de LCI qui l\u2019interrogeait quant \u00e0 la potentielle \u00ab\u00a0mise en danger\u00a0\u00bb de la France que pourrait constituer une censure du gouvernement Lecornu.<\/p>\n<p>\u00ab Pour l\u2019instant il n\u2019y a aucune d\u00e9cision d\u2019arr\u00eat\u00e9e \u00bb, a rapport\u00e9 dans\u00a0un premier temps l\u2019\u00e9lu de l\u2019Oise, accusant les Socialistes et les R\u00e9publicains de s\u2019\u00eatre \u00ab mis d\u2019accord sur le dos des Fran\u00e7ais et [\u2026] sur le dos des entreprises \u00bb en r\u00e9f\u00e9rence \u00e0 l\u2019annonce par le gouvernement de la reconduite en 2026 de la surtaxation sur les b\u00e9n\u00e9fices des grandes entreprises. Plus tard, en d\u00e9but de soir\u00e9e, dans un message post\u00e9 sur X, la chef de file des d\u00e9put\u00e9s RN, Marine Le Pen a annonc\u00e9 le d\u00e9p\u00f4t d\u2019<a target=\"_blank\" href=\"https:\/\/x.com\/MLP_officiel\/status\/2013294187534229862\">une motion de censure<\/a>\u00a0par le parti.<\/p>\n<\/div>\n<p><br \/>\n<br \/><a href=\"https:\/\/francais.rt.com\/france\/129547-socialistes-critiques-annonce-lecornu-budget\" target=\"_blank\"\">Source link <\/a><\/p>\n","protected":false},"excerpt":{"rendered":"<p>Avant m\u00eame l\u2019officialisation du recours au 49.3 par S\u00e9bastien Lecornu, ce 19 janvier apr\u00e8s-midi, les journalistes des cha\u00eenes d\u2019information ont parcouru leur carnet d\u2019adresse et \u00e9cum\u00e9 la salle des Quatre&hellip; <\/p>\n","protected":false},"author":1,"featured_media":22684,"comment_status":"open","ping_status":"open","sticky":false,"template":"","format":"standard","meta":{"footnotes":""},"categories":[1],"tags":[],"class_list":["post-22683","post","type-post","status-publish","format-standard","has-post-thumbnail","hentry","category-non-classe"],"_links":{"self":[{"href":"https:\/\/monde25.info\/index.php\/wp-json\/wp\/v2\/posts\/22683","targetHints":{"allow":["GET"]}}],"collection":[{"href":"https:\/\/monde25.info\/index.php\/wp-json\/wp\/v2\/posts"}],"about":[{"href":"https:\/\/monde25.info\/index.php\/wp-json\/wp\/v2\/types\/post"}],"author":[{"embeddable":true,"href":"https:\/\/monde25.info\/index.php\/wp-json\/wp\/v2\/users\/1"}],"replies":[{"embeddable":true,"href":"https:\/\/monde25.info\/index.php\/wp-json\/wp\/v2\/comments?post=22683"}],"version-history":[{"count":0,"href":"https:\/\/monde25.info\/index.php\/wp-json\/wp\/v2\/posts\/22683\/revisions"}],"wp:featuredmedia":[{"embeddable":true,"href":"https:\/\/monde25.info\/index.php\/wp-json\/wp\/v2\/media\/22684"}],"wp:attachment":[{"href":"https:\/\/monde25.info\/index.php\/wp-json\/wp\/v2\/media?parent=22683"}],"wp:term":[{"taxonomy":"category","embeddable":true,"href":"https:\/\/monde25.info\/index.php\/wp-json\/wp\/v2\/categories?post=22683"},{"taxonomy":"post_tag","embeddable":true,"href":"https:\/\/monde25.info\/index.php\/wp-json\/wp\/v2\/tags?post=22683"}],"curies":[{"name":"wp","href":"https:\/\/api.w.org\/{rel}","templated":true}]}}