{"id":22685,"date":"2026-01-20T04:19:34","date_gmt":"2026-01-20T03:19:34","guid":{"rendered":"https:\/\/monde25.info\/index.php\/2026\/01\/20\/pistes-deneigees-pneus-cloutes-comment-les-quebecois-continuent-a-faire-du-velo-lhiver\/"},"modified":"2026-01-20T04:19:34","modified_gmt":"2026-01-20T03:19:34","slug":"pistes-deneigees-pneus-cloutes-comment-les-quebecois-continuent-a-faire-du-velo-lhiver","status":"publish","type":"post","link":"https:\/\/monde25.info\/index.php\/2026\/01\/20\/pistes-deneigees-pneus-cloutes-comment-les-quebecois-continuent-a-faire-du-velo-lhiver\/","title":{"rendered":"Pistes d\u00e9neig\u00e9es, pneus clout\u00e9s\u00a0: comment les Qu\u00e9becois continuent \u00e0 faire du v\u00e9lo l&#039;hiver"},"content":{"rendered":"<p> <br \/>\n<br \/><img loading=\"lazy\" decoding=\"async\" src=\"https:\/\/reporterre.net\/local\/cache-vignettes\/L700xH467\/bdurand_reporterre_36-9dd26.jpg?1768837660\" class=\"spip_logo\" width=\"700\" height=\"467\" alt=\"\" \/><\/p>\n<p>Malgr\u00e9 l&rsquo;hiver et la neige, les cyclistes de Montr\u00e9al ne rangent pas leur v\u00e9lo \u00e0 la saison froide. Elles et ils sont de plus en plus nombreux \u00e0 se d\u00e9placer \u00e0 deux roues, dans une m\u00e9tropole qui les prend progressivement en compte. <br class=\"autobr\" \/><br \/>\nMontr\u00e9al (Canada), reportage <br class=\"autobr\" \/><br \/>\nEn v\u00e9lo d&rsquo;hiver, il y a les n\u00e9ophytes, comme Hugo Daoust, 19\u00a0ans, qui s&rsquo;est rapproch\u00e9 depuis la banlieue sud pour \u00e9tudier \u00e0 Montr\u00e9al cette ann\u00e9e et d\u00e9couvrir, ainsi, que les biclous n&rsquo;avaient pas \u00e0 \u00eatre remis\u00e9s au garage d\u00e8s les\u00a0(\u2026)<\/p>\n<p>                    <a target=\"_blank\" href=\"https:\/\/reporterre.net\/Pistes-deneigees-pneus-cloutes-comment-les-Quebecois-continuent-a-faire-du-velo-l-hiver?utm_source=RSS&amp;utm_medium=RSS\">Lire la suite<\/a><\/p>\n<p>                    &#8211;<br \/>\n                        <a target=\"_blank\" href=\"https:\/\/reporterre.net\/Reportage\" rel=\"directory\">Reportage<\/a><\/p>\n<p>                    \/<br \/>\n                        <a target=\"_blank\" href=\"https:\/\/reporterre.net\/Photographies\" rel=\"tag\">Photographies<\/a><br \/>\n                    ,<br \/>\n                        <a target=\"_blank\" href=\"https:\/\/reporterre.net\/Transports\" rel=\"tag\">Transports<\/a><br \/>\n                    ,<br \/>\n                        <a target=\"_blank\" href=\"https:\/\/reporterre.net\/Alternatives\" rel=\"tag\">Alternatives<\/a><br \/>\n<br \/><br \/>\n<br \/><a href=\"https:\/\/reporterre.net\/Pistes-deneigees-pneus-cloutes-comment-les-Quebecois-continuent-a-faire-du-velo-l-hiver\" target=\"_blank\"\">Source link <\/a><\/p>\n","protected":false},"excerpt":{"rendered":"<p>Malgr\u00e9 l&rsquo;hiver et la neige, les cyclistes de Montr\u00e9al ne rangent pas leur v\u00e9lo \u00e0 la saison froide. Elles et ils sont de plus en plus nombreux \u00e0 se d\u00e9placer&hellip; <\/p>\n","protected":false},"author":1,"featured_media":0,"comment_status":"open","ping_status":"open","sticky":false,"template":"","format":"standard","meta":{"footnotes":""},"categories":[1],"tags":[],"class_list":["post-22685","post","type-post","status-publish","format-standard","hentry","category-non-classe"],"_links":{"self":[{"href":"https:\/\/monde25.info\/index.php\/wp-json\/wp\/v2\/posts\/22685","targetHints":{"allow":["GET"]}}],"collection":[{"href":"https:\/\/monde25.info\/index.php\/wp-json\/wp\/v2\/posts"}],"about":[{"href":"https:\/\/monde25.info\/index.php\/wp-json\/wp\/v2\/types\/post"}],"author":[{"embeddable":true,"href":"https:\/\/monde25.info\/index.php\/wp-json\/wp\/v2\/users\/1"}],"replies":[{"embeddable":true,"href":"https:\/\/monde25.info\/index.php\/wp-json\/wp\/v2\/comments?post=22685"}],"version-history":[{"count":0,"href":"https:\/\/monde25.info\/index.php\/wp-json\/wp\/v2\/posts\/22685\/revisions"}],"wp:attachment":[{"href":"https:\/\/monde25.info\/index.php\/wp-json\/wp\/v2\/media?parent=22685"}],"wp:term":[{"taxonomy":"category","embeddable":true,"href":"https:\/\/monde25.info\/index.php\/wp-json\/wp\/v2\/categories?post=22685"},{"taxonomy":"post_tag","embeddable":true,"href":"https:\/\/monde25.info\/index.php\/wp-json\/wp\/v2\/tags?post=22685"}],"curies":[{"name":"wp","href":"https:\/\/api.w.org\/{rel}","templated":true}]}}