{"id":22712,"date":"2026-01-20T14:12:42","date_gmt":"2026-01-20T13:12:42","guid":{"rendered":"https:\/\/monde25.info\/index.php\/2026\/01\/20\/la-finlande-rejoint-les-pays-epingles-pour-deficit-excessif\/"},"modified":"2026-01-20T14:12:42","modified_gmt":"2026-01-20T13:12:42","slug":"la-finlande-rejoint-les-pays-epingles-pour-deficit-excessif","status":"publish","type":"post","link":"https:\/\/monde25.info\/index.php\/2026\/01\/20\/la-finlande-rejoint-les-pays-epingles-pour-deficit-excessif\/","title":{"rendered":"la Finlande rejoint les pays \u00e9pingl\u00e9s pour d\u00e9ficit excessif"},"content":{"rendered":"<p> <br \/>\n<\/p>\n<div>\n<p>Les ministres europ\u00e9ens de l&rsquo;Economie et des Finances ont approuv\u00e9 mardi l&rsquo;ouverture d&rsquo;une proc\u00e9dure pour d\u00e9ficit excessif contre la Finlande, qui porte \u00e0 dix le nombre de pays de l&rsquo;UE \u00e9pingl\u00e9s \u00e0 ce titre.<\/p>\n<p>\u00ab\u00a0Nous avons d\u00e9cid\u00e9 d&rsquo;ouvrir une proc\u00e9dure pour d\u00e9ficit excessif contre la Finlande, \u00e9tant donn\u00e9 que son d\u00e9ficit a d\u00e9pass\u00e9 la limite (fix\u00e9e \u00e0 3%, ndlr) en 2024, atteignant 4,4%, et devrait l&rsquo;avoir de nouveau franchie en 2025, avec 4,3% du PIB\u00a0\u00bb, a annonc\u00e9 le ministre chypriote Makis Keravnos, dont le pays exerce la pr\u00e9sidence tournante de l&rsquo;UE.<\/p>\n<p>Dans le cadre de cette proc\u00e9dure, la Finlande devrait communiquer r\u00e9guli\u00e8rement sur ses efforts pour redresser ses comptes publics, et elle \u00ab\u00a0devra mettre un terme \u00e0 sa situation de d\u00e9ficit excessif d&rsquo;ici 2028\u00a0\u00bb, a ajout\u00e9 M. Keravnos.<\/p>\n<p>Cette d\u00e9cision porte \u00e0 <strong>dix le nombre de pays de l&rsquo;Union europ\u00e9enne sous le coup d&rsquo;une proc\u00e9dure pour d\u00e9ficit excessif, puisque l&rsquo;Autriche, la Belgique, la France, l&rsquo;Italie, la Hongrie, Malte, la Pologne, la Slovaquie et la Roumanie<\/strong> \u00e9taient d\u00e9j\u00e0 concern\u00e9s.<\/p>\n<p>La Commission europ\u00e9enne avait recommand\u00e9 l&rsquo;an dernier d&rsquo;ajouter la Finlande \u00e0 cette liste.<\/p>\n<p>Helsinki avait invoqu\u00e9 la forte augmentation de ses d\u00e9penses militaires sur fond de guerre en Ukraine pour justifier le d\u00e9rapage de ses comptes publics, mais la Commission a estim\u00e9 que cela n&rsquo;expliquait pas en totalit\u00e9 l&rsquo;augmentation de ses d\u00e9penses publiques ces derni\u00e8res ann\u00e9es.<\/p>\n<\/div>\n<p><script>(function(d, s, id) {  var js, fjs = d.getElementsByTagName(s)[0];  if (d.getElementById(id)) return;  js = d.createElement(s); js.id = id;  js.src = \"\/\/connect.facebook.net\/fr_FR\/sdk.js#xfbml=1&version=v2.3\";  fjs.parentNode.insertBefore(js, fjs);}(document, \"script\", \"facebook-jssdk\"));<\/script><br \/>\n<br \/><br \/>\n<br \/><a href=\"https:\/\/www.francesoir.fr\/politique-monde\/la-finlande-rejoint-les-pays-epingles-pour-deficit-excessif\" target=\"_blank\"\">Source link <\/a><\/p>\n","protected":false},"excerpt":{"rendered":"<p>Les ministres europ\u00e9ens de l&rsquo;Economie et des Finances ont approuv\u00e9 mardi l&rsquo;ouverture d&rsquo;une proc\u00e9dure pour d\u00e9ficit excessif contre la Finlande, qui porte \u00e0 dix le nombre de pays de l&rsquo;UE&hellip; <\/p>\n","protected":false},"author":1,"featured_media":22713,"comment_status":"open","ping_status":"open","sticky":false,"template":"","format":"standard","meta":{"footnotes":""},"categories":[1],"tags":[],"class_list":["post-22712","post","type-post","status-publish","format-standard","has-post-thumbnail","hentry","category-non-classe"],"_links":{"self":[{"href":"https:\/\/monde25.info\/index.php\/wp-json\/wp\/v2\/posts\/22712","targetHints":{"allow":["GET"]}}],"collection":[{"href":"https:\/\/monde25.info\/index.php\/wp-json\/wp\/v2\/posts"}],"about":[{"href":"https:\/\/monde25.info\/index.php\/wp-json\/wp\/v2\/types\/post"}],"author":[{"embeddable":true,"href":"https:\/\/monde25.info\/index.php\/wp-json\/wp\/v2\/users\/1"}],"replies":[{"embeddable":true,"href":"https:\/\/monde25.info\/index.php\/wp-json\/wp\/v2\/comments?post=22712"}],"version-history":[{"count":0,"href":"https:\/\/monde25.info\/index.php\/wp-json\/wp\/v2\/posts\/22712\/revisions"}],"wp:featuredmedia":[{"embeddable":true,"href":"https:\/\/monde25.info\/index.php\/wp-json\/wp\/v2\/media\/22713"}],"wp:attachment":[{"href":"https:\/\/monde25.info\/index.php\/wp-json\/wp\/v2\/media?parent=22712"}],"wp:term":[{"taxonomy":"category","embeddable":true,"href":"https:\/\/monde25.info\/index.php\/wp-json\/wp\/v2\/categories?post=22712"},{"taxonomy":"post_tag","embeddable":true,"href":"https:\/\/monde25.info\/index.php\/wp-json\/wp\/v2\/tags?post=22712"}],"curies":[{"name":"wp","href":"https:\/\/api.w.org\/{rel}","templated":true}]}}