{"id":22736,"date":"2026-01-20T21:53:40","date_gmt":"2026-01-20T20:53:40","guid":{"rendered":"https:\/\/monde25.info\/index.php\/2026\/01\/20\/vaccins-cancer-et-liberte-academique-le-pr-wafik-el-deiry-secoue-le-debat-et-plaide-pour-un-vrai-consentement-eclaire-sur-les-vaccins-a-arnm\/"},"modified":"2026-01-20T21:53:40","modified_gmt":"2026-01-20T20:53:40","slug":"vaccins-cancer-et-liberte-academique-le-pr-wafik-el-deiry-secoue-le-debat-et-plaide-pour-un-vrai-consentement-eclaire-sur-les-vaccins-a-arnm","status":"publish","type":"post","link":"https:\/\/monde25.info\/index.php\/2026\/01\/20\/vaccins-cancer-et-liberte-academique-le-pr-wafik-el-deiry-secoue-le-debat-et-plaide-pour-un-vrai-consentement-eclaire-sur-les-vaccins-a-arnm\/","title":{"rendered":"Vaccins, cancer et libert\u00e9 acad\u00e9mique : le Pr Wafik El-Deiry secoue le d\u00e9bat et plaide pour un vrai consentement \u00e9clair\u00e9 sur les vaccins \u00e0 ARNm"},"content":{"rendered":"<p> <br \/>\n<\/p>\n<div>\n<p>Figure majeure de l\u2019oncologie de pr\u00e9cision, le Pr Wafik El\u2011Deiry, directeur du Legorreta Cancer Center \u00e0 l\u2019universit\u00e9 Brown et vice\u2011doyen de sa facult\u00e9 de m\u00e9decine, a livr\u00e9 un d\u00e9briefing dense et sans fard. Invit\u00e9 par <em>France\u2011Soir<\/em>, l\u2019oncologue revient sur trois d\u00e9cennies de recherche, ses travaux r\u00e9cents sur la prot\u00e9ine Spike et la voie P53, et les controverses qui ont suivi ses prises de position au sujet des vaccins \u00e0 ARNm contre la COVID\u201119. \u00ab <em>Nous devons laisser la science faire son travail, avec la libert\u00e9 de pens\u00e9e et le libre \u00e9change d\u2019id\u00e9es<\/em> \u00bb, mart\u00e8le-t-il. \u00ab <em>Ce n\u2019est pas ainsi que la science devrait fonctionner<\/em> \u00bb lorsqu\u2019elle est sous pression.<\/p>\n<p><iframe loading=\"lazy\" title=\"Le Pr Wafik El Deiry secoue le d\u00e9bat : Vaccins, cancer et libert\u00e9 acad\u00e9mique.\" width=\"1110\" height=\"624\" src=\"https:\/\/www.youtube.com\/embed\/rcIhB6KvQ2U?feature=oembed\" frameborder=\"0\" allow=\"accelerometer; autoplay; clipboard-write; encrypted-media; gyroscope; picture-in-picture; web-share\" referrerpolicy=\"strict-origin-when-cross-origin\" allowfullscreen><\/iframe><\/p>\n<p>\u00a0<\/p>\n<h5><strong>Un pionnier de P53 devenu d\u00e9couvreur de m\u00e9dicament<\/strong><\/h5>\n<p>Clinicien\u2011chercheur \u00ab <em>les deux pieds dans le soin et la recherche<\/em> \u00bb, El\u2011Deiry s\u2019est fait conna\u00eetre dans les ann\u00e9es 1990 \u00e0 Johns Hopkins en identifiant le g\u00e8ne WAF1, un acteur cl\u00e9 de la r\u00e9ponse au suppresseur de tumeur P53. \u00ab <em>C\u2019est devenu central pour comprendre comment les cellules cessent de se diviser pour r\u00e9parer les dommages et \u00e9viter de se transformer en cancers<\/em> \u00bb, rappelle-t-il. Son laboratoire a ensuite reli\u00e9 l\u2019activation de P53 \u00e0 l\u2019expression de \u00ab <em>r\u00e9cepteurs de mort<\/em> \u00bb exploit\u00e9s par l\u2019immunit\u00e9 inn\u00e9e pour \u00e9liminer les cellules tumorales apr\u00e8s chimio\u2011 ou radioth\u00e9rapie.<\/p>\n<p>Ce fil l\u2019a conduit, il y a 18 ans, \u00e0 un criblage qui d\u00e9bouche sur une petite mol\u00e9cule, aujourd\u2019hui connue sous le nom de dordaviprone (ANK201). \u00ab <em>Elle vient d\u2019\u00eatre approuv\u00e9e par la FDA comme premier traitement cibl\u00e9 pour un gliome m\u00e9dian diffus H3K27\u2011mut\u00e9, une tumeur c\u00e9r\u00e9brale agressive chez l\u2019enfant et l\u2019adulte<\/em> \u00bb, souligne-t-il. \u00ab <em>Je ne me suis pas r\u00e9veill\u00e9 un jour en me disant : je vais d\u00e9couvrir un m\u00e9dicament contre les cancers du cerveau. Mais c\u2019est ce que nous avons v\u00e9cu.<\/em> \u00bb<\/p>\n<h5><strong>COVID\u201119, Spike et P53 : poser les questions, m\u00eame difficiles<\/strong><\/h5>\n<p>D\u00e8s 2020, son \u00e9quipe s\u2019implique dans des travaux COVID \u00e0 Brown, en s\u2019appuyant sur leur expertise en immunit\u00e9 inn\u00e9e. Ils observent notamment des effets pharmacologiques qui, selon eux, pourraient influencer l\u2019infection virale. Mais c\u2019est surtout sa ligne de recherche sur les interactions entre la prot\u00e9ine Spike et P53 qui l\u2019expose aux pol\u00e9miques. \u00ab <em>Nous avons publi\u00e9 en 2024\u20132025 des donn\u00e9es pr\u00e9liminaires sugg\u00e9rant une att\u00e9nuation de l\u2019activit\u00e9 de P53 par Spike dans des mod\u00e8les cellulaires, \u00e9valu\u00e9e par g\u00e8nes rapporteurs, cibles endog\u00e8nes et sensibilit\u00e9 \u00e0 des chimioth\u00e9rapies<\/em> \u00bb, explique-t-il, en pr\u00e9cisant que ces observations devraient, \u00e0 ses yeux, \u00eatre int\u00e9gr\u00e9es \u00e0 la \u00ab <em>conception des vaccins<\/em> \u00bb pour \u00ab <em>maximiser l\u2019effet antiviral et minimiser les dommages collat\u00e9raux<\/em> \u00bb.<\/p>\n<p>Membre d\u2019un groupe de travail sur la vaccination COVID qui rapporte \u00e0 l\u2019ACIP (comit\u00e9 consultatif am\u00e9ricain sur l\u2019immunisation), <a target=\"_blank\" href=\"https:\/\/www.francesoir.fr\/politique-monde-societe-sante-science-tech\/vaccins-covid-et-cancer-l-etude-explosive-censuree-par\">El\u2011Deiry dit avoir pass\u00e9 au crible la litt\u00e9rature sur COVID, ARNm et cancer<\/a> \u2013 ce qui vaudra \u00e0 la revue ayant publi\u00e9 son \u00e9tude r\u00e9cente (janvier 2026) de subir une attaque DNS et de vives attaques sur les r\u00e9seaux sociaux.<\/p>\n<p><img decoding=\"async\" data-entity-uuid=\"732ed861-76c1-4425-bd30-b701d7c1e8e3\" data-entity-type=\"file\" alt=\"Study\" width=\"694\" height=\"416\" class=\"align-center lazyload\" loading=\"lazy\" src=\"https:\/\/www.francesoir.fr\/sites\/default\/files\/inline-images\/image_961.png\"\/><\/p>\n<p>\u00a0<\/p>\n<blockquote>\n<p>Il insiste sur la \u00ab <em>n\u00e9cessit\u00e9 de mieux documenter<\/em> \u00bb la biodistribution, la persistance des ARNm et de Spike, les m\u00e9canismes potentiels d\u2019effets ind\u00e9sirables et le suivi \u00e0 long terme, tout en reconnaissant la raret\u00e9 relative de certains \u00e9v\u00e9nements et la complexit\u00e9 de la causalit\u00e9.\u00a0<\/p>\n<p>\u00ab <em>On me dit : il n\u2019y a pas de signal \u00e9vident et des milliards de doses ont \u00e9t\u00e9 administr\u00e9es. Je r\u00e9ponds : o\u00f9 sont les donn\u00e9es robustes au long cours, apr\u00e8s 5, 6, 7 injections, par tranches d\u2019\u00e2ge et facteurs de risque ?<\/em> \u00bb<\/p>\n<\/blockquote>\n<h5>\u00a0<\/h5>\n<h5><strong>Consentement \u00e9clair\u00e9 et h\u00e9t\u00e9rog\u00e9n\u00e9it\u00e9 du risque<\/strong><\/h5>\n<p>L\u2019axe central de son plaidoyer est \u00e9thique. \u00ab <em>Le public est intelligent et avis\u00e9. Peu importe \u00e0 quel point un \u00e9v\u00e9nement est rare, s\u2019il s\u2019est produit, on peut l\u2019inclure dans le consentement<\/em> \u00bb, d\u00e9fend-il. Il appelle \u00e0 \u00ab <em>affiner les risques selon les situations<\/em> \u00bb (\u00e2ge, ant\u00e9c\u00e9dents, grossesse, immunit\u00e9 post\u2011infection, comorbidit\u00e9s), et \u00e0 exposer clairement les inconnues. \u00ab <em>Nous ne sommes plus au milieu d\u2019une pand\u00e9mie d\u00e9vastatrice mais cinq ans plus tard. Il est temps d\u2019obtenir des r\u00e9ponses<\/em>. \u00bb<\/p>\n<p>Interrog\u00e9 sur une possible hausse des cancers et d\u2019\u00e9ventuels liens avec les infections ou la vaccination, <strong>il reste prudent mais demande que les signaux<\/strong> \u2014 notamment des cas proches des sites d\u2019injection, des lymphomes, des tumeurs cutan\u00e9es ou ORL rapport\u00e9s dans la litt\u00e9rature \u2014 soient \u00ab <em>recens\u00e9s et \u00e9tudi\u00e9s sans a priori<\/em> \u00bb. \u00ab <em>Dans le cadre d\u2019essais cliniques, un seul d\u00e9c\u00e8s inattendu d\u00e9clenche des alertes et enrichit le consentement \u00e9clair\u00e9. Pourquoi en serait\u2011il autrement ici ?<\/em> \u00bb<\/p>\n<h5>\u00a0<\/h5>\n<h5><strong>Censure, attaques et climat d\u00e9l\u00e9t\u00e8re<\/strong><\/h5>\n<p>Depuis la publication de ses travaux sur Spike et P53, El\u2011Deiry dit faire face \u00e0 une vague d\u2019attaques : \u00ab <em>On remonte trente ans en arri\u00e8re pour traquer des \u2018irr\u00e9gularit\u00e9s\u2019 de gels ou pointer des erreurs typographiques. En un an et demi, rien n\u2019a \u00e9t\u00e9 trouv\u00e9 en mati\u00e8re de fraude ou de faute professionnelle.<\/em> \u00bb Il d\u00e9plore \u00ab <em>les campagnes anonymes<\/em> \u00bb, \u00ab <em>la diffamation<\/em> \u00bb et \u00ab <em>la peur en cha\u00eene<\/em> \u00bb chez les employeurs, revues et bailleurs qui d\u00e9clenchent des enqu\u00eates. \u00ab <em>Cela entrave la cr\u00e9ativit\u00e9 et le processus scientifique<\/em> \u00bb, insiste-t-il, appelant \u00e0 des \u00ab <em>lignes directrices<\/em> \u00bb claires pour les revues et agences, et \u00e0 une <strong>r\u00e9flexion gouvernementale, voire inter\u2011agences<\/strong>, pour <strong>prot\u00e9ger la libert\u00e9 acad\u00e9mique<\/strong>.<\/p>\n<p>\u00a0<\/p>\n<h5><a target=\"_blank\" href=\"https:\/\/www.francesoir.fr\/politique-monde-societe-sante\/etats-unis-controverse-sur-les-vaccins-covid-le-pr-wafik-s-el-deiry\"><strong>Une voie r\u00e9glementaire pour revisiter les autorisations ?<\/strong><\/a><\/h5>\n<p>Sur le plan des politiques publiques, le professeur avance une proposition personnelle : \u00ab <em>Il existe probablement un moyen d\u2019obtenir la r\u00e9vocation ou la r\u00e9vision des autorisations des vaccins \u00e0 ARNm COVID par la FDA, sur la base de nouvelles preuves d\u2019effets inattendus ou de questions de qualit\u00e9 li\u00e9es \u00e0 des processus de fabrication modifi\u00e9s.<\/em> \u00bb<\/p>\n<p>Il \u00e9voque la n\u00e9cessit\u00e9 \u00ab <em>d\u2019un examen rigoureux<\/em> \u00bb des donn\u00e9es de qualit\u00e9 et de s\u00e9curit\u00e9, y compris sur la mesure des contaminants potentiels, et plaide pour \u00ab <em>des orientations diff\u00e9renci\u00e9es<\/em> \u00bb selon les groupes de population et l\u2019historique vaccinal. \u00ab<em> Les individus jouissent d\u2019une autonomie et doivent pouvoir dire non sur la base d\u2019un consentement \u00e9clair\u00e9.<\/em> \u00bb<\/p>\n<p><img decoding=\"async\" data-entity-uuid=\"e323b8e7-e8b5-4102-927e-ad39910d58ee\" data-entity-type=\"file\" alt=\"appeal\" width=\"701\" height=\"421\" class=\"align-center lazyload\" loading=\"lazy\" src=\"https:\/\/www.francesoir.fr\/sites\/default\/files\/inline-images\/image_962.png\"\/><\/p>\n<p>Ni pros\u00e9lyte ni anti\u2011vaccin, <strong>El\u2011Deiry se veut m\u00e9thodique<\/strong> : \u00ab <em>Notre objectif n\u2019est pas d\u2019emp\u00eacher qui que ce soit d\u2019\u00eatre vaccin\u00e9. Si un patient et son m\u00e9decin d\u00e9cident que c\u2019est dans son int\u00e9r\u00eat, il doit y avoir acc\u00e8s. Mais nous devons \u00eatre honn\u00eates sur ce que nous savons et ne savons pas<\/em>. \u00bb\u00a0<\/p>\n<blockquote>\n<p>Et de conclure, en forme de leitmotiv: \u00ab <em>Laissez la science travailler. La v\u00e9rit\u00e9 et la confiance en d\u00e9pendent.<\/em> \u00bb<\/p>\n<\/blockquote>\n<\/div>\n<p><script>(function(d, s, id) {  var js, fjs = d.getElementsByTagName(s)[0];  if (d.getElementById(id)) return;  js = d.createElement(s); js.id = id;  js.src = \"\/\/connect.facebook.net\/fr_FR\/sdk.js#xfbml=1&version=v2.3\";  fjs.parentNode.insertBefore(js, fjs);}(document, \"script\", \"facebook-jssdk\"));<\/script><br \/>\n<br \/><br \/>\n<br \/><a href=\"https:\/\/www.francesoir.fr\/videos-les-debriefings\/vaccins-cancer-et-liberte-academique-le-pr-wafik-el-deiry-secoue-le-debat-et\" target=\"_blank\"\">Source link <\/a><\/p>\n","protected":false},"excerpt":{"rendered":"<p>Figure majeure de l\u2019oncologie de pr\u00e9cision, le Pr Wafik El\u2011Deiry, directeur du Legorreta Cancer Center \u00e0 l\u2019universit\u00e9 Brown et vice\u2011doyen de sa facult\u00e9 de m\u00e9decine, a livr\u00e9 un d\u00e9briefing dense&hellip; <\/p>\n","protected":false},"author":1,"featured_media":22737,"comment_status":"open","ping_status":"open","sticky":false,"template":"","format":"standard","meta":{"footnotes":""},"categories":[1],"tags":[],"class_list":["post-22736","post","type-post","status-publish","format-standard","has-post-thumbnail","hentry","category-non-classe"],"_links":{"self":[{"href":"https:\/\/monde25.info\/index.php\/wp-json\/wp\/v2\/posts\/22736","targetHints":{"allow":["GET"]}}],"collection":[{"href":"https:\/\/monde25.info\/index.php\/wp-json\/wp\/v2\/posts"}],"about":[{"href":"https:\/\/monde25.info\/index.php\/wp-json\/wp\/v2\/types\/post"}],"author":[{"embeddable":true,"href":"https:\/\/monde25.info\/index.php\/wp-json\/wp\/v2\/users\/1"}],"replies":[{"embeddable":true,"href":"https:\/\/monde25.info\/index.php\/wp-json\/wp\/v2\/comments?post=22736"}],"version-history":[{"count":0,"href":"https:\/\/monde25.info\/index.php\/wp-json\/wp\/v2\/posts\/22736\/revisions"}],"wp:featuredmedia":[{"embeddable":true,"href":"https:\/\/monde25.info\/index.php\/wp-json\/wp\/v2\/media\/22737"}],"wp:attachment":[{"href":"https:\/\/monde25.info\/index.php\/wp-json\/wp\/v2\/media?parent=22736"}],"wp:term":[{"taxonomy":"category","embeddable":true,"href":"https:\/\/monde25.info\/index.php\/wp-json\/wp\/v2\/categories?post=22736"},{"taxonomy":"post_tag","embeddable":true,"href":"https:\/\/monde25.info\/index.php\/wp-json\/wp\/v2\/tags?post=22736"}],"curies":[{"name":"wp","href":"https:\/\/api.w.org\/{rel}","templated":true}]}}