{"id":22738,"date":"2026-01-20T22:26:48","date_gmt":"2026-01-20T21:26:48","guid":{"rendered":"https:\/\/monde25.info\/index.php\/2026\/01\/20\/face-aux-coups-de-pression-de-trump-macron-appelle-a-defendre-le-multilateralisme-rt-en-francais\/"},"modified":"2026-01-20T22:26:48","modified_gmt":"2026-01-20T21:26:48","slug":"face-aux-coups-de-pression-de-trump-macron-appelle-a-defendre-le-multilateralisme-rt-en-francais","status":"publish","type":"post","link":"https:\/\/monde25.info\/index.php\/2026\/01\/20\/face-aux-coups-de-pression-de-trump-macron-appelle-a-defendre-le-multilateralisme-rt-en-francais\/","title":{"rendered":"face aux coups de pression de Trump, Macron appelle \u00e0 d\u00e9fendre le multilat\u00e9ralisme \u2014 RT en fran\u00e7ais"},"content":{"rendered":"<p> <br \/>\n<br \/><img decoding=\"async\" src=\"https:\/\/mf.b37mrtl.ru\/french\/images\/2026.01\/thumbnail\/696fd2f16f7ccc3b685aea62.jpg\" \/><\/p>\n<div>\n<p class=\"text__summary\">\n                                        Semblant d\u00e9couvrir la nature des \u00c9tats-Unis, le pr\u00e9sident fran\u00e7ais a appel\u00e9 ce 20 janvier depuis Davos \u00e0 d\u00e9fendre la coop\u00e9ration internationale, tout en plaidant de nouveau en faveur d\u2019une \u00absouverainet\u00e9\u00bb et d&rsquo;une \u00abautonomie strat\u00e9gique\u00bb europ\u00e9enne.\n                                    <\/p>\n<p>Depuis la tribune du Forum \u00e9conomique mondial, dont le rendez-vous annuel \u00e0 Davos a d\u00e9but\u00e9 ce 20 janvier, Emmanuel Macron s\u2019est alarm\u00e9 de l\u2019\u00ab\u00a0\u00e9volution vers un monde sans r\u00e8gles\u00a0\u00bb, o\u00f9 les \u00ab\u00a0ambitions imp\u00e9riales refont surface\u00a0\u00bb, soulignant la hausse du nombre de conflits \u00e0 travers le monde ainsi que leur \u00ab\u00a0hybridation\u00a0\u00bb. Un monde\u00a0o\u00f9, a insist\u00e9 le pr\u00e9sident fran\u00e7ais, \u00ab\u00a0le droit international est bafou\u00e9 et o\u00f9 la seule loi qui semble compter est celle du plus fort\u00a0\u00bb. Une situation, a-t-il estim\u00e9 \u00ab\u00a0qui doit nous inqui\u00e9ter\u00a0\u00bb, apr\u00e8s avoir \u00e9voqu\u00e9 des instances internationales \u00ab\u00a0affaiblies ou que les grandes \u00e9conomies ont simplement quitt\u00e9\u00a0\u00bb.<\/p>\n<p>Un discours, o\u00f9 le chef de l\u2019\u00c9tat fran\u00e7ais s\u2019est attard\u00e9 sur les \u00c9tats-Unis de Donald Trump, d\u00e9non\u00e7ant leur \u00ab\u00a0concurrence\u00a0\u00bb selon lui \u00ab\u00a0de plus en plus ardue\u00a0\u00bb et qui exigeraient \u00ab\u00a0des concessions maximales\u00a0\u00bb. Des \u00c9tats-Unis qui, a-t-il abond\u00e9, \u00ab\u00a0visent ouvertement \u00e0 affaiblir et \u00e0 subordonner l&rsquo;Europe \u00bb, et de fustiger une\u00a0\u00ab\u00a0accumulation sans fin de nouveaux droits de douane, qui sont fondamentalement inacceptables d\u2019autant plus lorsqu\u2019ils sont utilis\u00e9s comme un moyen de pression contre la souverainet\u00e9 territoriale\u00a0\u00bb.\u00a0Ce alors que Donald Trump\u00a0a menac\u00e9, quelques heures plus t\u00f4t, d\u2019imposer une nouvelle surtaxe de 200 % sur les vins et champagnes export\u00e9s par la France aux \u00c9tats-Unis \u00e0 cause du refus de Paris de rejoindre son \u00ab Conseil de paix \u00bb pour Gaza.<\/p>\n<p>\u00ab\u00a0La r\u00e9ponse, c\u2019est plus de coop\u00e9ration et construire de nouvelles approches\u00a0\u00bb, a martel\u00e9 Emmanuel Macron,\u00a0et de plaider pour\u00a0\u00ab\u00a0plus de souverainet\u00e9 \u00e9conomique, plus d\u2019autonomie strat\u00e9gique, particuli\u00e8rement pour l\u2019Europe\u00a0\u00bb. \u00ab\u00a0Face \u00e0 la brutalisation du monde\u00a0\u00bb, a-t-il insist\u00e9, \u00ab\u00a0la France et l\u2019Europe doivent d\u00e9fendre un multilat\u00e9ralisme efficace, car il sert nos int\u00e9r\u00eats et ceux de tous ceux qui refusent de se soumettre \u00e0 la loi du plus fort\u00a0\u00bb.<\/p>\n<p>Un\u00a0pl\u00e9biscite pour le\u00a0multilat\u00e9ralisme qui vient s&rsquo;ajouter au message priv\u00e9 d&rsquo;Emmanuel Macron, d\u00e9voil\u00e9 par Donald Trump sur son r\u00e9seau social et o\u00f9 le pr\u00e9sident fran\u00e7ais\u00a0 proposait d\u2019organiser \u00e0 Paris une r\u00e9union du G7 avec notamment \u00ab\u00a0les Russes\u00a0\u00bb convi\u00e9s \u00ab\u00a0en marge\u00a0\u00bb. Une rencontre qui aurait constitu\u00e9 une premi\u00e8re, 12 ans apr\u00e8s l\u2019expulsion de la Russie du groupe &#8211; et les pressions exerc\u00e9es par les Occidentaux et alli\u00e9s de Kiev pour la mettre au ban dans la plupart des instances internationales -, si ce n&rsquo;est que Moscou\u00a0a fait savoir qu&rsquo;aucune invitation ne lui \u00e9tait parvenue.<\/p>\n<h3>Les \u00c9tats-Unis \u00ab\u00a0n&rsquo;ont que des cibles ou des vassaux\u00a0\u00bb<\/h3>\n<p>Dans son discours \u00e0 Davos, le locataire de l\u2019\u00c9lys\u00e9e a \u00e9galement mis en garde contre les \u00e9cueils de deux voies s\u2019offrant aux Europ\u00e9ens\u00a0: la \u00ab\u00a0vassalisation \u00bb ainsi que la \u00ab\u00a0politique de blocs\u00a0\u00bb, auxquelles conduirait le fait d\u2019\u00ab\u00a0accepter passivement la loi du plus fort\u00a0\u00bb et la\u00a0\u00ab\u00a0marginalisation\u00a0\u00bb doubl\u00e9e \u00e0 l\u2019\u00ab\u00a0impuissance\u00a0\u00bb vers lesquelles l\u2019adoption de \u00ab\u00a0postures purement morales\u00a0\u00bb les entrainerait. \u00ab\u00a0Accepter une approche coloniale n\u2019a pas de sens\u00a0\u00bb, a insist\u00e9 celui dont le pays n\u2019entend pas rendre Mayotte aux Comores et poursuit son passage en force en Nouvelle-Cal\u00e9donie.<\/p>\n<p>Ces\u00a0d\u00e9clarations pr\u00e9sidentielles surviennent en pleine escalade entre les deux rives de l\u2019Atlantique, sur fond de vell\u00e9it\u00e9s am\u00e9ricaines sur le Groenland. Des vues que les locataires de la Maison Blanche nourrissent depuis pr\u00e8s de 160 ans et le rachat de l\u2019Alaska \u00e0 la Russie. Dernier \u00e9pisode en date, face aux affirmations r\u00e9p\u00e9t\u00e9es de Donald Trump que les \u00c9tats-Unis \u2013 premi\u00e8re puissance militaire mondiale \u2013 mettraient la main sur ce territoire autonome danois par la force si n\u00e9cessaire, Paris et plusieurs autres chancelleries europ\u00e9ennes ont d\u00e9p\u00each\u00e9 sur place une quarantaine de militaires. Une \u00ab\u00a0<a target=\"_blank\" href=\"https:\/\/taz.de\/US-Aggression-gegen-Groenland-Ist-die-Nato-am-Ende\/!6140331\/\">farce<\/a>\u00a0\u00bb, de l\u2019aveu m\u00eame de la presse allemande.<\/p>\n<p>Si aujourd\u2019hui Macron tire la sonnette d\u2019alarme face aux \u00c9tats-Unis de Trump \u2013 resservant au passage ses concepts de \u00ab\u00a0souverainet\u00e9 europ\u00e9enne \u00bb et d\u2019\u00ab\u00a0autonomie strat\u00e9gique\u00a0\u00bb \u2013 et que les m\u00e9dias fran\u00e7ais ressassent des d\u00e9clarations de Donald Trump qui\u00a0illustreraient\u00a0son \u00ab\u00a0m\u00e9pris\u00a0\u00bb \u00e0 l\u2019\u00e9gard de ses \u00ab\u00a0alli\u00e9s\u00a0\u00bb, le peu d\u2019\u00e9gards que les Am\u00e9ricains ont vis-\u00e0-vis du reste du monde n\u2019est en rien nouveau. Une tendance notamment \u00e9tay\u00e9e par les cas de pr\u00e9dation des entreprises am\u00e9ricaines \u2013 avec le soutien du d\u00e9partement de la Justice \u2013 sur le Vieux Continent, ou encore les multiples scandales d\u2019espionnage \u00e0 grande \u00e9chelle ou directement \u00e0 l&rsquo;encontre de dirigeants europ\u00e9ens.<\/p>\n<p>\u00ab\u00a0Cette nouvelle p\u00e9rip\u00e9tie r\u00e9v\u00e8le que les \u00c9tats-Unis n&rsquo;ont pas d&rsquo;alli\u00e9s, <a target=\"_blank\" href=\"https:\/\/www.lemonde.fr\/technologies\/article\/2013\/10\/21\/surveillance-les-etats-unis-n-ont-pas-d-allies-ils-n-ont-que-des-cibles-ou-des-vassaux_3500493_651865.html\">ils n&rsquo;ont que des cibles ou des vassaux<\/a>\u00a0\u00bb, confiait au quotidien <em>Le Monde<\/em> le pr\u00e9sident de la commission des lois \u00e0 l&rsquo;Assembl\u00e9e nationale, Jean-Jacques Urvoas, \u00e0 l\u2019automne\u2026 2013, dans la foul\u00e9e des r\u00e9v\u00e9lations d\u2019Edward Snowden sur la surveillance de masse effectu\u00e9e \u00e0 travers le monde par les services am\u00e9ricains.<\/p>\n<\/div>\n<p><br \/>\n<br \/><a href=\"https:\/\/francais.rt.com\/international\/129618-davos-pressions-trump-macron-multilateralisme\" target=\"_blank\"\">Source link <\/a><\/p>\n","protected":false},"excerpt":{"rendered":"<p>Semblant d\u00e9couvrir la nature des \u00c9tats-Unis, le pr\u00e9sident fran\u00e7ais a appel\u00e9 ce 20 janvier depuis Davos \u00e0 d\u00e9fendre la coop\u00e9ration internationale, tout en plaidant de nouveau en faveur d\u2019une \u00absouverainet\u00e9\u00bb&hellip; <\/p>\n","protected":false},"author":1,"featured_media":22739,"comment_status":"open","ping_status":"open","sticky":false,"template":"","format":"standard","meta":{"footnotes":""},"categories":[1],"tags":[],"class_list":["post-22738","post","type-post","status-publish","format-standard","has-post-thumbnail","hentry","category-non-classe"],"_links":{"self":[{"href":"https:\/\/monde25.info\/index.php\/wp-json\/wp\/v2\/posts\/22738","targetHints":{"allow":["GET"]}}],"collection":[{"href":"https:\/\/monde25.info\/index.php\/wp-json\/wp\/v2\/posts"}],"about":[{"href":"https:\/\/monde25.info\/index.php\/wp-json\/wp\/v2\/types\/post"}],"author":[{"embeddable":true,"href":"https:\/\/monde25.info\/index.php\/wp-json\/wp\/v2\/users\/1"}],"replies":[{"embeddable":true,"href":"https:\/\/monde25.info\/index.php\/wp-json\/wp\/v2\/comments?post=22738"}],"version-history":[{"count":0,"href":"https:\/\/monde25.info\/index.php\/wp-json\/wp\/v2\/posts\/22738\/revisions"}],"wp:featuredmedia":[{"embeddable":true,"href":"https:\/\/monde25.info\/index.php\/wp-json\/wp\/v2\/media\/22739"}],"wp:attachment":[{"href":"https:\/\/monde25.info\/index.php\/wp-json\/wp\/v2\/media?parent=22738"}],"wp:term":[{"taxonomy":"category","embeddable":true,"href":"https:\/\/monde25.info\/index.php\/wp-json\/wp\/v2\/categories?post=22738"},{"taxonomy":"post_tag","embeddable":true,"href":"https:\/\/monde25.info\/index.php\/wp-json\/wp\/v2\/tags?post=22738"}],"curies":[{"name":"wp","href":"https:\/\/api.w.org\/{rel}","templated":true}]}}