{"id":22747,"date":"2026-01-21T03:23:20","date_gmt":"2026-01-21T02:23:20","guid":{"rendered":"https:\/\/monde25.info\/index.php\/2026\/01\/21\/retour-triomphal-des-lions-de-la-teranga-apres-leur-victoire-en-coupe-dafrique-des-nations-rt-en-francais\/"},"modified":"2026-01-21T03:23:20","modified_gmt":"2026-01-21T02:23:20","slug":"retour-triomphal-des-lions-de-la-teranga-apres-leur-victoire-en-coupe-dafrique-des-nations-rt-en-francais","status":"publish","type":"post","link":"https:\/\/monde25.info\/index.php\/2026\/01\/21\/retour-triomphal-des-lions-de-la-teranga-apres-leur-victoire-en-coupe-dafrique-des-nations-rt-en-francais\/","title":{"rendered":"retour triomphal des Lions de la T\u00e9ranga apr\u00e8s leur victoire en Coupe d\u2019Afrique des nations \u2014 RT en fran\u00e7ais"},"content":{"rendered":"<p> <br \/>\n<br \/><img decoding=\"async\" src=\"https:\/\/mf.b37mrtl.ru\/french\/images\/2026.01\/thumbnail\/696fb97387f3ec170e105e3c.jpg\" \/><\/p>\n<div>\n<p class=\"text__summary\">\n                                        \u00c0 leur retour \u00e0 Dakar, les champions d\u2019Afrique ont \u00e9t\u00e9 accueillis avec une grande ferveur officielle et populaire apr\u00e8s leur sacre africain \u00e0 Rabat.\n                                    <\/p>\n<p>D\u00e8s leur arriv\u00e9e \u00e0 l&rsquo;a\u00e9roport international de Diass ce 20 janvier un peu apr\u00e8s minuit, heure locale, la s\u00e9lection s\u00e9n\u00e9galaise a \u00e9t\u00e9 accueillie chaleureusement par la population, les membres du gouvernement, et m\u00eame le chef de l\u2019\u00c9tat, Bassirou Diomaye Faye, venu sur le tarmac de l\u2019a\u00e9roport international Blaise Diagne de Diass, pour accueillir les Lions de la T\u00e9ranga.<\/p>\n<p><iframe loading=\"lazy\" src=\"https:\/\/vk.com\/video_ext.php?oid=-216965535&amp;id=456273287&amp;hash=12fc3af1cfcb3e05\" width=\"640\" height=\"360\" frameborder=\"0\" allowfullscreen=\"1\" allow=\"autoplay; encrypted-media; fullscreen; picture-in-picture\"><\/iframe><\/p>\n<p>Bassirou Diomaye Faye a saisi cette occasion pour rendre hommage \u00e0 la s\u00e9lection s\u00e9n\u00e9galaise : \u00ab\u00a0Ils nous ont rendus fiers en tenant la promesse qu\u2019ils nous avaient faite en quittant Dakar. Quand je leur ai remis le drapeau, ils se sont engag\u00e9s \u00e0 ramener cette coupe et durant toute la comp\u00e9tition, en les regardant jouer nous avons senti qu\u2019ils avaient cette mission en t\u00eate et qu\u2019ils avaient \u00e0 c\u0153ur de ramener cette coupe et rendre le peuple s\u00e9n\u00e9galais fier\u00a0\u00bb.<\/p>\n<p><iframe loading=\"lazy\" src=\"https:\/\/vk.com\/video_ext.php?oid=-216965535&amp;id=456273241&amp;hash=1e1c7c0618b52870\" width=\"640\" height=\"360\" frameborder=\"0\" allowfullscreen=\"1\" allow=\"autoplay; encrypted-media; fullscreen; picture-in-picture\"><\/iframe><\/p>\n<h2>Une seconde \u00e9toile africaine historique<\/h2>\n<p>L\u2019\u00e9quipe de Sadio Man\u00e9 a r\u00e9ussi \u00e0 se faire une place non seulement au sein de l\u2019histoire du football s\u00e9n\u00e9galais, mais aussi \u00e0 l&rsquo;international. Commentant leur performance, El Hadji Diouf, un ancien international s\u00e9n\u00e9galais a d\u00e9clar\u00e9 qu\u2019il s\u2019agissait d\u2019une des plus belles victoires de l\u2019histoire de la CAN. Selon lui, l\u2019\u00e9quipe a toujours contr\u00f4l\u00e9 son jeu et ses \u00e9motions, rendant hommage \u00e0 la s\u00e9r\u00e9nit\u00e9 et l\u2019organisation extraordinaires de l\u2019\u00e9quipe s\u00e9n\u00e9galaise.<\/p>\n<h2>Une victoire \u00e9norme pour le champion d\u2019Afrique Ibrahima Mbaye<\/h2>\n<p>Dans ses commentaires concernant la victoire de la s\u00e9lection s\u00e9n\u00e9galaise, Ibrahima Mbaye a d\u00e9clar\u00e9 que cette victoire repr\u00e9sentait \u00ab un troph\u00e9e \u00e0 notre palmar\u00e8s\u00a0\u00bb et que \u00ab\u00a0c\u2019est un \u00e9norme plaisir pour nous et pour notre \u00e9quipe\u00a0\u00bb. Commentant la rapidit\u00e9 avec laquelle il a \u00e9t\u00e9 sacr\u00e9 champion africain, Ibrahima Mbaye a d\u00e9clar\u00e9 qu\u2019il avait rejoint la s\u00e9lection nationale en novembre et qu\u2019il avait obtenu le troph\u00e9e continental en janvier\u00a0: \u00ab\u00a0c&rsquo;est \u00e9norme pour moi\u00a0\u00bb.<\/p>\n<p><iframe loading=\"lazy\" src=\"https:\/\/vk.com\/video_ext.php?oid=-216965535&amp;id=456273270&amp;hash=dc990f68b2623137\" width=\"640\" height=\"360\" frameborder=\"0\" allowfullscreen=\"1\" allow=\"autoplay; encrypted-media; fullscreen; picture-in-picture\"><\/iframe><\/p>\n<p>Les festivit\u00e9s vont continuer un bon moment \u00e0 Dakar pour la plus grande joie des jeunes supporters qui vont pouvoir savourer cette victoire s\u00e9n\u00e9galaise. Les Lions de la T\u00e9ranga pr\u00e9voient dans ce contexte une grande parade dans les rues de Dakar avant de se rendre \u00e0 une r\u00e9ception au palais pr\u00e9sidentiel. Selon la presse locale, le pr\u00e9sident Bassirou Diomaye Faye a pr\u00e9vu une c\u00e9r\u00e9monie au cours de laquelle il annoncera sans doute les r\u00e9compenses aux vainqueurs de la Coupe d\u2019Afrique des nations.<\/p>\n<\/div>\n<p><br \/>\n<br \/><a href=\"https:\/\/francais.rt.com\/afrique\/129617-senegal-retour-triomphal-lions-teranga-apres-victoire-coupe-afrique-nations\" target=\"_blank\"\">Source link <\/a><\/p>\n","protected":false},"excerpt":{"rendered":"<p>\u00c0 leur retour \u00e0 Dakar, les champions d\u2019Afrique ont \u00e9t\u00e9 accueillis avec une grande ferveur officielle et populaire apr\u00e8s leur sacre africain \u00e0 Rabat. D\u00e8s leur arriv\u00e9e \u00e0 l&rsquo;a\u00e9roport international&hellip; <\/p>\n","protected":false},"author":1,"featured_media":22748,"comment_status":"open","ping_status":"open","sticky":false,"template":"","format":"standard","meta":{"footnotes":""},"categories":[1],"tags":[],"class_list":["post-22747","post","type-post","status-publish","format-standard","has-post-thumbnail","hentry","category-non-classe"],"_links":{"self":[{"href":"https:\/\/monde25.info\/index.php\/wp-json\/wp\/v2\/posts\/22747","targetHints":{"allow":["GET"]}}],"collection":[{"href":"https:\/\/monde25.info\/index.php\/wp-json\/wp\/v2\/posts"}],"about":[{"href":"https:\/\/monde25.info\/index.php\/wp-json\/wp\/v2\/types\/post"}],"author":[{"embeddable":true,"href":"https:\/\/monde25.info\/index.php\/wp-json\/wp\/v2\/users\/1"}],"replies":[{"embeddable":true,"href":"https:\/\/monde25.info\/index.php\/wp-json\/wp\/v2\/comments?post=22747"}],"version-history":[{"count":0,"href":"https:\/\/monde25.info\/index.php\/wp-json\/wp\/v2\/posts\/22747\/revisions"}],"wp:featuredmedia":[{"embeddable":true,"href":"https:\/\/monde25.info\/index.php\/wp-json\/wp\/v2\/media\/22748"}],"wp:attachment":[{"href":"https:\/\/monde25.info\/index.php\/wp-json\/wp\/v2\/media?parent=22747"}],"wp:term":[{"taxonomy":"category","embeddable":true,"href":"https:\/\/monde25.info\/index.php\/wp-json\/wp\/v2\/categories?post=22747"},{"taxonomy":"post_tag","embeddable":true,"href":"https:\/\/monde25.info\/index.php\/wp-json\/wp\/v2\/tags?post=22747"}],"curies":[{"name":"wp","href":"https:\/\/api.w.org\/{rel}","templated":true}]}}