{"id":22749,"date":"2026-01-21T06:09:24","date_gmt":"2026-01-21T05:09:24","guid":{"rendered":"https:\/\/monde25.info\/index.php\/2026\/01\/21\/rojava-le-crepuscule-dune-experience-dautonomie-et-decologie\/"},"modified":"2026-01-21T06:09:24","modified_gmt":"2026-01-21T05:09:24","slug":"rojava-le-crepuscule-dune-experience-dautonomie-et-decologie","status":"publish","type":"post","link":"https:\/\/monde25.info\/index.php\/2026\/01\/21\/rojava-le-crepuscule-dune-experience-dautonomie-et-decologie\/","title":{"rendered":"Rojava\u00a0: le cr\u00e9puscule d&#039;une exp\u00e9rience d&#039;autonomie et d&#039;\u00e9cologie"},"content":{"rendered":"<p> <br \/>\n<br \/><img loading=\"lazy\" decoding=\"async\" src=\"https:\/\/reporterre.net\/local\/cache-vignettes\/L700xH467\/img_1585_ld_pernot_250420-1b0b6.jpg?1768922323\" class=\"spip_logo\" width=\"700\" height=\"467\" alt=\"\" \/><\/p>\n<p>Les nouvelles forces arm\u00e9es syriennes ont pris le contr\u00f4le de larges pans du nord-est syrien, auparavant sous contr\u00f4le kurde. Un revers militaire qui pourrait mettre fin \u00e0 plus d&rsquo;une d\u00e9cennie d&rsquo;autonomie politique. <br class=\"autobr\" \/><br \/>\nBeyrouth (Liban), correspondance <br class=\"autobr\" \/><br \/>\nUn r\u00eave bris\u00e9<small class=\"fine d-inline\">\u00a0<\/small>? L&rsquo;espoir des Kurdes de Syrie de vivre dans une r\u00e9gion semi-autonome ou f\u00e9d\u00e9rale semble s&rsquo;\u00eatre bris\u00e9 face au rouleau compresseur de l&rsquo;arm\u00e9e syrienne. Comme un domino sanglant, les territoires sous le contr\u00f4le des Forces\u00a0(\u2026)<\/p>\n<p>                    <a target=\"_blank\" href=\"https:\/\/reporterre.net\/Rojava-le-crepuscule-d-une-experience-d-autonomie-et-d-ecologie?utm_source=RSS&amp;utm_medium=RSS\">Lire la suite<\/a><\/p>\n<p>                    &#8211;<br \/>\n                        <a target=\"_blank\" href=\"https:\/\/reporterre.net\/Autres-infos\" rel=\"directory\">Info<\/a><\/p>\n<p>                    \/<br \/>\n                        <a target=\"_blank\" href=\"https:\/\/reporterre.net\/International\" rel=\"tag\">Monde<\/a><br \/>\n<br \/><br \/>\n<br \/><a href=\"https:\/\/reporterre.net\/Rojava-le-crepuscule-d-une-experience-d-autonomie-et-d-ecologie\" target=\"_blank\"\">Source link <\/a><\/p>\n","protected":false},"excerpt":{"rendered":"<p>Les nouvelles forces arm\u00e9es syriennes ont pris le contr\u00f4le de larges pans du nord-est syrien, auparavant sous contr\u00f4le kurde. Un revers militaire qui pourrait mettre fin \u00e0 plus d&rsquo;une d\u00e9cennie&hellip; <\/p>\n","protected":false},"author":1,"featured_media":0,"comment_status":"open","ping_status":"open","sticky":false,"template":"","format":"standard","meta":{"footnotes":""},"categories":[1],"tags":[],"class_list":["post-22749","post","type-post","status-publish","format-standard","hentry","category-non-classe"],"_links":{"self":[{"href":"https:\/\/monde25.info\/index.php\/wp-json\/wp\/v2\/posts\/22749","targetHints":{"allow":["GET"]}}],"collection":[{"href":"https:\/\/monde25.info\/index.php\/wp-json\/wp\/v2\/posts"}],"about":[{"href":"https:\/\/monde25.info\/index.php\/wp-json\/wp\/v2\/types\/post"}],"author":[{"embeddable":true,"href":"https:\/\/monde25.info\/index.php\/wp-json\/wp\/v2\/users\/1"}],"replies":[{"embeddable":true,"href":"https:\/\/monde25.info\/index.php\/wp-json\/wp\/v2\/comments?post=22749"}],"version-history":[{"count":0,"href":"https:\/\/monde25.info\/index.php\/wp-json\/wp\/v2\/posts\/22749\/revisions"}],"wp:attachment":[{"href":"https:\/\/monde25.info\/index.php\/wp-json\/wp\/v2\/media?parent=22749"}],"wp:term":[{"taxonomy":"category","embeddable":true,"href":"https:\/\/monde25.info\/index.php\/wp-json\/wp\/v2\/categories?post=22749"},{"taxonomy":"post_tag","embeddable":true,"href":"https:\/\/monde25.info\/index.php\/wp-json\/wp\/v2\/tags?post=22749"}],"curies":[{"name":"wp","href":"https:\/\/api.w.org\/{rel}","templated":true}]}}