{"id":22750,"date":"2026-01-21T06:42:35","date_gmt":"2026-01-21T05:42:35","guid":{"rendered":"https:\/\/monde25.info\/index.php\/2026\/01\/21\/dans-lest-congolais-lheritage-colonial-belge-nourrit-encore-la-haine\/"},"modified":"2026-01-21T06:42:35","modified_gmt":"2026-01-21T05:42:35","slug":"dans-lest-congolais-lheritage-colonial-belge-nourrit-encore-la-haine","status":"publish","type":"post","link":"https:\/\/monde25.info\/index.php\/2026\/01\/21\/dans-lest-congolais-lheritage-colonial-belge-nourrit-encore-la-haine\/","title":{"rendered":"Dans l\u2019Est congolais, l\u2019h\u00e9ritage colonial belge nourrit encore la haine"},"content":{"rendered":"<p> <br \/>\n<\/p>\n<div>\n<h4 align=\"JUSTIFY\"><strong>Dans l\u2019Est congolais, les rivalit\u00e9s locales s\u2019inscrivent dans une continuit\u00e9 troublante : celle des strat\u00e9gies de division mises en place durant la colonisation belge, entre la fin du XIX\u1d49 si\u00e8cle et l\u2019ind\u00e9pendance de 1960. \u00c0 l\u2019\u00e9poque, le principe du \u00ab diviser pour r\u00e9gner \u00bb permettait \u00e0 l\u2019administration coloniale de fragmenter les communaut\u00e9s afin de mieux les contr\u00f4ler. Plus de soixante ans apr\u00e8s le d\u00e9part du colonisateur, cette logique semble s\u2019\u00eatre enracin\u00e9e. R\u00e9appropri\u00e9e par des acteurs politiques, arm\u00e9s et \u00e9conomiques, locaux comme internationaux, elle continue d\u2019alimenter l\u2019instabilit\u00e9 et de favoriser la perp\u00e9tration de crimes dans une quasi-impunit\u00e9.<\/strong><\/h4>\n<p>La r\u00e9gion des Grands Lacs africains \u2014 qui englobe aujourd\u2019hui la R\u00e9publique d\u00e9mocratique du Congo, le Rwanda, le Burundi, l\u2019Ouganda et la Tanzanie \u2014 porte l\u2019empreinte durable d\u2019une histoire coloniale. <strong>Bien avant l\u2019arriv\u00e9e des Europ\u00e9ens, ces territoires \u00e9taient structur\u00e9s autour de royaumes et de chefferies centralis\u00e9es, dot\u00e9s de syst\u00e8mes politiques relativement stables, d\u2019\u00e9conomies agro-pastorales et de r\u00e9seaux d\u2019\u00e9changes r\u00e9gionaux.<\/strong> Des entit\u00e9s comme le Buganda, le Bunyoro, le Rwanda ou le Burundi, d\u00e9crites par l\u2019historien Jean-Pierre Chr\u00e9tien dans <em>L\u2019Afrique des Grands Lacs. Deux mille ans d\u2019histoire<\/em>, formaient un espace organis\u00e9 et interconnect\u00e9.<\/p>\n<figure id=\"attachment_1397519\" aria-describedby=\"caption-attachment-1397519\" style=\"width: 779px\" class=\"wp-caption alignnone\"><img fetchpriority=\"high\" decoding=\"async\" class=\"wp-image-1397519 size-medium\" src=\"https:\/\/mrmondialisation.org\/wp-content\/uploads\/2026\/01\/african-great-lakes-fr-scaled-e1768900584246-779x1024.jpg\" alt=\"\" width=\"779\" height=\"1024\" srcset=\"https:\/\/mrmondialisation.org\/wp-content\/uploads\/2026\/01\/african-great-lakes-fr-scaled-e1768900584246-779x1024.jpg 779w, https:\/\/mrmondialisation.org\/wp-content\/uploads\/2026\/01\/african-great-lakes-fr-scaled-e1768900584246-1160x1524.jpg 1160w, https:\/\/mrmondialisation.org\/wp-content\/uploads\/2026\/01\/african-great-lakes-fr-scaled-e1768900584246-768x1009.jpg 768w, https:\/\/mrmondialisation.org\/wp-content\/uploads\/2026\/01\/african-great-lakes-fr-scaled-e1768900584246-1169x1536.jpg 1169w, https:\/\/mrmondialisation.org\/wp-content\/uploads\/2026\/01\/african-great-lakes-fr-scaled-e1768900584246-1559x2048.jpg 1559w, https:\/\/mrmondialisation.org\/wp-content\/uploads\/2026\/01\/african-great-lakes-fr-scaled-e1768900584246-696x915.jpg 696w, https:\/\/mrmondialisation.org\/wp-content\/uploads\/2026\/01\/african-great-lakes-fr-scaled-e1768900584246-1068x1403.jpg 1068w, https:\/\/mrmondialisation.org\/wp-content\/uploads\/2026\/01\/african-great-lakes-fr-scaled-e1768900584246-320x420.jpg 320w, https:\/\/mrmondialisation.org\/wp-content\/uploads\/2026\/01\/african-great-lakes-fr-scaled-e1768900584246.jpg 1796w\" sizes=\"(max-width: 779px) 100vw, 779px\"\/><figcaption id=\"caption-attachment-1397519\" class=\"wp-caption-text\">L\u2019Afrique des Grands Lacs. <a target=\"_blank\" href=\"https:\/\/commons.wikimedia.org\/w\/index.php?curid=56173402\">Wikimedia.<\/a><\/figcaption><\/figure>\n<h2><strong>La colonisation et la r\u00e9gion des grands Lacs<\/strong><\/h2>\n<p><strong>Tout bascule au XIX\u1d49 si\u00e8cle avec l\u2019arriv\u00e9e des explorateurs europ\u00e9ens, \u00e0 l\u2019image de David Livingstone, pr\u00e9lude \u00e0 <a target=\"_blank\" href=\"https:\/\/mrmondialisation.org\/congo-une-bombe-climatique-est-en-preparation\/\">une entreprise coloniale guid\u00e9e par la qu\u00eate de mati\u00e8res premi\u00e8res,<\/a><\/strong> l\u2019ouverture de nouveaux march\u00e9s et la rivalit\u00e9 entre puissances europ\u00e9ennes. <strong>La Conf\u00e9rence de Berlin de 1884-1885 scelle le partage du continent africain.<\/strong> La r\u00e9gion des Grands Lacs est alors morcel\u00e9e entre plusieurs empires coloniaux, principalement belge, allemand puis britannique.<\/p>\n<p>La colonisation impose de nouvelles formes de gouvernance. <strong>Sous couvert d\u2019administration indirecte, les autorit\u00e9s coloniales s\u2019appuient sur les structures traditionnelles tout en les remodelant selon une lecture racialis\u00e9e et ethnicis\u00e9e des soci\u00e9t\u00e9s locales.<\/strong> Au Rwanda et au Burundi, l\u2019id\u00e9ologie hamitique introduit une hi\u00e9rarchisation rigide entre Hutu, Tutsi et Twa, transformant des cat\u00e9gories sociales historiquement souples en identit\u00e9s ethniques fig\u00e9es. <strong>Cette construction coloniale institutionnalise les divisions et s\u00e8me les germes de violences durables.<\/strong><\/p>\n<p>Dans le Congo belge, comme l\u2019a document\u00e9 l\u2019historien Jan Vansina, la domination coloniale se traduit par une exploitation \u00e9conomique brutale au service de la m\u00e9tropole :<strong> travail forc\u00e9, violences syst\u00e9matiques et d\u00e9placements massifs de populations marquent profond\u00e9ment les soci\u00e9t\u00e9s locales.<\/strong><\/p>\n<p>En redessinant les territoires, en bouleversant les rapports de pouvoir et en rigidifiant les identit\u00e9s, <strong>la colonisation a laiss\u00e9 un h\u00e9ritage explosif.<\/strong> Ces fractures historiques constituent<strong> l\u2019un des principaux terreaux des tensions ethno-politiques,<\/strong> des crises de gouvernance et des conflits arm\u00e9s qui secouent encore la r\u00e9gion des Grands Lacs depuis les ind\u00e9pendances.<\/p>\n<h2><strong>D\u2019o\u00f9 viennent les Banyamulenge, au c\u0153ur des conflits \u00e0 l\u2019Est de la RDC ?<\/strong><\/h2>\n<p>Pour comprendre la controverse qui entoure les Banyamulenge en R\u00e9publique d\u00e9mocratique du Congo, il faut remonter \u00e0 la fin du XIX\u1d49 si\u00e8cle, lorsque les puissances europ\u00e9ennes redessinent la carte de l\u2019Afrique. Lors de la Conf\u00e9rence de Berlin de 1884-1885,<strong> les fronti\u00e8res coloniales sont trac\u00e9es de mani\u00e8re largement arbitraire, fragmentant d\u2019anciens royaumes comme le Rwanda, le Burundi ou le Buganda, et s\u00e9parant \u2014 ou au contraire amalgamant \u2014 des communaut\u00e9s qui partageaient jusque-l\u00e0 des espaces et des liens anciens.<\/strong> \u00c0 la fin de la p\u00e9riode coloniale, ces fronti\u00e8res sont maintenues par les nouveaux \u00c9tats ind\u00e9pendants, conform\u00e9ment au principe de l\u2019Organisation de l\u2019unit\u00e9 africaine, afin d\u2019\u00e9viter des guerres de red\u00e9coupage territorial.<\/p>\n<figure id=\"attachment_1397912\" aria-describedby=\"caption-attachment-1397912\" style=\"width: 1024px\" class=\"wp-caption alignnone\"><img loading=\"lazy\" decoding=\"async\" class=\"wp-image-1397912\" src=\"https:\/\/mrmondialisation.org\/wp-content\/uploads\/2026\/01\/berlin-conference-1884-e1768904476898.jpg\" alt=\"\" width=\"1024\" height=\"716\" srcset=\"https:\/\/mrmondialisation.org\/wp-content\/uploads\/2026\/01\/berlin-conference-1884-e1768904476898.jpg 585w, https:\/\/mrmondialisation.org\/wp-content\/uploads\/2026\/01\/berlin-conference-1884-e1768904476898-100x70.jpg 100w\" sizes=\"auto, (max-width: 1024px) 100vw, 1024px\"\/><figcaption id=\"caption-attachment-1397912\" class=\"wp-caption-text\">La Conf\u00e9rence de Berlin de 1884-1885 scelle le partage du continent africain entre les puissances europ\u00e9ennes. <a target=\"_blank\" href=\"https:\/\/commons.wikimedia.org\/wiki\/File:Berlin_Conference_1884.jpg\">Wikimedia.<\/a><\/figcaption><\/figure>\n<p>C\u2019est dans ce contexte historique que s\u2019inscrit l\u2019installation des Banyamulenge \u00e0 l\u2019Est de l\u2019actuelle RDC. Selon l\u2019historienne Monique Chajmowicz,<strong> les Banyamulenge sont majoritairement descendants de pasteurs tutsis ayant quitt\u00e9 le Rwanda au d\u00e9but du XIX\u1d49 si\u00e8cle, \u00e0 la suite de conflits de pouvoir internes.<\/strong> Avec l\u2019accord des populations locales, ils s\u2019\u00e9tablissent d\u2019abord dans la r\u00e9gion d\u2019Uvira, sur les bas-plateaux du massif de l\u2019Itombwe, une zone montagneuse culminant \u00e0 pr\u00e8s de 3 800 m\u00e8tres.<\/p>\n<p>Progressivement, <strong>pour prot\u00e9ger leurs troupeaux de la malaria, acc\u00e9der \u00e0 de nouveaux p\u00e2turages et s\u2019\u00e9loigner de la tutelle des chefferies locales, ces groupes migrent vers les hauts-plateaux, alors peu exploit\u00e9s en raison d\u2019un climat rigoureux peu propice aux cultures tropicales.<\/strong> Leur implantation repose sur des alliances avec les communaut\u00e9s voisines, fond\u00e9es sur l\u2019\u00e9change de services et le don de produits d\u2019\u00e9levage contre des denr\u00e9es agricoles. C\u2019est ainsi que s\u2019ancre, sur le temps long, la pr\u00e9sence banyamulenge dans l\u2019Est congolais.<\/p>\n<p>Contrairement \u00e0 une id\u00e9e largement r\u00e9pandue, cette installation ne r\u00e9sulte pas d\u2019une politique coloniale de peuplement. Comme le souligne l\u2019historien Ren\u00e9 Lemarchand dans <em>Rwanda and Burundi<\/em> (1970), <strong>les mouvements de populations entre les hauts plateaux rwandais et l\u2019Est du Congo pr\u00e9c\u00e8dent largement le partage de l\u2019Afrique et la mise en place des administrations coloniales.<\/strong> Les fronti\u00e8res n\u2019ont jamais emp\u00each\u00e9 ces circulations r\u00e9gionales anciennes.<\/p>\n<p><strong>En revanche, durant la p\u00e9riode coloniale, les autorit\u00e9s belges favorisent effectivement l\u2019arriv\u00e9e de nouveaux migrants rwandais au Congo, principalement pour r\u00e9pondre \u00e0 des besoins \u00e9conomiques et de main-d\u2019\u0153uvre,<\/strong> un point \u00e9galement analys\u00e9 par Mahmood Mamdani dans <em>When Victims Become Killers<\/em> (2001). Une dynamique qui s\u2019intensifie apr\u00e8s la r\u00e9volution sociale rwandaise de 1959, lorsque des dizaines de milliers de Tutsis fuient les violences et trouvent refuge dans les pays voisins, dont le Congo belge.<\/p>\n<p>Cette succession de migrations, ant\u00e9rieures et post\u00e9rieures \u00e0 la colonisation, <strong>\u00e9claire les racines historiques d\u2019une pr\u00e9sence aujourd\u2019hui politis\u00e9e et instrumentalis\u00e9e.<\/strong> Elle rappelle surtout que la question des Banyamulenge ne peut \u00eatre comprise qu\u2019\u00e0 l\u2019aune d\u2019une histoire r\u00e9gionale marqu\u00e9e par la mobilit\u00e9, bien plus que par des fronti\u00e8res fig\u00e9es.<\/p>\n<div class=\"td-a-rec td-a-rec-id-content_inline  tdi_1 td_block_template_1\">\n<center><a target=\"_blank\" href=\"https:\/\/fr.tipeee.com\/mr-mondialisation\" class=\"tipeee-project-small\">Je m&rsquo;abonne \u00e0 Mr Mondialisation<\/a>&#13;<br \/>\n<\/center>&amp;nbsp<\/div>\n<p><iframe loading=\"lazy\" title=\"Pers\u00e9cutions des Banyamulenge: Pourquoi la communaut\u00e9 internationale reste indiff\u00e9rente ?\" width=\"1110\" height=\"624\" src=\"https:\/\/www.youtube.com\/embed\/t5pgyJWX_dA?feature=oembed\" frameborder=\"0\" allow=\"accelerometer; autoplay; clipboard-write; encrypted-media; gyroscope; picture-in-picture; web-share\" referrerpolicy=\"strict-origin-when-cross-origin\" allowfullscreen><\/iframe><\/p>\n<h2><strong>\u00ab Diviser pour r\u00e9gner \u00bb : l\u2019h\u00e9ritage belge et sa r\u00e9appropriation dans la r\u00e9gion<\/strong><\/h2>\n<p>\u00c0 l\u2019arriv\u00e9e des colonisateurs belges en Afrique centrale, \u00e0 la fin du XIX\u1d49 si\u00e8cle, l\u2019administration coloniale met en place <strong>une s\u00e9rie de m\u00e9canismes destin\u00e9s \u00e0 mieux contr\u00f4ler les territoires conquis.<\/strong> Parmi eux, une strat\u00e9gie centrale : <strong>l\u2019amplification \u2014 voire l\u2019invention \u2014 de diff\u00e9rences sociales et communautaires \u00e0 des fins politiques et administratives.<\/strong> Cette m\u00e9thode consiste \u00e0 figer des identit\u00e9s, \u00e0 hi\u00e9rarchiser les groupes et \u00e0 opposer les communaut\u00e9s pour affaiblir toute contestation collective.<\/p>\n<p>Selon plusieurs rapports sur le pass\u00e9 colonial belge, <a target=\"_blank\" href=\"https:\/\/www.rtbf.be\/article\/voici-le-rapport-sur-le-passe-colonial-belge-quand-l-histoire-continue-de-deranger-notre-monde-politique-11324605\">relay\u00e9s notamment par la RTBF,<\/a> cette politique se traduit au Rwanda et au Burundi par <strong>un favoritisme institutionnalis\u00e9 envers les Tutsi.<\/strong> L\u2019acc\u00e8s \u00e0 l\u2019\u00e9ducation, aux fonctions administratives et aux postes d\u2019autorit\u00e9 leur est largement facilit\u00e9,<strong> renfor\u00e7ant leur position sociale au d\u00e9triment des Hutu.<\/strong> Human Rights Watch souligne, <a target=\"_blank\" href=\"https:\/\/www.hrw.org\/reports\/1999\/rwanda\/Geno1-3-09.htm\">dans un rapport publi\u00e9 en 1999,<\/a> que cette hi\u00e9rarchisation repose sur <strong>la transformation de distinctions sociales historiquement fluides \u2014 Hutu, Tutsi et Twa \u2014 en cat\u00e9gories ethniques rigides, adoss\u00e9es \u00e0 une id\u00e9ologie raciale : la th\u00e9orie hamitique, qui postule une pr\u00e9tendue sup\u00e9riorit\u00e9 des Tutsi.<\/strong><\/p>\n<p>Cette logique n\u2019est pas limit\u00e9e au Rwanda. <strong>Dans l\u2019ensemble des territoires plac\u00e9s sous administration belge, y compris au Burundi et au Congo belge, la manipulation des appartenances identitaires devient un outil de gouvernement.<\/strong> \u00c0 l\u2019ind\u00e9pendance, ces clivages h\u00e9rit\u00e9s ne disparaissent pas. En R\u00e9publique d\u00e9mocratique du Congo, ils sont m\u00eame r\u00e9activ\u00e9s par le droit. <a target=\"_blank\" href=\"https:\/\/www.brusselstimes.com\/1088868\/the-anti-tutsi-racism-that-caused-genocide-in-rwanda-still-threatens-lives-in-dr-congo\">Selon <em>The Brussels Times<\/em>,<\/a> <strong>une loi adopt\u00e9e en 1981 restreint l\u2019acc\u00e8s \u00e0 la citoyennet\u00e9 en r\u00e9voquant celle des communaut\u00e9s arriv\u00e9es apr\u00e8s 1885.<\/strong> Dans les faits, ce texte est appliqu\u00e9 de mani\u00e8re discriminatoire \u00e0 l\u2019encontre des Banyamulenge et d\u2019autres groupes qualifi\u00e9s de \u00ab rwandophones \u00bb, d\u00e9sormais assimil\u00e9s \u00e0 des populations \u00e9trang\u00e8res ou non autochtones.<\/p>\n<p>D\u00e8s lors, la question de l\u2019identit\u00e9 banyamulenge devient un levier politique et s\u00e9curitaire majeur.\u00a0Dans ce contexte, <strong>le mouvement rebelle du 23 mars (M23) se pr\u00e9sente comme un protecteur des Banyamulenge. Le groupe affirme prendre les armes pour d\u00e9fendre une communaut\u00e9 qu\u2019il juge menac\u00e9e et priv\u00e9e de droits, notamment en raison de la contestation persistante de sa citoyennet\u00e9 par les autorit\u00e9s de Kinshasa (capitale de la RDC).<\/strong> Cette justification est cependant largement remise en cause sur la sc\u00e8ne internationale.<\/p>\n<figure id=\"attachment_1397943\" aria-describedby=\"caption-attachment-1397943\" style=\"width: 1024px\" class=\"wp-caption alignnone\"><img loading=\"lazy\" decoding=\"async\" class=\"wp-image-1397943 size-medium\" src=\"https:\/\/mrmondialisation.org\/wp-content\/uploads\/2026\/01\/m23-troops-bunagana-4-1024x680.jpg\" alt=\"\" width=\"1024\" height=\"680\" srcset=\"https:\/\/mrmondialisation.org\/wp-content\/uploads\/2026\/01\/m23-troops-bunagana-4-1024x680.jpg 1024w, https:\/\/mrmondialisation.org\/wp-content\/uploads\/2026\/01\/m23-troops-bunagana-4-768x510.jpg 768w, https:\/\/mrmondialisation.org\/wp-content\/uploads\/2026\/01\/m23-troops-bunagana-4-696x462.jpg 696w, https:\/\/mrmondialisation.org\/wp-content\/uploads\/2026\/01\/m23-troops-bunagana-4-1068x709.jpg 1068w, https:\/\/mrmondialisation.org\/wp-content\/uploads\/2026\/01\/m23-troops-bunagana-4-632x420.jpg 632w, https:\/\/mrmondialisation.org\/wp-content\/uploads\/2026\/01\/m23-troops-bunagana-4.jpg 1280w\" sizes=\"auto, (max-width: 1024px) 100vw, 1024px\"\/><figcaption id=\"caption-attachment-1397943\" class=\"wp-caption-text\">Des combattants du M23. <a target=\"_blank\" href=\"https:\/\/commons.wikimedia.org\/wiki\/File:M23_troops_Bunagana_4.jpg\">Wikimedia.<\/a><\/figcaption><\/figure>\n<p data-start=\"955\" data-end=\"1405\"><strong>Plusieurs rapports des Nations unies et d\u2019organisations ind\u00e9pendantes d\u00e9crivent le M23 comme un groupe \u00e9troitement soutenu par le Rwanda. Le gouvernement rwandais rejette ces accusations.<\/strong> Il affirme que toute pr\u00e9sence de ses forces dans l\u2019Est de la RDC vise exclusivement \u00e0 lutter contre les groupes arm\u00e9s responsables du g\u00e9nocide des Tutsi de 1994, toujours actifs selon lui sur le sol congolais.<\/p>\n<p data-start=\"1410\" data-end=\"1848\">Cette divergence de r\u00e9cits masque toutefois des int\u00e9r\u00eats plus larges. Selon de nombreux rapports internationaux, <strong>le soutien rwandais au M23 s\u2019inscrirait aussi dans une strat\u00e9gie de contr\u00f4le des territoires riches en ressources naturelles de l\u2019Est congolais.<\/strong> La question banyamulenge devient ainsi un argument mobilis\u00e9 dans un conflit aux enjeux bien plus vastes, m\u00ealant s\u00e9curit\u00e9 r\u00e9gionale, rivalit\u00e9s politiques et exploitation \u00e9conomique.<\/p>\n<p>Ainsi, la politique de \u00ab diviser pour r\u00e9gner \u00bb n\u2019est aujourd\u2019hui plus l\u2019apanage de l\u2019ancien colonisateur, et est d\u00e9sormais r\u00e9appropri\u00e9e par des acteurs nationaux et r\u00e9gionaux. <a target=\"_blank\" href=\"https:\/\/afriquemedia.tv\/2022\/12\/18\/a-qui-profite-le-conflit-avec-le-m23\/\">Selon le s\u00e9nateur rwandais Tito Rutaremara, cit\u00e9 par <em>Afrique M\u00e9dia<\/em>,<\/a> <strong>les autorit\u00e9s congolaises perp\u00e9tuent cette logique h\u00e9rit\u00e9e de la colonisation pour consolider leur pouvoir.<\/strong><\/p>\n<h2><strong>La prolif\u00e9ration des discours de haine<\/strong><\/h2>\n<p>Depuis plus de trois d\u00e9cennies,<strong> les discours de haine se sont install\u00e9s durablement dans l\u2019espace socio-politique de la r\u00e9gion des Grands Lacs.<\/strong> Ils r\u00e9apparaissent avec une intensit\u00e9 particuli\u00e8re lors des p\u00e9riodes de crise et de conflit arm\u00e9. <a target=\"_blank\" href=\"https:\/\/spectator.clingendael.org\/en\/publication\/anti-tutsi-hate-speech-refuels-conflict-eastern-dr-congo\">Selon l\u2019analyste F\u00e9lix Mukwiza Ndahinda,<\/a> <strong>ces discours sont r\u00e9guli\u00e8rement instrumentalis\u00e9s par des acteurs politiques et militaires pour diaboliser l\u2019adversaire, le d\u00e9shumaniser et, ce faisant, rendre la violence \u00e0 son encontre socialement acceptable, voire l\u00e9gitime.<\/strong><\/p>\n<p>Cette dynamique est amplifi\u00e9e par les r\u00e9seaux sociaux. <a target=\"_blank\" href=\"https:\/\/www.tandfonline.com\/doi\/full\/10.1080\/14623528.2022.2078578\">Une \u00e9tude publi\u00e9e dans le <em>Journal of Genocide Research<\/em> <\/a>rel\u00e8ve que <strong>les messages de haine, les th\u00e9ories du complot et les contenus stigmatisants visant les Banyamulenge et, plus largement, les Tutsi, circulent massivement sur des plateformes congolaises comme WhatsApp et Facebook.<\/strong> Les auteurs soulignent que ces contenus ne proviennent pas uniquement de marges radicalis\u00e9es. Ils sont aussi relay\u00e9s par des responsables politiques populistes, des dirigeants et sympathisants de groupes arm\u00e9s, des figures de la soci\u00e9t\u00e9 civile, ainsi que par des membres de communaut\u00e9s voisines radicalis\u00e9es. <strong>La diaspora congolaise, install\u00e9e en Europe, en Am\u00e9rique du Nord et en Afrique australe, joue \u00e9galement un r\u00f4le non n\u00e9gligeable dans la diffusion et l\u2019amplification de ces discours, contribuant \u00e0 envenimer les tensions sur le terrain.<\/strong><\/p>\n<p>Un \u00e9pisode r\u00e9cent illustre la gravit\u00e9 de cette d\u00e9rive jusque dans les plus hautes sph\u00e8res de l\u2019\u00c9tat. <strong>Le 27 d\u00e9cembre 2025, sur les ondes de la Radio-T\u00e9l\u00e9vision nationale congolaise (RTNC), le g\u00e9n\u00e9ral Sylvain Ekenge, porte-parole des Forces arm\u00e9es de la RDC (FARDC), tient publiquement des propos \u00e0 caract\u00e8re x\u00e9nophobe visant les femmes tutsi.<\/strong> Ses d\u00e9clarations, diffus\u00e9es \u00e0 une heure de grande \u00e9coute, v\u00e9hiculent des st\u00e9r\u00e9otypes raciaux et des accusations complotistes, sugg\u00e9rant une suppos\u00e9e \u00ab infiltration \u00bb des communaut\u00e9s \u00e0 travers les mariages.<\/p>\n<figure id=\"attachment_1397944\" aria-describedby=\"caption-attachment-1397944\" style=\"width: 1024px\" class=\"wp-caption alignnone\"><img loading=\"lazy\" decoding=\"async\" class=\"wp-image-1397944 size-medium\" src=\"https:\/\/mrmondialisation.org\/wp-content\/uploads\/2026\/01\/f180fd8-upload-1-akngzd7dmnja-capture-d-e-cran-2025-12-29-a-16-58-35-2-e1768904927695-1024x590.avif\" alt=\"\" width=\"1024\" height=\"590\" srcset=\"https:\/\/mrmondialisation.org\/wp-content\/uploads\/2026\/01\/f180fd8-upload-1-akngzd7dmnja-capture-d-e-cran-2025-12-29-a-16-58-35-2-e1768904927695-1024x590.avif 1024w, https:\/\/mrmondialisation.org\/wp-content\/uploads\/2026\/01\/f180fd8-upload-1-akngzd7dmnja-capture-d-e-cran-2025-12-29-a-16-58-35-2-e1768904927695-768x443.avif 768w, https:\/\/mrmondialisation.org\/wp-content\/uploads\/2026\/01\/f180fd8-upload-1-akngzd7dmnja-capture-d-e-cran-2025-12-29-a-16-58-35-2-e1768904927695-696x401.avif 696w, https:\/\/mrmondialisation.org\/wp-content\/uploads\/2026\/01\/f180fd8-upload-1-akngzd7dmnja-capture-d-e-cran-2025-12-29-a-16-58-35-2-e1768904927695-1068x616.avif 1068w, https:\/\/mrmondialisation.org\/wp-content\/uploads\/2026\/01\/f180fd8-upload-1-akngzd7dmnja-capture-d-e-cran-2025-12-29-a-16-58-35-2-e1768904927695-729x420.avif 729w, https:\/\/mrmondialisation.org\/wp-content\/uploads\/2026\/01\/f180fd8-upload-1-akngzd7dmnja-capture-d-e-cran-2025-12-29-a-16-58-35-2-e1768904927695.avif 1086w\" sizes=\"auto, (max-width: 1024px) 100vw, 1024px\"\/><figcaption id=\"caption-attachment-1397944\" class=\"wp-caption-text\">Sylvain Ekenge, porte-parole des forces arm\u00e9es nationales congolaises, sur les ondes de la Radio-T\u00e9l\u00e9vision nationale congolaise, le 27 d\u00e9cembre 2025, sur une capture d\u2019\u00e9cran de son intervention. RTNC\/YOUTUBE<\/figcaption><\/figure>\n<p>L\u2019\u00e9change est d\u2019autant plus pr\u00e9occupant que<strong> le journaliste pr\u00e9sent en studio ne contredit pas ces propos, mais les prolonge, donnant l\u2019impression d\u2019une banalisation de la stigmatisation.<\/strong> <a target=\"_blank\" href=\"https:\/\/www.lemonde.fr\/international\/article\/2025\/12\/29\/rdc-le-porte-parole-de-l-armee-suspendu-pour-propos-racistes-contre-les-tutsi_6659757_3210.html\">Face \u00e0 l\u2019indignation suscit\u00e9e, Sylvain Ekenge est suspendu de ses fonctions le 28 d\u00e9cembre.<\/a> Dans un communiqu\u00e9, l\u2019\u00e9tat-major g\u00e9n\u00e9ral des FARDC condamne des propos <em>\u00ab contraires aux valeurs r\u00e9publicaines \u00bb<\/em> et affirme qu\u2019ils <em>\u00ab ne refl\u00e8tent ni la position de la RDC, ni celle du pr\u00e9sident de la R\u00e9publique, ni celle du gouvernement \u00bb.<\/em><\/p>\n<p>Mais pour de nombreux observateurs, le mal est d\u00e9j\u00e0 fait.<strong> Ce type de discours, tenu par un haut responsable militaire, renforce la perception des Banyamulenge comme des ennemis ou des \u00e9trangers de l\u2019int\u00e9rieur.<\/strong> Il alimente le sentiment, largement exprim\u00e9 au sein de cette communaut\u00e9, de faire face \u00e0 une exclusion syst\u00e9mique, voire \u00e0 une menace d\u2019extermination.<\/p>\n<h3><strong>Le retour de l\u2019\u00ab empire He(i)ma \u00bb : un complot ethnique qui se r\u00e9gionalise<\/strong><\/h3>\n<p>Dans un contexte o\u00f9 l\u2019information circule instantan\u00e9ment sur les r\u00e9seaux sociaux, les th\u00e9ories complotistes se m\u00ealent \u00e0 la bonne information, brouillant la perception des conflits. L\u2019une des plus persistantes dans la r\u00e9gion des Grands Lacs concerne <strong>le pr\u00e9tendu retour de l\u2019\u00ab empire He(i)ma \u00bb \u2014 un terme utilis\u00e9 pour d\u00e9signer les Tutsi qui auraient exerc\u00e9 une influence politique et \u00e9conomique sur une partie du Rwanda, de l\u2019Ouganda et de l\u2019Est de la RDC.<\/strong><\/p>\n<p><strong>Certains acteurs locaux, notamment parmi les Lendu, pr\u00e9sentent les He(i)ma comme une \u00e9lite autoproclam\u00e9e, anim\u00e9e par un d\u00e9sir inn\u00e9 de domination. Inversement, les He(i)ma d\u00e9peignent les Lendu comme des \u00ab sauvages \u00bb, g\u00e9nocidaires et incapables de gouverner.<\/strong> Cette diabolisation r\u00e9ciproque n\u2019est pas nouvelle. <a target=\"_blank\" href=\"https:\/\/shs.cairn.info\/revue-politique-africaine-2003-1-page-181?lang=fr\">Selon l\u2019historien Alphonse Maindo Monga Ngonga<\/a> :<\/p>\n<blockquote>\n<p><strong>\u00ab\u202fLes premiers conflits auraient eu lieu vers 1885 lorsque les pasteurs hema du Sud vinrent faire pa\u00eetre leurs troupeaux bovins chez les Lendu avec l\u2019aide des Anglais qui voulaient les imposer, mais cela a chauff\u00e9. Par la suite, il y eut d\u2019autres guerres en 1911, 1921, 1975, 1982 et 1994. Cependant, il n\u2019y en a jamais eu d\u2019aussi longues et meurtri\u00e8res.\u202f\u00bb<\/strong><\/p>\n<\/blockquote>\n<p><strong>Les Banyamulenge, partageant avec les He(i)ma la m\u00eame origine tutsie et les m\u00eames activit\u00e9s pastorales, sont aujourd\u2019hui accus\u00e9s \u2014 sans preuves v\u00e9rifiables \u2014 de nourrir des ambitions similaires :<\/strong> restaurer la domination des He(i)ma sur les pays voisins comme le Rwanda, l\u2019Ouganda ou le Burundi. De tels discours complotistes, qui attribuent \u00e0 toute une ethnie des intentions h\u00e9g\u00e9moniques, exacerbent les tensions dans une r\u00e9gion d\u00e9j\u00e0 profond\u00e9ment fractur\u00e9e et ethniquement polaris\u00e9e.<\/p>\n<p><iframe loading=\"lazy\" title=\"RDC : les enjeux du conflit dans l&#039;Est avec Alphonse Maindo\" width=\"1110\" height=\"624\" src=\"https:\/\/www.youtube.com\/embed\/R4wUjVvvuzE?feature=oembed\" frameborder=\"0\" allow=\"accelerometer; autoplay; clipboard-write; encrypted-media; gyroscope; picture-in-picture; web-share\" referrerpolicy=\"strict-origin-when-cross-origin\" allowfullscreen><\/iframe><\/p>\n<p>La propagation de ces r\u00e9cits discriminatoires et excluants menace de transformer une instabilit\u00e9 locale en crise r\u00e9gionale. Avec le conflit congolais qui peut facilement d\u00e9bord\u00e9 vers les pays voisins, la situation devient critique. Il est d\u00e9sormais essentiel de <strong>promouvoir le dialogue, la coop\u00e9ration transfrontali\u00e8re et la responsabilit\u00e9 dans les discours publics<\/strong>, tout en bannissant les messages haineux, afin d\u2019\u00e9viter une escalade aux cons\u00e9quences catastrophiques et <a target=\"_blank\" href=\"https:\/\/mrmondialisation.org\/interets-petroliers-et-milices-armees-menacent-lest-du-congo\/\">de pr\u00e9server la stabilit\u00e9 dans l\u2019ensemble de la r\u00e9gion des Grands Lacs et de l\u2019Afrique de l\u2019Est.<\/a><\/p>\n<p style=\"text-align: right;\">\u2013<strong><em> Th\u00e9rence Hategekimana<\/em><\/strong><b><u\/><\/b><\/p>\n<div class=\"td-a-rec td-a-rec-id-content_bottom  tdi_2 td_block_template_1\">\n<span class=\"td-adspot-title\">&#8211; Cet article gratuit, ind\u00e9pendant et sans IA existe gr\u00e2ce aux abonn\u00e9s &#8211;<\/span><\/p>\n<div class=\"td-all-devices\">\n    <a target=\"_blank\" href=\"https:\/\/mrmondialisation.org\/donation\/\" title=\"Faire_un_don\"><img decoding=\"async\" class=\"donationArticle\" src=\"https:\/\/mrmondialisation.org\/wp-content\/uploads\/2022\/12\/220405-flikalicious-final.jpg\" alt=\"Donation\"\/><\/a>\n<\/div>\n<\/div><\/div>\n<p><br \/>\n<br \/><a href=\"https:\/\/mrmondialisation.org\/est-congolais-heritage-colonial-belge-haine\/\" target=\"_blank\"\">Source link <\/a><\/p>\n","protected":false},"excerpt":{"rendered":"<p>Dans l\u2019Est congolais, les rivalit\u00e9s locales s\u2019inscrivent dans une continuit\u00e9 troublante : celle des strat\u00e9gies de division mises en place durant la colonisation belge, entre la fin du XIX\u1d49 si\u00e8cle&hellip; <\/p>\n","protected":false},"author":1,"featured_media":22751,"comment_status":"open","ping_status":"open","sticky":false,"template":"","format":"standard","meta":{"footnotes":""},"categories":[1],"tags":[],"class_list":["post-22750","post","type-post","status-publish","format-standard","has-post-thumbnail","hentry","category-non-classe"],"_links":{"self":[{"href":"https:\/\/monde25.info\/index.php\/wp-json\/wp\/v2\/posts\/22750","targetHints":{"allow":["GET"]}}],"collection":[{"href":"https:\/\/monde25.info\/index.php\/wp-json\/wp\/v2\/posts"}],"about":[{"href":"https:\/\/monde25.info\/index.php\/wp-json\/wp\/v2\/types\/post"}],"author":[{"embeddable":true,"href":"https:\/\/monde25.info\/index.php\/wp-json\/wp\/v2\/users\/1"}],"replies":[{"embeddable":true,"href":"https:\/\/monde25.info\/index.php\/wp-json\/wp\/v2\/comments?post=22750"}],"version-history":[{"count":0,"href":"https:\/\/monde25.info\/index.php\/wp-json\/wp\/v2\/posts\/22750\/revisions"}],"wp:featuredmedia":[{"embeddable":true,"href":"https:\/\/monde25.info\/index.php\/wp-json\/wp\/v2\/media\/22751"}],"wp:attachment":[{"href":"https:\/\/monde25.info\/index.php\/wp-json\/wp\/v2\/media?parent=22750"}],"wp:term":[{"taxonomy":"category","embeddable":true,"href":"https:\/\/monde25.info\/index.php\/wp-json\/wp\/v2\/categories?post=22750"},{"taxonomy":"post_tag","embeddable":true,"href":"https:\/\/monde25.info\/index.php\/wp-json\/wp\/v2\/tags?post=22750"}],"curies":[{"name":"wp","href":"https:\/\/api.w.org\/{rel}","templated":true}]}}