{"id":22752,"date":"2026-01-21T07:15:39","date_gmt":"2026-01-21T06:15:39","guid":{"rendered":"https:\/\/monde25.info\/index.php\/2026\/01\/21\/lotan-sous-pression-lalliance-transatlantique-seffrite\/"},"modified":"2026-01-21T07:15:39","modified_gmt":"2026-01-21T06:15:39","slug":"lotan-sous-pression-lalliance-transatlantique-seffrite","status":"publish","type":"post","link":"https:\/\/monde25.info\/index.php\/2026\/01\/21\/lotan-sous-pression-lalliance-transatlantique-seffrite\/","title":{"rendered":"L\u2019OTAN sous pression : l\u2019alliance transatlantique s\u2019effrite"},"content":{"rendered":"<p> <br \/>\n<\/p>\n<div>\n<ol class=\"campaign-loop campaign-list\">\n<li id=\"campaign-482494\" class=\"post-482494 campaign type-campaign status-publish hentry campaign-has-goal campaign-has-achieved-goal campaign-has-end-date campaign-has-not-ended\">\n\t<a target=\"_blank\" href=\"https:\/\/reseauinternational.net\/campaigns\/campagne-de-dons-septembre-octobre-2025\/\"><\/p>\n<h3>Soutenez-nous<\/h3>\n<p>\t\t\t<\/a><\/p>\n<p>\n\tVotre soutien nous est indispensable pour continuer \u00e0 vous fournir le meilleur de l\u2019information internationale alternative. C\u2019est gr\u00e2ce \u00e0 vos dons que nous pourrons maintenir le cap pour une information plurielle et r\u00e9ellement alternative. Nous comptons sur vous.<\/p>\n<\/li>\n<\/ol>\n<p>par <strong>Zuerst<\/strong><\/p>\n<p>Les fondations de l\u2019alliance militaire occidentale tremblent. De Paris \u00e0 Ankara, les d\u00e9veloppements actuels indiquent un processus d\u2019\u00e9rosion profonde qui menace de plonger l\u2019OTAN dans l\u2019une de ses crises les plus graves depuis sa cr\u00e9ation.<\/p>\n<p>En France, le 9 janvier, la vice-pr\u00e9sidente de l\u2019Assembl\u00e9e nationale, Cl\u00e9mence Guett\u00e9, du rassemblement de gauche \u00abLa France Insoumise\u00bb, a d\u00e9pos\u00e9 une proposition de r\u00e9solution pour sortir de l\u2019OTAN. Elle justifie cette d\u00e9marche par la politique \u00abagressive\u00bb des \u00c9tats-Unis sous Donald Trump, qui repr\u00e9senterait une menace pour la souverainet\u00e9 fran\u00e7aise. \u00ab<em>Les \u00c9tats-Unis enl\u00e8vent un chef d\u2019\u00c9tat, ce qui montre que l\u2019OTAN ne sert plus nos int\u00e9r\u00eats<\/em>\u00bb, indique la d\u00e9claration. Bien que cette \u00e9tape soit pour l\u2019instant symbolique, elle t\u00e9moigne du m\u00e9contentement croissant des Fran\u00e7ais envers l\u2019alliance occidentale. M\u00eame dans la droite, les voix se font de plus en plus entendre pour r\u00e9clamer une sortie de l\u2019OTAN.<\/p>\n<p>Plus inqui\u00e9tant encore est le retrait d\u2019un partenaire cl\u00e9 de longue date \u00e0 la fronti\u00e8re est. La Turquie, qui dispose, derri\u00e8re les \u00c9tats-Unis, de la deuxi\u00e8me arm\u00e9e la plus puissante de l\u2019alliance, n\u00e9gocie intens\u00e9ment son adh\u00e9sion \u00e0 un nouveau pacte de d\u00e9fense forg\u00e9 entre l\u2019Arabie saoudite et le Pakistan. L\u2019accord conclu en septembre 2025 pr\u00e9voit une clause d\u2019alliance selon le mod\u00e8le de l\u2019article 5 de l\u2019OTAN. Des m\u00e9dias comme Bloomberg parlent d\u2019une \u00abOTAN islamique\u00bb en gestation. Une entr\u00e9e de la Turquie dans ce pacte d\u00e9placerait fondamentalement l\u2019orientation strat\u00e9gique d\u2019Ankara vers l\u2019est et pourrait r\u00e9v\u00e9ler une contradiction majeure avec les engagements de l\u2019OTAN.<\/p>\n<p>Les relations transatlantiques sont \u00e9galement fortement fragilis\u00e9es. La Premi\u00e8re ministre danoise, Mette Frederiksen, a r\u00e9cemment averti qu\u2019une attaque am\u00e9ricaine contre le membre de l\u2019OTAN qu\u2019est le Groenland, signifierait la fin de l\u2019alliance. La destruction du gazoduc Nord Stream a d\u00e9j\u00e0 gravement endommag\u00e9 la confiance \u2013 car en coulisses, les \u00c9tats-Unis seraient consid\u00e9r\u00e9s comme le seul responsable plausible du sabotage sans pr\u00e9c\u00e9dent de septembre 2022.<\/p>\n<p>Par ailleurs, l\u2019Union europ\u00e9enne imagine, dans ses plans, une structure de d\u00e9fense plus autonome, ce que certains observateurs interpr\u00e8tent comme une pr\u00e9paration \u00e0 une \u00e9ventuelle \u00abUE-OTAN\u00bb sans influence r\u00e9elle des \u00c9tats-nations. Cependant, les plans pour une alliance de d\u00e9fense europ\u00e9enne sans les \u00c9tats-Unis existent presque depuis aussi longtemps que l\u2019OTAN elle-m\u00eame \u2013 mais n\u2019ont jamais abouti.<\/p>\n<p>N\u00e9anmoins, les fissures dans l\u2019alliance deviennent de plus en plus visibles. La fa\u00e7ade unitaire se fissure. L\u2019\u00e8re de l\u2019ordre mondial multipolaire pourrait effectivement annoncer la fin de l\u2019OTAN. Surtout parce que Washington pourrait en tirer un avantage concret \u2013 les \u00c9tats-Unis pourraient soudainement \u00e9conomiser d\u2019\u00e9normes d\u00e9penses et les faire supporter aux Europ\u00e9ens, qui semblent d\u00e9j\u00e0 \u00e0 bout de souffle. 2026 pourrait devenir l\u2019ann\u00e9e d\u00e9cisive.<\/p>\n<p>source : Zuerst vie <a target=\"_blank\" href=\"http:\/\/euro-synergies.hautetfort.com\/archive\/2026\/01\/19\/l-otan-sous-pression-l-alliance-transatlantique-s-effrite.html\" target=\"_blank\" rel=\"noopener\" title=\"\">Euro-Synergies<\/a><\/p>\n<div class=\"sharedaddy sd-block sd-like jetpack-likes-widget-wrapper jetpack-likes-widget-unloaded\" id=\"like-post-wrapper-237719536-506954-69705f1f61a70\" data-src=\"https:\/\/widgets.wp.com\/likes\/?ver=15.2#blog_id=237719536&amp;post_id=506954&amp;origin=reseauinternational.net&amp;obj_id=237719536-506954-69705f1f61a70\" data-name=\"like-post-frame-237719536-506954-69705f1f61a70\" data-title=\"Aimer ou rebloguer\">\n<h3 class=\"sd-title\">J\u2019aime \u00e7a\u00a0:<\/h3>\n<p><span class=\"button\"><span>J\u2019aime<\/span><\/span> <span class=\"loading\">chargement\u2026<\/span><\/p>\n<p><span class=\"sd-text-color\"\/><a target=\"_blank\" class=\"sd-link-color\"\/><\/div>\n<p><meta itemscope=\"\" itemprop=\"mainEntityOfPage\" itemtype=\"https:\/\/schema.org\/WebPage\" itemid=\"https:\/\/reseauinternational.net\/lotan-sous-pression-lalliance-transatlantique-seffrite\/\"\/><meta itemprop=\"headline\" content=\"L\u2019OTAN sous pression : l\u2019alliance transatlantique s\u2019effrite\"\/><span style=\"display: none;\" itemprop=\"author\" itemscope=\"\" itemtype=\"https:\/\/schema.org\/Person\"><meta itemprop=\"name\" content=\"R\u00e9seau International\"\/><\/span><span style=\"display: none;\" itemprop=\"image\" itemscope=\"\" itemtype=\"https:\/\/schema.org\/ImageObject\"><meta itemprop=\"url\" content=\"https:\/\/i0.wp.com\/reseauinternational.net\/wp-content\/uploads\/2026\/01\/Sans-titre-30-5.png?fit=800%2C467&amp;ssl=1\"\/><meta itemprop=\"width\" content=\"800\"\/><meta itemprop=\"height\" content=\"467\"\/><\/span><span style=\"display: none;\" itemprop=\"publisher\" itemscope=\"\" itemtype=\"https:\/\/schema.org\/Organization\"><span style=\"display: none;\" itemprop=\"logo\" itemscope=\"\" itemtype=\"https:\/\/schema.org\/ImageObject\"><meta itemprop=\"url\" content=\"https:\/\/reseauinternational.net\/wp-content\/uploads\/2022\/06\/Capture-de\u0301cran-2022-06-14-a\u0300-16.51.07.png\"\/><\/span><meta itemprop=\"name\" content=\"R\u00e9seau International\"\/><\/span><meta itemprop=\"datePublished\" content=\"2026-01-20T13:26:17+00:00\"\/><meta itemprop=\"dateModified\" content=\"2026-01-20T13:26:40+00:00\"\/><\/div>\n<p><br \/>\n<br \/><a href=\"https:\/\/reseauinternational.net\/lotan-sous-pression-lalliance-transatlantique-seffrite\/\" target=\"_blank\"\">Source link <\/a><\/p>\n","protected":false},"excerpt":{"rendered":"<p>Soutenez-nous Votre soutien nous est indispensable pour continuer \u00e0 vous fournir le meilleur de l\u2019information internationale alternative. C\u2019est gr\u00e2ce \u00e0 vos dons que nous pourrons maintenir le cap pour une&hellip; <\/p>\n","protected":false},"author":1,"featured_media":22753,"comment_status":"open","ping_status":"open","sticky":false,"template":"","format":"standard","meta":{"footnotes":""},"categories":[1],"tags":[],"class_list":["post-22752","post","type-post","status-publish","format-standard","has-post-thumbnail","hentry","category-non-classe"],"_links":{"self":[{"href":"https:\/\/monde25.info\/index.php\/wp-json\/wp\/v2\/posts\/22752","targetHints":{"allow":["GET"]}}],"collection":[{"href":"https:\/\/monde25.info\/index.php\/wp-json\/wp\/v2\/posts"}],"about":[{"href":"https:\/\/monde25.info\/index.php\/wp-json\/wp\/v2\/types\/post"}],"author":[{"embeddable":true,"href":"https:\/\/monde25.info\/index.php\/wp-json\/wp\/v2\/users\/1"}],"replies":[{"embeddable":true,"href":"https:\/\/monde25.info\/index.php\/wp-json\/wp\/v2\/comments?post=22752"}],"version-history":[{"count":0,"href":"https:\/\/monde25.info\/index.php\/wp-json\/wp\/v2\/posts\/22752\/revisions"}],"wp:featuredmedia":[{"embeddable":true,"href":"https:\/\/monde25.info\/index.php\/wp-json\/wp\/v2\/media\/22753"}],"wp:attachment":[{"href":"https:\/\/monde25.info\/index.php\/wp-json\/wp\/v2\/media?parent=22752"}],"wp:term":[{"taxonomy":"category","embeddable":true,"href":"https:\/\/monde25.info\/index.php\/wp-json\/wp\/v2\/categories?post=22752"},{"taxonomy":"post_tag","embeddable":true,"href":"https:\/\/monde25.info\/index.php\/wp-json\/wp\/v2\/tags?post=22752"}],"curies":[{"name":"wp","href":"https:\/\/api.w.org\/{rel}","templated":true}]}}