{"id":22760,"date":"2026-01-21T10:00:53","date_gmt":"2026-01-21T09:00:53","guid":{"rendered":"https:\/\/monde25.info\/index.php\/2026\/01\/21\/marine-tondelier-a-un-diner-catholique-lie-a-lextreme-droite-la-gene-persiste-chez-les-ecologistes\/"},"modified":"2026-01-21T10:00:53","modified_gmt":"2026-01-21T09:00:53","slug":"marine-tondelier-a-un-diner-catholique-lie-a-lextreme-droite-la-gene-persiste-chez-les-ecologistes","status":"publish","type":"post","link":"https:\/\/monde25.info\/index.php\/2026\/01\/21\/marine-tondelier-a-un-diner-catholique-lie-a-lextreme-droite-la-gene-persiste-chez-les-ecologistes\/","title":{"rendered":"Marine Tondelier \u00e0 un d\u00eener catholique li\u00e9 \u00e0 l&#039;extr\u00eame droite\u00a0: la g\u00eane persiste chez Les \u00c9cologistes"},"content":{"rendered":"<p> <br \/>\n<br \/><img loading=\"lazy\" decoding=\"async\" src=\"https:\/\/reporterre.net\/local\/cache-vignettes\/L700xH467\/tondelier-batisseurs-5db63.jpg?1768981352\" class=\"spip_logo\" width=\"700\" height=\"467\" alt=\"\" \/><\/p>\n<p>La venue de Marine Tondelier au D\u00eener des b\u00e2tisseurs, fin 2025, ne passe toujours pas chez Les \u00c9cologistes. Cet \u00e9v\u00e9nement, r\u00e9unissant 600 leaders catholiques, a des liens avec les milliardaires r\u00e9actionnaires Pierre-\u00c9douard St\u00e9rin et Vincent Bollor\u00e9. <br class=\"autobr\" \/> \u00ab<small class=\"fine d-inline\">\u00a0<\/small>La r\u00e9alit\u00e9, c&rsquo;est que cette information nous fait honte.<small class=\"fine d-inline\">\u00a0<\/small>\u00bb Pour comprendre ce malaise exprim\u00e9 par une militante \u00e9cologiste, il faut remonter le temps. \u00c0 commencer par le 27\u00a0novembre, lorsque Marine Tondelier participait au D\u00eener des\u00a0(\u2026)<\/p>\n<p>                    <a target=\"_blank\" href=\"https:\/\/reporterre.net\/Marine-Tondelier-a-un-diner-catholique-lie-a-l-extreme-droite-la-gene-persiste-chez-Les-Ecologistes?utm_source=RSS&amp;utm_medium=RSS\">Lire la suite<\/a><\/p>\n<p>                    &#8211;<br \/>\n                        <a target=\"_blank\" href=\"https:\/\/reporterre.net\/Autres-infos\" rel=\"directory\">Info<\/a><\/p>\n<p>                    \/<br \/>\n                        <a target=\"_blank\" href=\"https:\/\/reporterre.net\/Politique\" rel=\"tag\">Politique<\/a><br \/>\n<br \/><br \/>\n<br \/><a href=\"https:\/\/reporterre.net\/Marine-Tondelier-a-un-diner-catholique-lie-a-l-extreme-droite-la-gene-persiste-chez-Les-Ecologistes\" target=\"_blank\"\">Source link <\/a><\/p>\n","protected":false},"excerpt":{"rendered":"<p>La venue de Marine Tondelier au D\u00eener des b\u00e2tisseurs, fin 2025, ne passe toujours pas chez Les \u00c9cologistes. Cet \u00e9v\u00e9nement, r\u00e9unissant 600 leaders catholiques, a des liens avec les milliardaires&hellip; <\/p>\n","protected":false},"author":1,"featured_media":0,"comment_status":"open","ping_status":"open","sticky":false,"template":"","format":"standard","meta":{"footnotes":""},"categories":[1],"tags":[],"class_list":["post-22760","post","type-post","status-publish","format-standard","hentry","category-non-classe"],"_links":{"self":[{"href":"https:\/\/monde25.info\/index.php\/wp-json\/wp\/v2\/posts\/22760","targetHints":{"allow":["GET"]}}],"collection":[{"href":"https:\/\/monde25.info\/index.php\/wp-json\/wp\/v2\/posts"}],"about":[{"href":"https:\/\/monde25.info\/index.php\/wp-json\/wp\/v2\/types\/post"}],"author":[{"embeddable":true,"href":"https:\/\/monde25.info\/index.php\/wp-json\/wp\/v2\/users\/1"}],"replies":[{"embeddable":true,"href":"https:\/\/monde25.info\/index.php\/wp-json\/wp\/v2\/comments?post=22760"}],"version-history":[{"count":0,"href":"https:\/\/monde25.info\/index.php\/wp-json\/wp\/v2\/posts\/22760\/revisions"}],"wp:attachment":[{"href":"https:\/\/monde25.info\/index.php\/wp-json\/wp\/v2\/media?parent=22760"}],"wp:term":[{"taxonomy":"category","embeddable":true,"href":"https:\/\/monde25.info\/index.php\/wp-json\/wp\/v2\/categories?post=22760"},{"taxonomy":"post_tag","embeddable":true,"href":"https:\/\/monde25.info\/index.php\/wp-json\/wp\/v2\/tags?post=22760"}],"curies":[{"name":"wp","href":"https:\/\/api.w.org\/{rel}","templated":true}]}}