{"id":22767,"date":"2026-01-21T12:13:10","date_gmt":"2026-01-21T11:13:10","guid":{"rendered":"https:\/\/monde25.info\/index.php\/2026\/01\/21\/le-systeme-carceral-israelien-est-un-reseau-de-camps-de-torture\/"},"modified":"2026-01-21T12:13:10","modified_gmt":"2026-01-21T11:13:10","slug":"le-systeme-carceral-israelien-est-un-reseau-de-camps-de-torture","status":"publish","type":"post","link":"https:\/\/monde25.info\/index.php\/2026\/01\/21\/le-systeme-carceral-israelien-est-un-reseau-de-camps-de-torture\/","title":{"rendered":"le syst\u00e8me carc\u00e9ral isra\u00e9lien est un r\u00e9seau de camps de torture"},"content":{"rendered":"<p> <br \/>\n<\/p>\n<div style=\"word-wrap:break-word;\">\n<p>Isra\u00ebl a transform\u00e9 ses prisons en un r\u00e9seau de camps de torture pour les Palestiniens. Les prisonniers y subissent de graves violences, des humiliations d\u00e9lib\u00e9r\u00e9es, la famine, la privation de sommeil, le d\u00e9ni de soins m\u00e9dicaux et des mauvais traitements dans tous les \u00e9tablissements o\u00f9 ils sont d\u00e9tenus. Certains ont \u00e9galement \u00e9t\u00e9 victimes d\u2019agressions sexuelles graves. Depuis octobre 2023, au moins 84 Palestiniens sont morts dans ces camps de torture.<\/p>\n<p>Les responsables politiques, et notamment le ministre de la S\u00e9curit\u00e9 nationale, Itamar Ben Gvir, se vantent, dans des reportages t\u00e9l\u00e9vis\u00e9s complaisants et sur les r\u00e9seaux sociaux, de ce qui se passe dans ces camps.<\/p>\n<p>Aujourd\u2019hui, nous publions \u00ab\u00a0L\u2019enfer sur terre\u00a0\u00bb, un rapport sur la situation des Palestiniens d\u00e9tenus par Isra\u00ebl. Ce rapport s\u2019appuie sur les t\u00e9moignages de Palestiniens publi\u00e9s ces derniers mois, ainsi que sur des recherches, des rapports, des actualit\u00e9s et des chiffres de l\u2019administration p\u00e9nitentiaire isra\u00e9lienne. Il fait suite \u00e0 notre pr\u00e9c\u00e9dent rapport sur le sujet, \u00ab\u00a0Bienvenue en enfer\u00a0\u00bb, paru en ao\u00fbt 2024.<\/p>\n<p>Les mauvais traitements syst\u00e9matiques et d\u00e9lib\u00e9r\u00e9s continuent de caract\u00e9riser la politique d\u2019Isra\u00ebl envers les prisonniers palestiniens et constituent une autre facette de l\u2019offensive coordonn\u00e9e du r\u00e9gime isra\u00e9lien contre le peuple palestinien.<\/p>\n<h2 class=\"spip\">Introduction du rapport<\/h2>\n<p>En juillet 2024, B\u2019Tselem a publi\u00e9 *<a target=\"_blank\" href=\"https:\/\/www.btselem.org\/publications\/202408_welcome_to_hell\" class=\"spip_out\" rel=\"external\">Welcome to Hell<\/a>* (\u00ab\u00a0Bienvenue en enfer\u00a0\u00bb), un rapport sur le traitement des d\u00e9tenus palestiniens dans le syst\u00e8me carc\u00e9ral isra\u00e9lien et leur d\u00e9tention dans des camps de torture soumis \u00e0 des conditions inhumaines. Le rapport pr\u00e9sentait les t\u00e9moignages de 55 hommes et femmes palestiniens d\u00e9tenus dans des prisons et centres de d\u00e9tention isra\u00e9liens depuis le 7 octobre 2023. Ces t\u00e9moignages ont r\u00e9v\u00e9l\u00e9 les r\u00e9sultats d\u2019un processus pr\u00e9cipit\u00e9 au cours duquel les \u00e9tablissements p\u00e9nitentiaires isra\u00e9liens, militaires comme civils, ont \u00e9t\u00e9 transform\u00e9s en un r\u00e9seau de camps vou\u00e9s \u00e0 l\u2019abus syst\u00e9matique des d\u00e9tenus. Un espace de ce type, dans lequel toute personne qui y entre est condamn\u00e9e \u00e0 une douleur et \u00e0 des souffrances d\u00e9lib\u00e9r\u00e9es, s\u00e9v\u00e8res et incessantes, fonctionne de facto comme un camp de torture.<\/p>\n<p>La pr\u00e9sente mise \u00e0 jour examine la situation des prisonniers palestiniens d\u00e9tenus par Isra\u00ebl jusqu\u2019au d\u00e9but du mois de janvier 2026.<\/p>\n<p>La transformation des prisons isra\u00e9liennes en camps de torture pour les d\u00e9tenus palestiniens doit \u00eatre comprise dans le contexte de l\u2019assaut coordonn\u00e9 d\u2019Isra\u00ebl contre les Palestiniens en tant que collectif depuis octobre 2023, notamment \u00e0 travers le g\u00e9nocide en cours \u00e0 Gaza. Les fondements du r\u00e9gime fa\u00e7onn\u00e9 depuis la cr\u00e9ation de l\u2019\u00c9tat d\u2019Isra\u00ebl \u2014 qui rendent possible le g\u00e9nocide \u00e0 Gaza, la violence g\u00e9n\u00e9ralis\u00e9e et le nettoyage ethnique en Cisjordanie, ainsi que la pers\u00e9cution des citoyens palestiniens d\u2019Isra\u00ebl \u2014 fa\u00e7onnent \u00e9galement le traitement des prisonniers. Au premier rang de ces fondements figurent la d\u00e9shumanisation des Palestiniens en tant que groupe et le recours \u00e0 une violence extr\u00eame \u00e0 leur encontre (pour approfondir, voir le rapport de B\u2019Tselem de juillet 2025, <a target=\"_blank\" href=\"https:\/\/www.btselem.org\/sites\/default\/files\/publications\/202507_our_genocide_eng.pdf\" class=\"spip_out\" rel=\"external\">Our Genocide<\/a>).<\/p>\n<p>Cette mise \u00e0 jour reprend les cat\u00e9gories de mauvais traitements recens\u00e9es dans le rapport initial et s\u2019en sert pour \u00e9valuer la situation actuelle ainsi que les nouveaux d\u00e9veloppements. Elle s\u2019appuie sur 21 t\u00e9moignages recueillis par B\u2019Tselem aupr\u00e8s de Palestiniens lib\u00e9r\u00e9s dans le cadre de l\u2019accord entre Isra\u00ebl et le Hamas en octobre 2025 ou dans les mois qui l\u2019ont pr\u00e9c\u00e9d\u00e9. De nombreux anciens d\u00e9tenus ont trop peur de t\u00e9moigner, car \u2014 selon les personnes interrog\u00e9es \u2014 les autorit\u00e9s isra\u00e9liennes ont menac\u00e9 de r\u00e9arr\u00eater toute personne qui partagerait des informations sur son exp\u00e9rience en prison. Ces menaces ont \u00e9t\u00e9 formul\u00e9es avant comme apr\u00e8s la lib\u00e9ration des prisonniers, illustrant la mani\u00e8re dont Isra\u00ebl utilise la privation de libert\u00e9 comme un moyen central d\u2019oppression des Palestiniens.<\/p>\n<p>Ces tentatives de r\u00e9duire au silence les prisonniers lib\u00e9r\u00e9s constituent l\u2019un des aspects d\u2019une politique \u00e0 multiples facettes, men\u00e9e par le r\u00e9gime d\u2019apartheid isra\u00e9lien, visant \u00e0 d\u00e9shumaniser les Palestiniens et \u00e0 leur d\u00e9nier toute humanit\u00e9 en tant que collectif, que ce soit par l\u2019incarc\u00e9ration et la torture ou par l\u2019intimidation, la r\u00e9pression politique et la censure.<\/p>\n<p>La pr\u00e9sente mise \u00e0 jour s\u2019appuie \u00e9galement sur plusieurs autres sources, notamment des recherches et rapports r\u00e9cents d\u2019organisations de d\u00e9fense des droits humains qui surveillent r\u00e9guli\u00e8rement les conditions dans les prisons isra\u00e9liennes, des articles de presse, des donn\u00e9es du Service p\u00e9nitentiaire isra\u00e9lien (IPS) et des documents soumis dans le cadre de requ\u00eates devant la Haute Cour de justice isra\u00e9lienne.<\/p>\n<p>Pris dans leur ensemble, tous ces \u00e9l\u00e9ments conduisent \u00e0 une conclusion sans \u00e9quivoque\u00a0: Isra\u00ebl poursuit sa politique syst\u00e9mique et institutionnalis\u00e9e de torture et de mauvais traitements \u00e0 l\u2019encontre des prisonniers palestiniens, une politique approuv\u00e9e et soutenue par le <a target=\"_blank\" href=\"https:\/\/x.com\/itamarbengvir\/status\/1987999437378252887?s=20\" class=\"spip_out\" rel=\"external\">syst\u00e8me politique<\/a>, le <a target=\"_blank\" href=\"https:\/\/www.israelhayom.co.il\/news\/crime\/article\/19261629\" class=\"spip_out\" rel=\"external\">syst\u00e8me judiciaire<\/a>, <a target=\"_blank\" href=\"https:\/\/www.youtube.com\/watch?v=jBp7eEHH2fo\" class=\"spip_out\" rel=\"external\">les m\u00e9dias<\/a> et, bien s\u00fbr, les autorit\u00e9s p\u00e9nitentiaires elles-m\u00eames, qui se <a target=\"_blank\" href=\"https:\/\/www.youtube.com\/watch?v=_-gIjdEhbC4\" class=\"spip_out\" rel=\"external\">vantent ouvertement<\/a> des conditions tortionnaires dans lesquelles les d\u00e9tenus palestiniens sont maintenus.<\/p>\n<p>Un exemple frappant en est une s\u00e9rie de contenus <a target=\"_blank\" href=\"https:\/\/www.youtube.com\/watch?v=25WZQnoeby0\" class=\"spip_out\" rel=\"external\">de relations publiques<\/a> conjointement promus par Itamar Ben Gvir, le ministre charg\u00e9 du syst\u00e8me p\u00e9nitentiaire, et l\u2019unit\u00e9 de communication du Service p\u00e9nitentiaire isra\u00e9lien, offrant aux m\u00e9dias isra\u00e9liens de \u00ab\u00a0<a target=\"_blank\" href=\"https:\/\/www.ynet.co.il\/news\/article\/bj2peqhl1l\" class=\"spip_out\" rel=\"external\">rares aper\u00e7us<\/a>\u00a0\u00bb de quartiers de prison o\u00f9 les Palestiniens sont d\u00e9tenus dans des conditions infrahumaines (voir \u00ab\u00a0Aile Rakefet\u00a0\u00bb, p. 13). Dans ces contenus, le ministre Ben Gvir et des responsables de l\u2019IPS exposent les mauvais traitements inflig\u00e9s aux prisonniers, les m\u00e9dias jouant le r\u00f4le de porte-voix de l\u2019id\u00e9ologie raciste et violente du ministre, avec peu ou pas de critique des crimes et des graves violations des droits humains en cause.<\/p>\n<p>Loin d\u2019\u00eatre men\u00e9s dans l\u2019ombre, ces abus syst\u00e9miques sont exhib\u00e9s publiquement, sans aucune tentative de <a target=\"_blank\" href=\"https:\/\/x.com\/itamarbengvir\/status\/1724522158683013549?ref_src=twsrc%5Etfw%7Ctwcamp%5Etweetembed%7Ctwterm%5E1724522158683013549%7Ctwgr%5Ee33db9a258d52c385a9d0d9da1740cb1a8415bcc%7Ctwcon%5Es1_&amp;ref_url=https%3A%2F%2Fwww.timesofisrael.com%2Fgun-permit-requests-rise-dramatically-since-october-7-massacre%2F\" class=\"spip_out\" rel=\"external\">dissimulation<\/a>. En r\u00e9alit\u00e9, les responsables <a target=\"_blank\" href=\"https:\/\/www.instagram.com\/reel\/DNkHC8iIdDO\/\" class=\"spip_out\" rel=\"external\">s\u2019en vantent ouvertement<\/a>, et l\u2019ensemble du r\u00e9gime isra\u00e9lien s\u2019en rend complice. Par cons\u00e9quent, ce rapport et d\u2019autres ne visent pas \u00e0 \u00ab\u00a0r\u00e9v\u00e9ler\u00a0\u00bb les conditions inhumaines de d\u00e9tention des prisonniers palestiniens \u2014 des conditions connues et normalis\u00e9es dans l\u2019opinion publique isra\u00e9lienne au cours des deux derni\u00e8res ann\u00e9es. Bien que les abus soient manifestes et largement document\u00e9s, les acteurs internationaux se sont jusqu\u2019\u00e0 pr\u00e9sent abstenus d\u2019intervenir efficacement, ce qui constitue un autre facteur permettant la poursuite de la torture syst\u00e9mique. La torture des prisonniers palestiniens, tous qualifi\u00e9s de \u00ab\u00a0<a target=\"_blank\" href=\"https:\/\/www.maariv.co.il\/news\/law\/article-1240876\" class=\"spip_out\" rel=\"external\">terroristes<\/a>\u00a0\u00bb par les m\u00e9dias isra\u00e9liens, est devenue une norme accept\u00e9e.<\/p>\n<p>Face \u00e0 cette r\u00e9alit\u00e9, nous appelons une nouvelle fois tous les \u00c9tats, organismes et institutions internationales \u00e0 faire tout ce qui est en leur pouvoir pour obtenir la cessation imm\u00e9diate des traitements cruels et de la torture inflig\u00e9s aux prisonniers palestiniens par le r\u00e9gime isra\u00e9lien. Compte tenu de la gravit\u00e9 de ces crimes, il incombe \u00e0 la communaut\u00e9 internationale d\u2019exiger qu\u2019Isra\u00ebl rende des comptes et de veiller \u00e0 ce que les responsables soient traduits en justice.<\/p>\n<p>Suite et rapport complet (en anglais) <a target=\"_blank\" href=\"https:\/\/www.btselem.org\/publications\/202601_living_hell\" class=\"spip_url spip_out auto\" rel=\"nofollow external\">https:\/\/www.btselem.org\/publications\/202601_living_hell<\/a><\/p>\n<\/div>\n<p><script async defer src=\"https:\/\/platform.instagram.com\/en_US\/embeds.js\"><\/script><br \/>\n<br \/><br \/>\n<br \/><a href=\"https:\/\/www.legrandsoir.info\/l-enfer-sur-terre-le-systeme-carceral-israelien-est-un-reseau-de-camps-de-torture.html\" target=\"_blank\"\">Source link <\/a><\/p>\n","protected":false},"excerpt":{"rendered":"<p>Isra\u00ebl a transform\u00e9 ses prisons en un r\u00e9seau de camps de torture pour les Palestiniens. Les prisonniers y subissent de graves violences, des humiliations d\u00e9lib\u00e9r\u00e9es, la famine, la privation de&hellip; <\/p>\n","protected":false},"author":1,"featured_media":22768,"comment_status":"open","ping_status":"open","sticky":false,"template":"","format":"standard","meta":{"footnotes":""},"categories":[1],"tags":[],"class_list":["post-22767","post","type-post","status-publish","format-standard","has-post-thumbnail","hentry","category-non-classe"],"_links":{"self":[{"href":"https:\/\/monde25.info\/index.php\/wp-json\/wp\/v2\/posts\/22767","targetHints":{"allow":["GET"]}}],"collection":[{"href":"https:\/\/monde25.info\/index.php\/wp-json\/wp\/v2\/posts"}],"about":[{"href":"https:\/\/monde25.info\/index.php\/wp-json\/wp\/v2\/types\/post"}],"author":[{"embeddable":true,"href":"https:\/\/monde25.info\/index.php\/wp-json\/wp\/v2\/users\/1"}],"replies":[{"embeddable":true,"href":"https:\/\/monde25.info\/index.php\/wp-json\/wp\/v2\/comments?post=22767"}],"version-history":[{"count":0,"href":"https:\/\/monde25.info\/index.php\/wp-json\/wp\/v2\/posts\/22767\/revisions"}],"wp:featuredmedia":[{"embeddable":true,"href":"https:\/\/monde25.info\/index.php\/wp-json\/wp\/v2\/media\/22768"}],"wp:attachment":[{"href":"https:\/\/monde25.info\/index.php\/wp-json\/wp\/v2\/media?parent=22767"}],"wp:term":[{"taxonomy":"category","embeddable":true,"href":"https:\/\/monde25.info\/index.php\/wp-json\/wp\/v2\/categories?post=22767"},{"taxonomy":"post_tag","embeddable":true,"href":"https:\/\/monde25.info\/index.php\/wp-json\/wp\/v2\/tags?post=22767"}],"curies":[{"name":"wp","href":"https:\/\/api.w.org\/{rel}","templated":true}]}}