{"id":2278,"date":"2024-12-15T22:50:41","date_gmt":"2024-12-15T21:50:41","guid":{"rendered":"https:\/\/monde25.info\/index.php\/2024\/12\/15\/le-beaujolais-bayrou-nouveau-est-arrive-1-premiere-partie\/"},"modified":"2024-12-15T22:50:41","modified_gmt":"2024-12-15T21:50:41","slug":"le-beaujolais-bayrou-nouveau-est-arrive-1-premiere-partie","status":"publish","type":"post","link":"https:\/\/monde25.info\/index.php\/2024\/12\/15\/le-beaujolais-bayrou-nouveau-est-arrive-1-premiere-partie\/","title":{"rendered":"Le Beaujolais Bayrou nouveau est arriv\u00e9 (1) (premi\u00e8re partie)"},"content":{"rendered":"<p> <br \/>\n<\/p>\n<div>\n<p>\u00a0\u00c9dito brulot. Oui, en France, on en est r\u00e9duit \u00e0 faire, non pas du neuf avec du vieux, mais du vieux avec du vieux.<\/p>\n<p>La preuve\u00a0! C&rsquo;est Fran\u00e7ois Bayrou, 73 ans, dinosaure de la politique fran\u00e7aise qui vient d&rsquo;\u00eatre nomm\u00e9 Premier Ministre par Emmanuel Macron.<\/p>\n<p>Si\u00a0! Apr\u00e8s Michel Barnier, 72 ans, nomm\u00e9 Premier Ministre par Emmanuel Macron en total m\u00e9pris des r\u00e9sultats des \u00e9lections europ\u00e9ennes et l\u00e9gislatives de 2024\u00a0; \u00e0 savoir pour continuer la politique catastrophique pour le pays qui est men\u00e9e par Emmanuel Macron depuis sept ans, largement rejet\u00e9e dans les urnes \u00e0 ces deux occasions\u00a0; c&rsquo;est Fran\u00e7ois Ren\u00e9 Jean Lucien Bayrou qu&rsquo;Emmanuel Macron a nomm\u00e9 Premier Ministre, vendredi 13 d\u00e9cembre 2024\u00a0: un professionnel de la politique encore plus vieux (73 ans) que Michel Barnier. D\u00e8s sa nomination, les critiques n\u2019ont pas manqu\u00e9 de fuser de\u00ab\u00a0<em>margoulin<\/em>\u00a0\u00bb \u00e0 \u00ab\u00a0<em>fou du roi depuis 2017<\/em>\u00a0\u00bb, un choix bien pire encore que celui de son pr\u00e9d\u00e9cesseur.<\/p>\n<p><img decoding=\"async\" data-entity-uuid=\"88fc9bb7-b847-4e3a-99ed-b5fce1926f6a\" data-entity-type=\"file\" alt=\"nommination du fou du roi?\" width=\"608\" height=\"456\" loading=\"lazy\" class=\"lazyload\" src=\"https:\/\/www.francesoir.fr\/sites\/default\/files\/inline-images\/fou%20du%20roi.jpeg\"\/><\/p>\n<p>En effet, on doit reconna\u00eetre un m\u00e9rite \u00e0 Michel Barnier\u00a0: il n&rsquo;a jamais chang\u00e9 de positionnement politique. De ses 27 ans (d\u00e9but de sa carri\u00e8re politique) jusqu&rsquo;\u00e0 ses 72 ans, il a toujours suivi la ligne mondialiste de soumission de la France \u00e0 l&rsquo;Union europ\u00e9enne, et de la vente \u00e0 la d\u00e9coupe du pays (industrie, \u00e9nergie, services publics, agroalimentaire, etc.) aux \u00c9tats-Unis. Alors que, \u00e0 l&rsquo;inverse, toute sa carri\u00e8re politique durant, Fran\u00e7ois Bayrou n&rsquo;a fait que retourner sa veste, au gr\u00e9 du vent. C&rsquo;est la pire girouette politique de l&rsquo;Histoire en France. Apr\u00e8s Manuel Valls, bien s\u00fbr. Celui que certains appelleraient \u00ab\u00a0<em>Manu la Tremblotte<\/em>\u00a0\u00bb a s\u00e9vi dans cette discipline aussi \u00e0 l&rsquo;international, et avec le m\u00eame succ\u00e8s.<\/p>\n<p>Ah si\u00a0! L&rsquo;excit\u00e9 Manuel Valls mis \u00e0 part, aucune personnalit\u00e9 politique fran\u00e7aise n&rsquo;incarne mieux, en vrai, \u00ab\u00a0<a target=\"_blank\" href=\"https:\/\/youtu.be\/L_ADZYCUkDA\"><em>L&rsquo;opportuniste<\/em><\/a>\u00a0\u00bb de Jacques Dutronc\u00a0:<\/p>\n<p>Except\u00e9e <a target=\"_blank\" href=\"https:\/\/www.youtube.com\/shorts\/4C2rymfKiz4\">sans doute Rachida Dati<\/a>.<iframe loading=\"lazy\" title=\"rachida dati \u00ab La Macronie, c\u2019est quoi ? Un parti de tra\u00eetres de gauche et de tra\u00eetres de droite.\" width=\"1110\" height=\"624\" src=\"https:\/\/www.youtube.com\/embed\/4C2rymfKiz4?feature=oembed\" frameborder=\"0\" allow=\"accelerometer; autoplay; clipboard-write; encrypted-media; gyroscope; picture-in-picture; web-share\" referrerpolicy=\"strict-origin-when-cross-origin\" allowfullscreen><\/iframe><\/p>\n<p>\u00a0<\/p>\n<p>Une ex et peut-\u00eatre \u00e0 nouveau ministre de la Culture (2) qui a en commun avec Fran\u00e7ois Bayrou, d&rsquo;\u00eatre dans l&rsquo;attente d&rsquo;un jugement, comme personne poursuivie, pour d\u00e9tournement de fonds. (chef d\u00e9lictuel auquel elle a ajout\u00e9 celui d&#8217;emploi fictif).<\/p>\n<p>Mis en examen pour d\u00e9tournement de fonds publics, c&rsquo;est un plus, dans un CV, quand on veut \u00eatre ministre d&rsquo;Emmanuel Macron. Mais, c&rsquo;est moins, tout de m\u00eame, qu&rsquo;un renvoi devant le Tribunal correctionnel, qui atteste qu&rsquo;on a pass\u00e9 avec succ\u00e8s le cap de la simple mise en examen.<\/p>\n<p>Et bien que, \u00e9videmment, avoir \u00e9t\u00e9 reconnu coupable d&rsquo;un d\u00e9lit puni de dix ans d&#8217;emprisonnement, c&rsquo;est la r\u00e9f\u00e9rence absolue, dans la France de Macron, pour b\u00e9n\u00e9ficier des meilleures places dor\u00e9es de la R\u00e9publique\u00a0; celles grassement pay\u00e9es par les imp\u00f4ts des Fran\u00e7ais, comme Pr\u00e9sident du Conseil constitutionnel (comme Laurent Fabius) ou (un tantinet moindrement lucratif et prestigieux) membre dudit Conseil (comme Alain Jupp\u00e9), ou Pr\u00e9sident de la Banque centrale europ\u00e9enne (comme Christine Lagarde)\u00a0; \u00eatre renvoy\u00e9 en correctionnelle pour d\u00e9tournement de fonds publics, c&rsquo;est d\u00e9j\u00e0 super. En tout cas, visiblement, c&rsquo;est le top du top, pour pr\u00e9senter, aux yeux d&rsquo;Emmanuel Macron, toutes les qualit\u00e9s requises pour \u00eatre le parfait Premier ministre d&rsquo;Emmanuel Macron. Nous venons d&rsquo;en avoir la d\u00e9monstration.<\/p>\n<p>Pardi\u00a0!<\/p>\n<p>Fran\u00e7ois Bayrou a beau avoir \u00e9t\u00e9 relax\u00e9 par le Tribunal correctionnel de Paris, du chef du d\u00e9lit justement de d\u00e9tournement de fonds publics\u00a0; comme le parquet g\u00e9n\u00e9ral a interjet\u00e9 appel contre ce jugement de relaxe, ce jugement est r\u00e9put\u00e9 n&rsquo;avoir jamais exist\u00e9. Et, d\u00e8s lors, nous avons bel et bien, en France, depuis vendredi 13, un Premier Ministre en exercice accus\u00e9 de d\u00e9tournement de fonds publics, et <a target=\"_blank\" href=\"https:\/\/www.linternaute.com\/actualite\/politique\/4524797-francois-bayrou-un-premier-ministre-qui-risque-d-etre-confronte-a-la-justice\/\">qui est en attente d&rsquo;\u00eatre jug\u00e9 pour ce d\u00e9lit puni de dix ans d&#8217;emprisonnement<\/a>.<\/p>\n<p>Et, rappelez-vous, c&rsquo;est cette accusation qui, en juin 2017, l&rsquo;avait oblig\u00e9 \u00e0 d\u00e9missionner de son poste de ministre de la Justice, un mois \u00e0 peine apr\u00e8s avoir \u00e9t\u00e9 nomm\u00e9 \u00e0 ce poste par Emmanuel Macron. Et pourtant, il s&rsquo;agissait alors seulement de sa simple mise en examen. Renvoy\u00e9 en correctionnel, c&rsquo;est beaucoup plus grave. Renvoy\u00e9 en correctionnelle, cela veut dire que les simples gros soup\u00e7ons qu&rsquo;il y avait au d\u00e9but de l&rsquo;instruction, se sont transform\u00e9s \u00e0 la fin de celle-ci, en \u00e9l\u00e9ments probants suffisamment \u00e9tay\u00e9s pour justifier le renvoi de Fran\u00e7ois Bayrou devant le Tribunal correctionnel (pareillement \u00e0 Marine Le Pen et pour les m\u00eames faits\u00a0: les assistants parlementaires). Et, d&rsquo;ailleurs, c&rsquo;est en ces termes que le Tribunal correctionnel de Paris a justifi\u00e9 \u00ab\u00a0au fond\u00a0\u00bb (\u00e9l\u00e9ments mat\u00e9riels) la relaxe qu&rsquo;il a prononc\u00e9e au b\u00e9n\u00e9fice de Fran\u00e7ois Bayrou\u00a0:<\/p>\n<blockquote>\n<p>\u00ab\u00a0<em>Nous avons la certitude qu&rsquo;a minima Fran\u00e7ois Bayrou \u00e9tait au courant de ces pratiques, sinon auteur de l&rsquo;infraction, mais nous n&rsquo;avons pas suffisamment de preuves pour le condamner<\/em>.\u00a0\u00bb<\/p>\n<\/blockquote>\n<p>Ainsi, d&rsquo;accord, c&rsquo;est une possibilit\u00e9, peut-\u00eatre que, lorsqu&rsquo;elle statuera sur le cas Bayrou en cause d&rsquo;appel, la Cour d&rsquo;appel de Paris aura la m\u00eame appr\u00e9ciation des faits que le Tribunal correctionnel. Cependant, rien ne permet d&rsquo;affirmer qu&rsquo;elle n&rsquo;en d\u00e9cidera pas autrement. Qu&rsquo;elle consid\u00e9rera, elle, que les \u00e9l\u00e9ments de preuve qui figurent au dossier, suffisent pour dire et juger Fran\u00e7ois Bayrou coupable de d\u00e9tournement de fonds publics.<\/p>\n<p>Affaire \u00e0 suivre, donc.<\/p>\n<p>On peut consid\u00e9rer, qu\u2019avec cette nomination de celui qui a \u00e9t\u00e9 \u00e0 sa botte depuis 2017, Emmanuel Macron a quasiment pris tous les pouvoirs. C\u2019\u00e9tait son dernier degr\u00e9 de libert\u00e9 avant de faire pleinement usage de l\u2019article 16. Fran\u00e7ois Bayrou, incarnation politique du en-m\u00eame temps, du retournement de veste, de l&rsquo;\u00e9chec permanent et dans tous les domaines contribuera-t-il \u00e0 faire comme si Emmanuel Macron avait les pleins pouvoirs. \u00a0De looser XXL toutes cat\u00e9gories, oui, c&rsquo;est cet homme qu&rsquo;Emmanuel Macron a nomm\u00e9 Premier Ministre.<\/p>\n<p>Ce n&rsquo;est pas moi qui le dis aujourd&rsquo;hui, <a target=\"_blank\" href=\"https:\/\/youtu.be\/jo8FQPPr8bQ\">c&rsquo;est Pascal Praud qui l&rsquo;a vendredi<\/a> :<\/p>\n<blockquote>\n<p>\u00ab\u00a0<em>La ligne directrice de son parcours politique. Ne rien faire sinon trahir. Trahir par int\u00e9r\u00eat, trahir pour un portefeuille. Enfant de Yabo, Judas et Talleyrand&#8230;\u00a0<\/em> \u00bb\u00a0<\/p>\n<\/blockquote>\n<p>Ceci apr\u00e8s avoir cit\u00e9 en r\u00e9f\u00e9rence l&rsquo;excellente analyse r\u00e9sum\u00e9e de Simone Veil sur le sujet\u00a0: \u00ab\u00a0<em>Bayrou\u00a0: c&rsquo;est pire que tout\u00a0! Je connais son pass\u00e9, ses trahisons successives<\/em>.\u00a0\u00bb<\/p>\n<p>Et Pascal Praud n&rsquo;est pas le seul \u00e0 avoir \u00e0 l&rsquo;encontre de Fran\u00e7ois Bayrou, ce jugement lui sans appel.\u00a0LFI se faisait remarquer une fois encore en annon\u00e7ant que le <a target=\"_blank\" href=\"https:\/\/www.francetvinfo.fr\/politique\/gouvernement-de-michel-barnier\/nomination-du-premier-ministre-lfi-deposera-une-motion-de-censure-en-cas-de-nomination-de-francois-bayrou_6952919.html\">parti d\u00e9poserait une motion de censure en cas de nomination de Fran\u00e7ois Bayrou<\/a>.\u00a0<\/p>\n<p>Hormis les l\u00e8che-bottes \u00ab\u00a0premiers de cord\u00e9e\u00a0\u00bb d&rsquo;Emmanuel Macron que sont <a target=\"_blank\" href=\"https:\/\/www.youtube.com\/watch?v=SCgwp4yUd3M\">G\u00e9rald Darmanin et Gabriel Attal<\/a>, et aussi ce gentil toutou du RN de Jordan Bardella (\u00ab\u00a0<em>J&rsquo;aboie mais je ne mords pas<\/em>\u00a0\u00bb, <a target=\"_blank\" href=\"https:\/\/fr.news.yahoo.com\/live\/francois-bayrou-je-nignore-rien-de-lhimalaya-qui-se-dresse-devant-nous-reconnait-le-nouveau-premier-ministre-lors-de-la-passation-de-pouvoir-avec-michel-barnier-suivez-notre-direct-085906467.html?guce_referrer=aHR0cHM6Ly93d3cuZ29vZ2xlLmNvbS8&amp;guce_referrer_sig=AQAAAFDhn24e_a2zOPQlR7eJP8RiSixzElyvl_RQ8_oXKImAPSOL2I0W0LC6Lae46QvVNTdk5jXoFzu4k8QGgbJ7BcWVUkX1K3xNZU5MpoC1FpaKJfJnycuDCmVdyPTWUFjapLy3s1buyQBlK9UQNuHeel3smSzgkrAPYr88U9XEy-aX\">Jordan Bardella affirmait qu\u2019\u00e0 priori, il n\u2019y aurait pas de censure<\/a>\u00a0!), tout le monde <a target=\"_blank\" href=\"https:\/\/youtu.be\/Vq1Jywvtx_c?si=4ImYzZ19HRVWl1Mk\">regrette la nomination<\/a> de Fran\u00e7ois Bayrou \u00e0 Matignon :\u00a0<\/p>\n<p><iframe loading=\"lazy\" title=\"Les CASSEROLES de Fran\u00e7ois Bayrou, nouveau premier ministre : MENSONGES, affaires judiciaires...\" width=\"1110\" height=\"624\" src=\"https:\/\/www.youtube.com\/embed\/Vq1Jywvtx_c?feature=oembed\" frameborder=\"0\" allow=\"accelerometer; autoplay; clipboard-write; encrypted-media; gyroscope; picture-in-picture; web-share\" referrerpolicy=\"strict-origin-when-cross-origin\" allowfullscreen><\/iframe><\/p>\n<p>\u00a0<iframe loading=\"lazy\" title=\"Fran\u00e7ois Bayrou Premier ministre : les r\u00e9actions de la classe politique\" width=\"1110\" height=\"624\" src=\"https:\/\/www.youtube.com\/embed\/SCgwp4yUd3M?feature=oembed\" frameborder=\"0\" allow=\"accelerometer; autoplay; clipboard-write; encrypted-media; gyroscope; picture-in-picture; web-share\" referrerpolicy=\"strict-origin-when-cross-origin\" allowfullscreen><\/iframe><\/p>\n<p>\u00a0Et, je les comprends.<\/p>\n<p>La liste des retournements de veste ou trahisons en tous genres op\u00e9r\u00e9es par Fran\u00e7ois Bayrou est incroyablement longue. Tellement longue, que si je vous en fais \u00e9tat c\u00e9ans, en plus du reste que j&rsquo;ai \u00e0 vous dire sur le sujet, cet \u00e9dito sera trop long \u00e0 lire d&rsquo;une seule traite.<\/p>\n<p>C&rsquo;est la raison pour laquelle je l&rsquo;ai segment\u00e9 en deux parties.<\/p>\n<p>Voil\u00e0 pour la premi\u00e8re, et \u00e0 tout de suite pour la seconde.<\/p>\n<p>\u00a0<\/p>\n<p>1) et, franchement, ce \u00ab\u00a0Beaujolais Bayrou nouveau\u00a0\u00bb, il a comme un arri\u00e8re-go\u00fbt de picrate, mis en bouteille apr\u00e8s une maturation dans une cuve nettoy\u00e9e avec l\u2019eau des \u00e9gouts. C&rsquo;est un tord-boyaux \u00e0 ce point ind\u00e9licat pour tout un chacun et dangereux pour la sant\u00e9, qu&rsquo;\u00e0 choisir, quitte \u00e0 s&#8217;empoisonner, on aurait pr\u00e9f\u00e9r\u00e9 trinquer avec du \u00ab\u00a0Tapanel Sup\u00e9rieur.\u00a0\u00bb\u00a0Oui\u00a0: le \u00ab\u00a0sp\u00e9cial\u00a0\u00bb de la r\u00e9serve au p\u00e8re Gr\u00e9goire. Un vin blanc m\u00e9lang\u00e9 avec du \u00ab\u00a0<em>Miror\u00a0<\/em>\u00bb, un d\u00e9tergent pour inox, chromes, cuivres et argenteries, que Bernard Blier, alias \u00ab\u00a0<em>Monsieur Piche<\/em>\u00a0\u00bb, le patron cocu du bar o\u00f9 la sc\u00e8ne a lieu, fait ingurgiter \u00e0 Jean Gabin, alias \u00ab\u00a0<em>Archim\u00e8de le Clochard<\/em>\u00a0\u00bb, dans le film \u00e9ponyme, pour l&#8217;empoisonner\u00a0: \u00ab\u00a0<em>Si t&rsquo;en cr\u00e8ves pas, mort au cocu\u00a0!<\/em>\u00a0\u00bb<\/p>\n<p>2) si Rachida Dati est de nouveau \u00ab\u00a0re-nomm\u00e9e par Emmanuel Macron\u00a0\u00bb ministre de la Culture sous l&rsquo;\u00e8re Bayrou\u00a0; \u00e0 savoir apr\u00e8s l&rsquo;avoir \u00e9t\u00e9 sous l&rsquo;\u00e8re Attal et sous l&rsquo;\u00e8re Barnier\u00a0; on aura une confirmation suppl\u00e9mentaire du fait que la ma\u00eetresse (f\u00e9minin de \u00ab\u00a0ma\u00eetre\u00a0\u00bb) \u00e8s-dominante de Nicolas Sarkozy qu&rsquo;elle a su se montrer (seule membre de ses Gouvernements qui pouvait se permettre de lui faire fermer son clapet), aurait su se procurer des dossiers compromettants sur le couple Macron. Rappelons qu\u2019un carton archive a \u00e9t\u00e9 r\u00e9cup\u00e9r\u00e9 dans la r\u00e9sidence de Trump \u00e0 Mar el Lago en Floride. Fran\u00e7ois Bayrou aurait-il \u00e9voqu\u00e9 ces dossiers pour imposer \u00e0 Emmanuel Macron de le nommer Premier Ministre, \u00e0 moins qu\u2019il n\u2019ait menac\u00e9 de retirer le soutien d\u2019un certain nombre de d\u00e9put\u00e9s centristes. Un jeu d\u2019\u00e9chec\u2026<\/p>\n<\/div>\n<p><script>(function(d, s, id) {  var js, fjs = d.getElementsByTagName(s)[0];  if (d.getElementById(id)) return;  js = d.createElement(s); js.id = id;  js.src = \"\/\/connect.facebook.net\/fr_FR\/sdk.js#xfbml=1&version=v2.3\";  fjs.parentNode.insertBefore(js, fjs);}(document, \"script\", \"facebook-jssdk\"));<\/script><br \/>\n<br \/><br \/>\n<br \/><a href=\"https:\/\/www.francesoir.fr\/opinions-editos\/le-beaujolais-bayrou-nouveau-est-arrive-1-premiere-partie\" target=\"_blank\"\">Source link <\/a><\/p>\n","protected":false},"excerpt":{"rendered":"<p>\u00a0\u00c9dito brulot. Oui, en France, on en est r\u00e9duit \u00e0 faire, non pas du neuf avec du vieux, mais du vieux avec du vieux. La preuve\u00a0! C&rsquo;est Fran\u00e7ois Bayrou, 73&hellip; <\/p>\n","protected":false},"author":1,"featured_media":0,"comment_status":"open","ping_status":"open","sticky":false,"template":"","format":"standard","meta":{"footnotes":""},"categories":[1],"tags":[],"class_list":["post-2278","post","type-post","status-publish","format-standard","hentry","category-non-classe"],"_links":{"self":[{"href":"https:\/\/monde25.info\/index.php\/wp-json\/wp\/v2\/posts\/2278","targetHints":{"allow":["GET"]}}],"collection":[{"href":"https:\/\/monde25.info\/index.php\/wp-json\/wp\/v2\/posts"}],"about":[{"href":"https:\/\/monde25.info\/index.php\/wp-json\/wp\/v2\/types\/post"}],"author":[{"embeddable":true,"href":"https:\/\/monde25.info\/index.php\/wp-json\/wp\/v2\/users\/1"}],"replies":[{"embeddable":true,"href":"https:\/\/monde25.info\/index.php\/wp-json\/wp\/v2\/comments?post=2278"}],"version-history":[{"count":0,"href":"https:\/\/monde25.info\/index.php\/wp-json\/wp\/v2\/posts\/2278\/revisions"}],"wp:attachment":[{"href":"https:\/\/monde25.info\/index.php\/wp-json\/wp\/v2\/media?parent=2278"}],"wp:term":[{"taxonomy":"category","embeddable":true,"href":"https:\/\/monde25.info\/index.php\/wp-json\/wp\/v2\/categories?post=2278"},{"taxonomy":"post_tag","embeddable":true,"href":"https:\/\/monde25.info\/index.php\/wp-json\/wp\/v2\/tags?post=2278"}],"curies":[{"name":"wp","href":"https:\/\/api.w.org\/{rel}","templated":true}]}}