{"id":22783,"date":"2026-01-21T22:06:57","date_gmt":"2026-01-21T21:06:57","guid":{"rendered":"https:\/\/monde25.info\/index.php\/2026\/01\/21\/petrole-gaz-des-elus-veulent-relancer-les-hydrocarbures-dans-les-territoires-doutre-mer\/"},"modified":"2026-01-21T22:06:57","modified_gmt":"2026-01-21T21:06:57","slug":"petrole-gaz-des-elus-veulent-relancer-les-hydrocarbures-dans-les-territoires-doutre-mer","status":"publish","type":"post","link":"https:\/\/monde25.info\/index.php\/2026\/01\/21\/petrole-gaz-des-elus-veulent-relancer-les-hydrocarbures-dans-les-territoires-doutre-mer\/","title":{"rendered":"P\u00e9trole, gaz&#8230; Des \u00e9lus veulent relancer les hydrocarbures dans les territoires d&#039;outre-mer"},"content":{"rendered":"<p> <br \/>\n<br \/><img loading=\"lazy\" decoding=\"async\" src=\"https:\/\/reporterre.net\/local\/cache-vignettes\/L700xH467\/afp__20110918__par6522639__v1002__highres_1_-b55b2.jpg?1769014128\" class=\"spip_logo\" width=\"700\" height=\"467\" alt=\"\" \/><\/p>\n<p>Le 29\u00a0janvier, le S\u00e9nat examinera une proposition de loi macroniste pour ouvrir la voie \u00e0 la recherche et \u00e0 l&rsquo;exploitation d&rsquo;hydrocarbures dans les territoires d&rsquo;outre-mer. Ce revirement majeur divise au sein du gouvernement. <br class=\"autobr\" \/> Ni historique ni exemplaire, elle figurait pourtant parmi les tr\u00e8s rares avanc\u00e9es \u00e9cologiques engag\u00e9es sous Emmanuel Macron. Au point que le chef de l&rsquo;\u00c9tat l&rsquo;avait brandi comme un symbole de la lutte contre le d\u00e9r\u00e8glement climatique sur la sc\u00e8ne internationale.\u00a0(\u2026)<\/p>\n<p>                    <a target=\"_blank\" href=\"https:\/\/reporterre.net\/Petrole-gaz-Des-elus-veulent-relancer-les-hydrocarbures-dans-les-territoires-d-outre-mer?utm_source=RSS&amp;utm_medium=RSS\">Lire la suite<\/a><\/p>\n<p>                    &#8211;<br \/>\n                        <a target=\"_blank\" href=\"https:\/\/reporterre.net\/Autres-infos\" rel=\"directory\">Info<\/a><\/p>\n<p>                    \/<br \/>\n                        <a target=\"_blank\" href=\"https:\/\/reporterre.net\/Energie\" rel=\"tag\">\u00c9nergie<\/a><br \/>\n<br \/><br \/>\n<br \/><a href=\"https:\/\/reporterre.net\/Petrole-gaz-Des-elus-veulent-relancer-les-hydrocarbures-dans-les-territoires-d-outre-mer\" target=\"_blank\"\">Source link <\/a><\/p>\n","protected":false},"excerpt":{"rendered":"<p>Le 29\u00a0janvier, le S\u00e9nat examinera une proposition de loi macroniste pour ouvrir la voie \u00e0 la recherche et \u00e0 l&rsquo;exploitation d&rsquo;hydrocarbures dans les territoires d&rsquo;outre-mer. Ce revirement majeur divise au&hellip; <\/p>\n","protected":false},"author":1,"featured_media":0,"comment_status":"open","ping_status":"open","sticky":false,"template":"","format":"standard","meta":{"footnotes":""},"categories":[1],"tags":[],"class_list":["post-22783","post","type-post","status-publish","format-standard","hentry","category-non-classe"],"_links":{"self":[{"href":"https:\/\/monde25.info\/index.php\/wp-json\/wp\/v2\/posts\/22783","targetHints":{"allow":["GET"]}}],"collection":[{"href":"https:\/\/monde25.info\/index.php\/wp-json\/wp\/v2\/posts"}],"about":[{"href":"https:\/\/monde25.info\/index.php\/wp-json\/wp\/v2\/types\/post"}],"author":[{"embeddable":true,"href":"https:\/\/monde25.info\/index.php\/wp-json\/wp\/v2\/users\/1"}],"replies":[{"embeddable":true,"href":"https:\/\/monde25.info\/index.php\/wp-json\/wp\/v2\/comments?post=22783"}],"version-history":[{"count":0,"href":"https:\/\/monde25.info\/index.php\/wp-json\/wp\/v2\/posts\/22783\/revisions"}],"wp:attachment":[{"href":"https:\/\/monde25.info\/index.php\/wp-json\/wp\/v2\/media?parent=22783"}],"wp:term":[{"taxonomy":"category","embeddable":true,"href":"https:\/\/monde25.info\/index.php\/wp-json\/wp\/v2\/categories?post=22783"},{"taxonomy":"post_tag","embeddable":true,"href":"https:\/\/monde25.info\/index.php\/wp-json\/wp\/v2\/tags?post=22783"}],"curies":[{"name":"wp","href":"https:\/\/api.w.org\/{rel}","templated":true}]}}