{"id":22784,"date":"2026-01-21T22:39:47","date_gmt":"2026-01-21T21:39:47","guid":{"rendered":"https:\/\/monde25.info\/index.php\/2026\/01\/21\/le-groenland-la-pomme-de-discorde-qui-pourrait-enterrer-lotan\/"},"modified":"2026-01-21T22:39:47","modified_gmt":"2026-01-21T21:39:47","slug":"le-groenland-la-pomme-de-discorde-qui-pourrait-enterrer-lotan","status":"publish","type":"post","link":"https:\/\/monde25.info\/index.php\/2026\/01\/21\/le-groenland-la-pomme-de-discorde-qui-pourrait-enterrer-lotan\/","title":{"rendered":"Le Groenland : la pomme de discorde qui pourrait enterrer l\u2019OTAN"},"content":{"rendered":"<p> <br \/>\n<\/p>\n<div>\n<ol class=\"campaign-loop campaign-list\">\n<li id=\"campaign-482494\" class=\"post-482494 campaign type-campaign status-publish hentry campaign-has-goal campaign-has-achieved-goal campaign-has-end-date campaign-has-not-ended\">\n\t<a target=\"_blank\" href=\"https:\/\/reseauinternational.net\/campaigns\/campagne-de-dons-septembre-octobre-2025\/\"><\/p>\n<h3>Soutenez-nous<\/h3>\n<p>\t\t\t<\/a><\/p>\n<p>\n\tVotre soutien nous est indispensable pour continuer \u00e0 vous fournir le meilleur de l\u2019information internationale alternative. C\u2019est gr\u00e2ce \u00e0 vos dons que nous pourrons maintenir le cap pour une information plurielle et r\u00e9ellement alternative. Nous comptons sur vous.<\/p>\n<\/li>\n<\/ol>\n<p>par <strong>Alexandre Lemoine<\/strong><\/p>\n<p><strong>Le conflit autour du Groenland n\u2019est pas la premi\u00e8re fracture interne que conna\u00eet l\u2019OTAN depuis la cr\u00e9ation de cette alliance. Les relations entre pays occidentaux ne sont plus harmonieuses depuis longtemps. Le diff\u00e9rend concernant le contr\u00f4le am\u00e9ricain sur le Groenland constitue le dernier \u00e9pisode d\u2019une longue histoire de tensions entre Washington et l\u2019Europe.<\/strong><\/p>\n<p>Le pr\u00e9sident am\u00e9ricain Donald Trump lorgne depuis longtemps sur cette \u00eele, territoire autonome administr\u00e9 par le Danemark.<\/p>\n<p>Il a r\u00e9cemment renouvel\u00e9 ses tentatives d\u2019obtenir le contr\u00f4le am\u00e9ricain sur celle-ci. Le Groenland, le Danemark et les alli\u00e9s europ\u00e9ens ont cat\u00e9goriquement rejet\u00e9 cette id\u00e9e. Ils ont averti qu\u2019une tentative de prise de contr\u00f4le porterait atteinte aux relations au sein de l\u2019OTAN.<\/p>\n<p>Ce diff\u00e9rend entre les \u00c9tats-Unis et l\u2019Europe <a target=\"_blank\" href=\"https:\/\/www.express.co.uk\/news\/us\/2159431\/disagreements-between-US-and-EU\" target=\"_blank\" rel=\"noopener\" title=\"\">n\u2019est pas le premier cas<\/a> de d\u00e9saccord entre alli\u00e9s, \u00e9crit le <em>Daily Express<\/em>. Des litiges surgissent p\u00e9riodiquement depuis la Seconde Guerre mondiale.<\/p>\n<p>Voici quelques-uns des conflits les plus marquants.<\/p>\n<h5 class=\"wp-block-heading\"><strong>La crise de Suez<\/strong><\/h5>\n<p>La France, la Grande-Bretagne et Isra\u00ebl ont envahi l\u2019\u00c9gypte en 1956, tentant de renverser le pr\u00e9sident \u00e9gyptien Gamal Abdel Nasser et de reprendre le contr\u00f4le du canal de Suez. Les \u00c9tats-Unis ont exerc\u00e9 une forte pression diplomatique et \u00e9conomique pour arr\u00eater la guerre, ce qui a exacerb\u00e9 les tensions entre Washington et ses principaux alli\u00e9s de l\u2019\u00e9poque, Londres et Paris.<\/p>\n<h5 class=\"wp-block-heading\"><strong>La guerre du Vietnam<\/strong><\/h5>\n<p>Les pays europ\u00e9ens, \u00e0 l\u2019exception de la France, ont apport\u00e9 un soutien diplomatique aux \u00c9tats-Unis, mais ont refus\u00e9 de fournir des troupes. Les manifestations anti-guerre en Europe ont co\u00fbt\u00e9 cher aux gouvernements de tout le continent. Ils devaient choisir entre le soutien aux \u00c9tats-Unis et la chute de leur popularit\u00e9 interne.<\/p>\n<h5 class=\"wp-block-heading\"><strong>La crise des euromissiles<\/strong><\/h5>\n<p>La Russie a d\u00e9ploy\u00e9 de nouveaux missiles SS-20 capables de frapper rapidement des cibles en Europe occidentale. Cela a contraint l\u2019OTAN \u00e0 d\u00e9ployer en Europe des missiles balistiques am\u00e9ricains Pershing \u00e9quip\u00e9s d\u2019ogives nucl\u00e9aires et des missiles de croisi\u00e8re pour maintenir l\u2019\u00e9quilibre nucl\u00e9aire. Cela a provoqu\u00e9 des troubles en Europe, o\u00f9 les craintes d\u2019une nouvelle course aux armements se sont intensifi\u00e9es. Dans les ann\u00e9es 1980, des manifestations pacifistes antinucl\u00e9aires ont eu lieu dans les capitales europ\u00e9ennes, souvent dirig\u00e9es contre Washington.<\/p>\n<h5 class=\"wp-block-heading\"><strong>L\u2019invasion de l\u2019Irak<\/strong><\/h5>\n<p>Les \u00c9tats-Unis ont envahi l\u2019Irak en 2003, provoquant une crise majeure dans les relations avec l\u2019Europe. Des tensions ont \u00e9t\u00e9 observ\u00e9es, notamment avec la France et l\u2019Allemagne, apr\u00e8s leur refus de soutenir l\u2019attaque contre le gouvernement du pr\u00e9sident Saddam Hussein. Washington a condamn\u00e9 Paris et Berlin.<\/p>\n<h5 class=\"wp-block-heading\"><strong>Des extraditions ill\u00e9gales<\/strong><\/h5>\n<p>Dans le cadre de la \u00abguerre contre le terrorisme\u00bb, les \u00c9tats-Unis capturaient et parfois enlevaient des suspects. Ces derniers \u00e9taient transf\u00e9r\u00e9s vers des lieux hors de la juridiction am\u00e9ricaine, o\u00f9 ils \u00e9taient interrog\u00e9s et souvent tortur\u00e9s. Le toll\u00e9 public a contraint les dirigeants politiques europ\u00e9ens \u00e0 condamner cette pratique, bien que certains gouvernements europ\u00e9ens aient facilit\u00e9 les op\u00e9rations am\u00e9ricaines.<\/p>\n<h5 class=\"wp-block-heading\"><strong>Le conflit entre la Russie et l\u2019Ukraine<\/strong><\/h5>\n<p>Le retour de Trump au pouvoir en janvier 2025 a modifi\u00e9 la politique am\u00e9ricaine concernant les hostilit\u00e9s en Ukraine. Trump s\u2019est montr\u00e9 plus bienveillant envers le pr\u00e9sident russe Vladimir Poutine, plus froid envers Volodymyr Zelensky et a r\u00e9duit l\u2019aide militaire \u00e0 Kiev. Cela a inqui\u00e9t\u00e9 les dirigeants europ\u00e9ens qui voient une menace pour leur propre s\u00e9curit\u00e9 en Ukraine.<\/p>\n<h5 class=\"wp-block-heading\"><strong>La position sur la s\u00e9curit\u00e9 nationale<\/strong><\/h5>\n<p>En d\u00e9cembre dernier, l\u2019administration Trump a identifi\u00e9 la faiblesse des alli\u00e9s europ\u00e9ens dans sa nouvelle strat\u00e9gie de s\u00e9curit\u00e9 nationale. Washington a critiqu\u00e9 la politique d\u2019immigration europ\u00e9enne et la politique de libert\u00e9 d\u2019expression, remettant en question leur fiabilit\u00e9 en tant que partenaires des \u00c9tats-Unis.<\/p>\n<h5 class=\"wp-block-heading\"><strong>La guerre tarifaire<\/strong><\/h5>\n<p>En juillet dernier, Trump a menac\u00e9 l\u2019Europe de droits de douane commerciaux \u00e9lev\u00e9s dans un contexte de d\u00e9t\u00e9rioration des relations avec un partenaire autrefois fid\u00e8le. Cela a \u00e9t\u00e9 per\u00e7u comme un geste extr\u00eamement hostile. Le pr\u00e9sident am\u00e9ricain avait initialement annonc\u00e9 des droits de douane de 30% sur les marchandises de l\u2019Union europ\u00e9enne, principal partenaire commercial des \u00c9tats-Unis. Par la suite, les deux parties sont convenues d\u2019un accord-cadre commercial \u00e9tablissant un droit de douane de 15% sur la plupart des marchandises.<\/p>\n<p>source : <a target=\"_blank\" href=\"https:\/\/www.observateur-continental.fr\/?module=articles&amp;action=view&amp;id=7542\" target=\"_blank\" rel=\"noopener\" title=\"\">Observateur Continental<\/a><\/p>\n<div class=\"sharedaddy sd-block sd-like jetpack-likes-widget-wrapper jetpack-likes-widget-unloaded\" id=\"like-post-wrapper-237719536-507146-6971382227eb1\" data-src=\"https:\/\/widgets.wp.com\/likes\/?ver=15.2#blog_id=237719536&amp;post_id=507146&amp;origin=reseauinternational.net&amp;obj_id=237719536-507146-6971382227eb1\" data-name=\"like-post-frame-237719536-507146-6971382227eb1\" data-title=\"Aimer ou rebloguer\">\n<h3 class=\"sd-title\">J\u2019aime \u00e7a\u00a0:<\/h3>\n<p><span class=\"button\"><span>J\u2019aime<\/span><\/span> <span class=\"loading\">chargement\u2026<\/span><\/p>\n<p><span class=\"sd-text-color\"\/><a target=\"_blank\" class=\"sd-link-color\"\/><\/div>\n<p><meta itemscope=\"\" itemprop=\"mainEntityOfPage\" itemtype=\"https:\/\/schema.org\/WebPage\" itemid=\"https:\/\/reseauinternational.net\/le-groenland-la-pomme-de-discorde-qui-pourrait-enterrer-lotan\/\"\/><meta itemprop=\"headline\" content=\"Le Groenland : la pomme de discorde qui pourrait enterrer l\u2019OTAN\"\/><span style=\"display: none;\" itemprop=\"author\" itemscope=\"\" itemtype=\"https:\/\/schema.org\/Person\"><meta itemprop=\"name\" content=\"R\u00e9seau International\"\/><\/span><span style=\"display: none;\" itemprop=\"image\" itemscope=\"\" itemtype=\"https:\/\/schema.org\/ImageObject\"><meta itemprop=\"url\" content=\"https:\/\/i0.wp.com\/reseauinternational.net\/wp-content\/uploads\/2026\/01\/Sans-titre-26-9.png?fit=800%2C467&amp;ssl=1\"\/><meta itemprop=\"width\" content=\"800\"\/><meta itemprop=\"height\" content=\"467\"\/><\/span><span style=\"display: none;\" itemprop=\"publisher\" itemscope=\"\" itemtype=\"https:\/\/schema.org\/Organization\"><span style=\"display: none;\" itemprop=\"logo\" itemscope=\"\" itemtype=\"https:\/\/schema.org\/ImageObject\"><meta itemprop=\"url\" content=\"https:\/\/reseauinternational.net\/wp-content\/uploads\/2022\/06\/Capture-de\u0301cran-2022-06-14-a\u0300-16.51.07.png\"\/><\/span><meta itemprop=\"name\" content=\"R\u00e9seau International\"\/><\/span><meta itemprop=\"datePublished\" content=\"2026-01-21T13:13:40+00:00\"\/><meta itemprop=\"dateModified\" content=\"2026-01-21T13:13:59+00:00\"\/><\/div>\n<p><br \/>\n<br \/><a href=\"https:\/\/reseauinternational.net\/le-groenland-la-pomme-de-discorde-qui-pourrait-enterrer-lotan\/\" target=\"_blank\"\">Source link <\/a><\/p>\n","protected":false},"excerpt":{"rendered":"<p>Soutenez-nous Votre soutien nous est indispensable pour continuer \u00e0 vous fournir le meilleur de l\u2019information internationale alternative. C\u2019est gr\u00e2ce \u00e0 vos dons que nous pourrons maintenir le cap pour une&hellip; <\/p>\n","protected":false},"author":1,"featured_media":22785,"comment_status":"open","ping_status":"open","sticky":false,"template":"","format":"standard","meta":{"footnotes":""},"categories":[1],"tags":[],"class_list":["post-22784","post","type-post","status-publish","format-standard","has-post-thumbnail","hentry","category-non-classe"],"_links":{"self":[{"href":"https:\/\/monde25.info\/index.php\/wp-json\/wp\/v2\/posts\/22784","targetHints":{"allow":["GET"]}}],"collection":[{"href":"https:\/\/monde25.info\/index.php\/wp-json\/wp\/v2\/posts"}],"about":[{"href":"https:\/\/monde25.info\/index.php\/wp-json\/wp\/v2\/types\/post"}],"author":[{"embeddable":true,"href":"https:\/\/monde25.info\/index.php\/wp-json\/wp\/v2\/users\/1"}],"replies":[{"embeddable":true,"href":"https:\/\/monde25.info\/index.php\/wp-json\/wp\/v2\/comments?post=22784"}],"version-history":[{"count":0,"href":"https:\/\/monde25.info\/index.php\/wp-json\/wp\/v2\/posts\/22784\/revisions"}],"wp:featuredmedia":[{"embeddable":true,"href":"https:\/\/monde25.info\/index.php\/wp-json\/wp\/v2\/media\/22785"}],"wp:attachment":[{"href":"https:\/\/monde25.info\/index.php\/wp-json\/wp\/v2\/media?parent=22784"}],"wp:term":[{"taxonomy":"category","embeddable":true,"href":"https:\/\/monde25.info\/index.php\/wp-json\/wp\/v2\/categories?post=22784"},{"taxonomy":"post_tag","embeddable":true,"href":"https:\/\/monde25.info\/index.php\/wp-json\/wp\/v2\/tags?post=22784"}],"curies":[{"name":"wp","href":"https:\/\/api.w.org\/{rel}","templated":true}]}}