{"id":22786,"date":"2026-01-21T23:12:39","date_gmt":"2026-01-21T22:12:39","guid":{"rendered":"https:\/\/monde25.info\/index.php\/2026\/01\/21\/davos-2026-trump-en-full-metal-jacket-les-elites-tremblent-macron-cache-son-oeil\/"},"modified":"2026-01-21T23:12:39","modified_gmt":"2026-01-21T22:12:39","slug":"davos-2026-trump-en-full-metal-jacket-les-elites-tremblent-macron-cache-son-oeil","status":"publish","type":"post","link":"https:\/\/monde25.info\/index.php\/2026\/01\/21\/davos-2026-trump-en-full-metal-jacket-les-elites-tremblent-macron-cache-son-oeil\/","title":{"rendered":"Davos 2026 : Trump en Full Metal Jacket, les \u00e9lites tremblent, Macron cache son \u0153il"},"content":{"rendered":"<p> <br \/>\n<\/p>\n<div>\n<p>Ah, Davos ! Ce sommet enneig\u00e9 o\u00f9 les \u00e9lites mondialis\u00e9es se rendent en jets priv\u00e9s, et se congratulent dans des chalets chauff\u00e9s au gaz \u00ab\u00a0russe\u00a0\u00bb, tout en sermonnant le bas peuple sur l&rsquo;urgence climatique. Pr\u00e8s de 3,000 leaders sont annonc\u00e9s par les organisateurs, ainsi que 400 figures politiques, 850 PDG et pr\u00e9sidents des plus grandes entreprises et de la soci\u00e9t\u00e9 civile. Une v\u00e9ritable armada. Le ballet des questions sans r\u00e9ponse des nombreux journalistes a commenc\u00e9, avec Eric Schmidt ancien PDG de Google <a target=\"_blank\" href=\"https:\/\/x.com\/RebelNewsOnline\/status\/2013748893553455370?s=20\">qui se d\u00e9file face aux questions de RebelNews<\/a> sur la censure. Christine Lagarde, pr\u00e9sidente de la Banque centrale europ\u00e9enne, s&rsquo;y est aussi coll\u00e9e, mais <strong>elle refuse de justifier<\/strong> les raisons derri\u00e8re <strong>sa volont\u00e9 de rendre ill\u00e9gales les transactions en esp\u00e8ces sup\u00e9rieures \u00e0 1\u00a0000\u00a0\u20ac.<\/strong> <a target=\"_blank\" href=\"https:\/\/x.com\/xazalbert\/status\/2013887994046841303?s=20\">Callum Smiles pour VoxPopuli<\/a>, qui interpellait Me Lagarde \u00e0 Davos, rappelle qu\u2019elle a d\u00e9j\u00e0 \u00e9t\u00e9 reconnue coupable de n\u00e9gligence pour avoir dilapid\u00e9 400\u00a0millions d\u2019euros d\u2019argent public\u00a0!<\/p>\n<p><img decoding=\"async\" data-entity-uuid=\"d083f5b8-dde0-4e0d-af10-bd10e5d553b0\" data-entity-type=\"file\" width=\"705\" height=\"394\" class=\"align-center lazyload\" loading=\"lazy\" src=\"https:\/\/www.francesoir.fr\/sites\/default\/files\/inline-images\/Davos%20America%20Full%20Metal%20Jacket.png\"\/><\/p>\n<p>Plac\u00e9e sous le signe du \u00ab\u00a0<em>dialogue<\/em>\u00a0\u00bb, l&rsquo;\u00e9dition 2026 sent le vent tourner. Les puissants sentent la glace craquer sous leurs pieds. Et pour cause\u00a0! Donald Trump d\u00e9barque en force, avec la plus grande d\u00e9l\u00e9gation am\u00e9ricaine de l&rsquo;histoire du Forum \u00e9conomique mondial, escort\u00e9e par des secr\u00e9taires d&rsquo;\u00c9tat comme <a target=\"_blank\" href=\"https:\/\/www.cnbc.com\/2026\/01\/19\/trump-world-economic-forum-davos-who-isnt-going.html\">Marco Rubio et des conseillers comme Jared Kushner<\/a>.<\/p>\n<blockquote class=\"twitter-tweet\">\n<p lang=\"en\" dir=\"ltr\">\ud83c\udf0d\ud83c\udde8\ud83c\uddedThe President of the European Central Bank Christine Lagarde REFUSES to justify, at Davos, why she wants to make cash transactions over \u20ac1000 ILLEGAL.\u00a0<\/p>\n<p>Lagarde has previously been found guilty of negligence for squandering \u20ac400 MILLION in tax payer funds! <a target=\"_blank\" href=\"https:\/\/t.co\/1eMr88o1t2\">https:\/\/t.co\/1eMr88o1t2<\/a> <a target=\"_blank\" href=\"https:\/\/t.co\/CIHHkxaNSO\">pic.twitter.com\/CIHHkxaNSO<\/a><\/p>\n<p>\u2014 VoxPopuli (@vpopulimedia) <a target=\"_blank\" href=\"https:\/\/twitter.com\/vpopulimedia\/status\/2013620909718864370?ref_src=twsrc%5Etfw\">January 20, 2026<\/a><\/p>\n<\/blockquote>\n<p>C&rsquo;est la version <em>Full Metal Jacket<\/em> version d&rsquo;un Donald Trump qui semble pr\u00eat \u00e0 en d\u00e9coudre, et avec pour mot d&rsquo;ordre \u00ab\u00a0pas de quartier pour ce mondialisme d\u00e9connect\u00e9\u00a0!\u00a0\u00bb Cette politique promue par des \u00e9lites avides de gains, et <strong>terroris\u00e9es \u00e0 l&rsquo;id\u00e9e de rendre des comptes ou de perdre leur place dans la course<\/strong>. Une course qui ressemble furieusement \u00e0 une guerre contre les populations et contre la v\u00e9rit\u00e9. Trump, lui, ne rigole pas. Selon certains observateurs, \u00ab\u00a0<em>il semble venu pour siffler la fin de la partie<\/em>\u00a0\u00bb. Son discours secouerait les certitudes : r\u00e9formes du logement, ambitions sur le Groenland, <a target=\"_blank\" href=\"https:\/\/fortune.com\/2026\/01\/20\/how-much-does-it-cost-to-go-to-davos-world-economic-forum\/\">et ce <em>Board of Peace<\/em> pour reconstruire Gaza<\/a> \u2013 un pied de nez aux Nations unies chancelantes.<\/p>\n<p>Trump a d\u00e9barqu\u00e9 en retard (probl\u00e8me \u00e9lectrique sur Air Force One, remplac\u00e9 en urgence), mais il a compens\u00e9 par un discours d&rsquo;une heure et dix minutes, marathon triomphaliste sans concession : <em>\u00ab<\/em>\u00a0<em>L&rsquo;Am\u00e9rique est de retour, plus grande, meilleure, plus forte que jamais\u00a0\u00bb<\/em>. Il a vant\u00e9 un boom \u00e9conomique sans pr\u00e9c\u00e9dent \u2013 18 trillions inject\u00e9s en un an, l&rsquo;inflation \u00ab\u00a0<em>jugul\u00e9e <\/em>\u00bb, l&rsquo;essence \u00e0 1,99 $ le gallon dans de nombreux \u00c9tats, les fronti\u00e8res verrouill\u00e9es, et l\u2019\u00e9nergie lib\u00e9r\u00e9e. \u00ab\u00a0<em>Quand l&rsquo;Am\u00e9rique monte, vous suivez\u00a0\u00bb<\/em>, a-t-il lanc\u00e9 aux dirigeants d&rsquo;entreprise et aux chefs d&rsquo;\u00c9tat pr\u00e9sents. L&rsquo;Europe, en revanche, va \u00ab\u00a0<em>dans la mauvaise direction<\/em>\u00a0\u00bb, et n&rsquo;est \u00ab\u00a0<em>plus reconnaissable<\/em>\u00a0\u00bb : immigration massive incontr\u00f4l\u00e9e, des d\u00e9localisations massives, et des \u00e9oliennes inutiles qui gr\u00e8vent les factures. Il a m\u00eame tacl\u00e9 nomm\u00e9ment le Premier ministre canadien Mark Carney\u00a0: \u00ab\u00a0Le<em> Canada existe gr\u00e2ce aux \u00c9tats-Unis. Souviens-t&rsquo;en Mark. <\/em>\u00bb Et la Suisse ? \u00ab\u00a0<em>Elle ne fonctionne que gr\u00e2ce \u00e0 nous.\u00a0\u00bb\u00a0<\/em><\/p>\n<p>Sur l\u2019Ukraine, Trump s\u2019est montr\u00e9 direct et brutalement pragmatique. Il estime qu\u2019un accord est \u00ab <em>raisonnablement proche <\/em>\u00bb et que Vladimir Poutine comme Volodymyr Zelenskyy souhaitent la paix. Mais, il accuse surtout l\u2019Ukrainien d\u2019\u00eatre le principal obstacle : \u00ab <em>Souvent, nous avons un accord avec la Russie, la Russie est pr\u00eate, et le pr\u00e9sident Zelenskyy refuse de le faire.<\/em> \u00bb\u00a0<\/p>\n<p><img decoding=\"async\" data-entity-uuid=\"8e522b22-a8fe-4fe0-ad4c-ee93b5146e8d\" data-entity-type=\"file\" alt=\"Davos\" width=\"702\" height=\"392\" class=\"align-center lazyload\" loading=\"lazy\" src=\"https:\/\/www.francesoir.fr\/sites\/default\/files\/inline-images\/Davos%20America%20Full%20Metal%20Jacket%20%281%29.png\"\/><\/p>\n<p>Il a ajout\u00e9 : \u00ab <em>S\u2019ils ne concluent pas cet accord, ils sont stupides. Cela vaut pour les deux<\/em>.\u00a0\u00bb Il pr\u00e9voit une rencontre avec Zelenskyy jeudi pour forcer la main. Aucune mention de l\u2019invasion russe de 2022, aucune recherche explicite de responsabilit\u00e9s : une \u00e9quivalence qui balaie les narratifs europ\u00e9ens et provoque des soupirs dans la salle, comme dans les m\u00e9dias mainstreams.<\/p>\n<blockquote class=\"twitter-tweet\">\n<p lang=\"en\" dir=\"ltr\">President Trump Delivers a Special Address to the World Economic Forum <a target=\"_blank\" href=\"https:\/\/t.co\/HMLyqQcwoZ\">https:\/\/t.co\/HMLyqQcwoZ<\/a><\/p>\n<p>\u2014 The White House (@WhiteHouse) <a target=\"_blank\" href=\"https:\/\/twitter.com\/WhiteHouse\/status\/2013969367252242463?ref_src=twsrc%5Etfw\">January 21, 2026<\/a><\/p>\n<\/blockquote>\n<p>Le point d\u2019orgue reste le Groenland. Trump a r\u00e9clam\u00e9 des \u00ab <em>n\u00e9gociations imm\u00e9diates <\/em>\u00bb pour que les \u00c9tats-Unis en acqui\u00e8rent la propri\u00e9t\u00e9, au nom de la \u00ab <em>s\u00e9curit\u00e9 nationale et internationale <\/em>\u00bb. \u00ab <em><strong>Personne d\u2019autre que les \u00c9tats-Unis n\u2019est en mesure de s\u00e9curiser le Groenland <\/strong><\/em>\u00bb, a-t-il martel\u00e9, arguant que l\u2019\u00eele fait partie du continent nord-am\u00e9ricain et que sa possession renforcerait l\u2019OTAN. Il a <strong>\u00e9cart\u00e9 l\u2019usage de la force <\/strong>\u2013 \u00ab <em>Je ne l\u2019utiliserai pas, je n\u2019ai pas besoin de l\u2019utiliser, je ne veux pas l\u2019utiliser <\/em>\u00bb \u2013, mais a gliss\u00e9 une menace \u00e0 peine voil\u00e9e : \u00ab <em>Nous obtiendrons probablement rien \u00e0 moins que je d\u00e9cide d\u2019employer une force excessive, o\u00f9 nous serions franchement inarr\u00eatables.\u00a0\u00bb<\/em>\u00a0<\/p>\n<p><img decoding=\"async\" data-entity-uuid=\"bb607886-8162-46a5-b133-e0d940e2aec6\" data-entity-type=\"file\" alt=\"davos\" width=\"700\" height=\"391\" class=\"align-center lazyload\" loading=\"lazy\" src=\"https:\/\/www.francesoir.fr\/sites\/default\/files\/inline-images\/Davos%20America%20Full%20Metal%20Jacket%20%285%29.png\"\/><\/p>\n<p>Il a m\u00eame confondu Groenland et l&rsquo;Islande \u00e0 plusieurs reprises, bl\u00e2mant cette derni\u00e8re pour une chute boursi\u00e8re li\u00e9e \u00e0 ses menaces tarifaires. Le Danemark, qualifi\u00e9 d\u2019\u00ab <em>ingrat <\/em>\u00bb, a pouss\u00e9 un soupir de soulagement public, mais la pression reste intacte. Il a ajout\u00e9 que les alli\u00e9s de l&rsquo;OTAN devraient \u00eatre \u00ab\u00a0<em>reconnaissants<\/em>\u00a0\u00bb \u2013 et que sans les USA, \u00ab\u00a0<em>vous parleriez tous allemand et japonais<\/em>\u00a0\u00bb. Un pied de nez monumental aux \u00ab\u00a0<em>globalistes<\/em>\u00a0\u00bb qui tremblent devant cette \u00ab\u00a0Am\u00e9rique First\u00a0\u00bb sans filtre.<\/p>\n<p>\u00a0<\/p>\n<p><img decoding=\"async\" data-entity-uuid=\"07565157-900a-4848-8c05-1a455541c83d\" data-entity-type=\"file\" alt=\"\" width=\"699\" height=\"390\" class=\"align-center lazyload\" loading=\"lazy\" src=\"https:\/\/www.francesoir.fr\/sites\/default\/files\/inline-images\/Davos%20America%20Full%20Metal%20Jacket%20%284%29.png\"\/><\/p>\n<p>\u00a0<\/p>\n<p>\u00a0<\/p>\n<blockquote class=\"twitter-tweet\">\n<p lang=\"fr\" dir=\"ltr\">We prefer science to conspiracy theories, rule of law to rule of force, dialogue to threats.<\/p>\n<p>Nous pr\u00e9f\u00e9rons la science au complotisme, l\u2019\u00c9tat de droit \u00e0 la loi du plus fort, le dialogue aux menaces. <a target=\"_blank\" href=\"https:\/\/t.co\/e4qK6mdFsa\">pic.twitter.com\/e4qK6mdFsa<\/a><\/p>\n<p>\u2014 Emmanuel Macron (@EmmanuelMacron) <a target=\"_blank\" href=\"https:\/\/twitter.com\/EmmanuelMacron\/status\/2013672552057450934?ref_src=twsrc%5Etfw\">January 20, 2026<\/a><\/p>\n<\/blockquote>\n<p><span class=\"css-1jxf684 r-bcqeeo r-1ttztb7 r-qvutc0 r-poiln3 r-1adg3ll r-1g7jtus r-1x3r274\">Macron d\u00e9nonce la d\u00e9sinformation des autres, mais son propre bilan est lourd de travestissements : <\/span><a target=\"_blank\" href=\"https:\/\/www.francesoir.fr\/opinions-tribunes-societe-science-tech\/le-rapport-sur-la-desinformation-en-sante\"><span class=\"css-1jxf684 r-bcqeeo r-1ttztb7 r-qvutc0 r-poiln3 r-1adg3ll r-1g7jtus r-1x3r274\">rapport biais\u00e9 sur la sant\u00e9 publique<\/span><\/a><span class=\"css-1jxf684 r-bcqeeo r-1ttztb7 r-qvutc0 r-poiln3 r-1adg3ll r-1g7jtus r-1x3r274\">, labellisation orwellienne des m\u00e9dias via Reporters sans fronti\u00e8res, D\u00e9claration de Paris o\u00f9 l\u2019\u00c9tat fabrique ses mensonges, AFP en mode antiscience pour discr\u00e9diter les m\u00e9dias. <\/span><a target=\"_blank\" href=\"https:\/\/www.francesoir.fr\/politique-france-societe-justice-sante\/macron-sous-le-scalpel-l-elysee-menace-france-soir-pour\"><span class=\"css-1jxf684 r-bcqeeo r-1ttztb7 r-qvutc0 r-poiln3 r-1adg3ll r-1g7jtus r-1x3r274\">De plus, l\u2019\u00c9lys\u00e9e menace toujours notre m\u00e9dia ind\u00e9pendant pour un simple bulletin de sant\u00e9 \u2013 le Dr Perrochon, qui a retrouv\u00e9 la voix pour un \u0153il, reste muet sur ce sujet<\/span><\/a><span class=\"css-1jxf684 r-bcqeeo r-1ttztb7 r-qvutc0 r-poiln3 r-1adg3ll r-1g7jtus r-1x3r274\">. Emmanuel 1er, monarque putatif\u00a0o\u00f9 l&rsquo;hubris macronien \u2013 violations constitutionnelles, dette abyssale, bellicisme unilat\u00e9ral \u2013 m\u00e8ne la France en direction du chaos.\u00a0<\/span><\/p>\n<p><img decoding=\"async\" data-entity-uuid=\"ea5f8149-47c7-4aee-aeb4-7c9dda087b37\" data-entity-type=\"file\" alt=\"Davos\" width=\"714\" height=\"399\" class=\"align-center lazyload\" loading=\"lazy\" src=\"https:\/\/www.francesoir.fr\/sites\/default\/files\/inline-images\/Davos%20America%20Full%20Metal%20Jacket%20%282%29.png\"\/><\/p>\n<p><a target=\"_blank\" href=\"https:\/\/edition.francesoir.fr\/societe-justice\/affaire-macron-contre-owens-une-bataille-judiciaire-americaine-qui-pourrait-tourner\"><span class=\"css-1jxf684 r-bcqeeo r-1ttztb7 r-qvutc0 r-poiln3 r-1adg3ll r-1g7jtus r-1x3r274\">L\u2019action judiciaire aux \u00c9tats-Unis contre Candace Owens<\/span><\/a><span class=\"css-1jxf684 r-bcqeeo r-1ttztb7 r-qvutc0 r-poiln3 r-1adg3ll r-1g7jtus r-1x3r274\">, accus\u00e9e de diffamation sur Brigitte Macron, bat de l&rsquo;aile : <\/span><a target=\"_blank\" href=\"https:\/\/time.com\/7343390\/brigitte-macron-france-convictions-cyberbullying-candace-owens-gender-defamation\/\"><span class=\"css-1jxf684 r-bcqeeo r-1ttztb7 r-qvutc0 r-poiln3 r-1adg3ll r-1g7jtus r-1x3r274\">une motion to dismiss<\/span><\/a><span class=\"css-1jxf684 r-bcqeeo r-1ttztb7 r-qvutc0 r-poiln3 r-1adg3ll r-1g7jtus r-1x3r274\"> (Requ\u00eate de rejet) plane <\/span><a target=\"_blank\" href=\"https:\/\/time.com\/7343390\/brigitte-macron-france-convictions-cyberbullying-candace-owens-gender-defamation\/\"><span class=\"css-1jxf684 r-bcqeeo r-1ttztb7 r-qvutc0 r-poiln3 r-1adg3ll r-1g7jtus r-1x3r274\">d\u00e9j\u00e0, tant l&rsquo;approche semble d\u00e9nu\u00e9e de sens<\/span><\/a><span class=\"css-1jxf684 r-bcqeeo r-1ttztb7 r-qvutc0 r-poiln3 r-1adg3ll r-1g7jtus r-1x3r274\">., 250 000 dollars d\u00e9j\u00e0 d\u00e9bours\u00e9s par Owens \u2013 mais qui paie pour Macron ? Les contribuables fran\u00e7ais, bien s\u00fbr, comme toujours. Et pendant ce temps, des <\/span><a target=\"_blank\" href=\"https:\/\/edition.francesoir.fr\/societe-justice\/brigittegate-une-condamnation-severe-qui-interroge-l-impartialite-de-la-justice\"><span class=\"css-1jxf684 r-bcqeeo r-1ttztb7 r-qvutc0 r-poiln3 r-1adg3ll r-1g7jtus r-1x3r274\">tribunaux parisiens condamnent s\u00e9v\u00e8rement des cyberharceleurs<\/span><\/a><span class=\"css-1jxf684 r-bcqeeo r-1ttztb7 r-qvutc0 r-poiln3 r-1adg3ll r-1g7jtus r-1x3r274\"> pour des all\u00e9gations similaires, interrogeant sur l\u2019impartialit\u00e9 de la justice. \u00c0 l&rsquo;inverse, aux \u00c9tats-Unis, Candace Owens, elle, double la mise\u00a0: elle accuse les Macron de complot.\u00a0<\/span><\/p>\n<p><span class=\"css-1jxf684 r-bcqeeo r-1ttztb7 r-qvutc0 r-poiln3 r-1adg3ll r-1g7jtus r-1x3r274\">Sur les r\u00e9seaux, les moqueries pleuvent : \u00ab <\/span><em><span class=\"css-1jxf684 r-bcqeeo r-1ttztb7 r-qvutc0 r-poiln3 r-1adg3ll r-1g7jtus r-1x3r274\">Qu\u2019est-ce que Brigitte t\u2019a fait cette fois ? <\/span><\/em><span class=\"css-1jxf684 r-bcqeeo r-1ttztb7 r-qvutc0 r-poiln3 r-1adg3ll r-1g7jtus r-1x3r274\">\u00bb Trump arrive en mode \u00ab <\/span><em><span class=\"css-1jxf684 r-bcqeeo r-1ttztb7 r-qvutc0 r-poiln3 r-1adg3ll r-1g7jtus r-1x3r274\">Full Metal Jacket <\/span><\/em><span class=\"css-1jxf684 r-bcqeeo r-1ttztb7 r-qvutc0 r-poiln3 r-1adg3ll r-1g7jtus r-1x3r274\">\u00bb : pas de quartier pour ce club des \u00e9lites qui sermonnent le peuple sur le climat tout en s\u2019enrichissant. Il \u00e9voque un \u00ab <\/span><em><span class=\"css-1jxf684 r-bcqeeo r-1ttztb7 r-qvutc0 r-poiln3 r-1adg3ll r-1g7jtus r-1x3r274\">Board of Peace <\/span><\/em><span class=\"css-1jxf684 r-bcqeeo r-1ttztb7 r-qvutc0 r-poiln3 r-1adg3ll r-1g7jtus r-1x3r274\">\u00bb pour Gaza, un Venezuela \u00ab <\/span><em><span class=\"css-1jxf684 r-bcqeeo r-1ttztb7 r-qvutc0 r-poiln3 r-1adg3ll r-1g7jtus r-1x3r274\">lib\u00e9r\u00e9 <\/span><\/em><span class=\"css-1jxf684 r-bcqeeo r-1ttztb7 r-qvutc0 r-poiln3 r-1adg3ll r-1g7jtus r-1x3r274\">\u00bb gr\u00e2ce \u00e0 l\u2019Am\u00e9rique, la fin de l\u2019\u00e8re du d\u00e9clin.\u00a0<\/span><\/p>\n<p><span class=\"css-1jxf684 r-bcqeeo r-1ttztb7 r-qvutc0 r-poiln3 r-1adg3ll r-1g7jtus r-1x3r274\">L\u2019information n\u2019a jamais \u00e9t\u00e9 aussi menac\u00e9e sur cette ligne de cr\u00eate. Les biais id\u00e9ologiques contr\u00f4lent la science et le journalisme \u2013 <\/span><a target=\"_blank\" href=\"https:\/\/www.francesoir.fr\/societe-sante-science-tech\/ioannidis-quand-le-journalisme-scientifique-devient-un-plaidoyer\"><span class=\"css-1jxf684 r-bcqeeo r-1ttztb7 r-qvutc0 r-poiln3 r-1adg3ll r-1g7jtus r-1x3r274\">Ioannidis l\u2019a d\u00e9montr\u00e9 avec force <\/span><\/a><span class=\"css-1jxf684 r-bcqeeo r-1ttztb7 r-qvutc0 r-poiln3 r-1adg3ll r-1g7jtus r-1x3r274\">\u2013, les m\u00e9dias mainstream <strong>trahissent leur mission<\/strong>. Face \u00e0 ce \u00ab <\/span><a target=\"_blank\" href=\"https:\/\/www.francesoir.fr\/politique-france-monde\/le-hall-shame-de-la-maison-blanche-une-riposte-la-censure-mediatique-entre\"><em><span class=\"css-1jxf684 r-bcqeeo r-1ttztb7 r-qvutc0 r-poiln3 r-1adg3ll r-1g7jtus r-1x3r274\">Hall of Shame<\/span><\/em><\/a><span class=\"css-1jxf684 r-bcqeeo r-1ttztb7 r-qvutc0 r-poiln3 r-1adg3ll r-1g7jtus r-1x3r274\"> \u00bb, il est vital de soutenir les voix ind\u00e9pendantes comme <\/span><em><span class=\"css-1jxf684 r-bcqeeo r-1ttztb7 r-qvutc0 r-poiln3 r-1adg3ll r-1g7jtus r-1x3r274\">France-Soir<\/span><\/em><span class=\"css-1jxf684 r-bcqeeo r-1ttztb7 r-qvutc0 r-poiln3 r-1adg3ll r-1g7jtus r-1x3r274\">, qui osent briser <\/span><a target=\"_blank\" href=\"https:\/\/www.francesoir.fr\/opinions-editos\/la-vanite-politique-miroir-brise-des-puissants\"><span class=\"css-1jxf684 r-bcqeeo r-1ttztb7 r-qvutc0 r-poiln3 r-1adg3ll r-1g7jtus r-1x3r274\">le miroir de la vanit\u00e9 des puissants<\/span><\/a><span class=\"css-1jxf684 r-bcqeeo r-1ttztb7 r-qvutc0 r-poiln3 r-1adg3ll r-1g7jtus r-1x3r274\">. Sinon, c&rsquo;est la population qui paiera l&rsquo;addition \u2013 et elle est sal\u00e9e.<\/span><\/p>\n<p><span class=\"css-1jxf684 r-bcqeeo r-1ttztb7 r-qvutc0 r-poiln3 r-1adg3ll r-1x3r274 r-p1pxzi\">Trump n\u2019est pas venu dialoguer. Il est venu conclure : la course est termin\u00e9e. Les \u00e9lites le savent d\u00e9sormais. Et l&rsquo;addition\u00a0? L\u00e0 aussi elle sera sal\u00e9e. Sacr\u00e9ment indigeste pour ceux qui ont pari\u00e9 sur le mondialisme d\u00e9connect\u00e9. L\u2019Am\u00e9rique vs. le cirque europ\u00e9en : le vainqueur semble d\u00e9j\u00e0 d\u00e9sign\u00e9.<\/span><\/p>\n<p><img decoding=\"async\" data-entity-uuid=\"24143d8c-ad97-4e61-afc1-57cafa5a4ded\" data-entity-type=\"file\" alt=\"Davos\" width=\"703\" height=\"393\" class=\"align-center lazyload\" loading=\"lazy\" src=\"https:\/\/www.francesoir.fr\/sites\/default\/files\/inline-images\/Davos%20America%20Full%20Metal%20Jacket%20%283%29.png\"\/><\/div>\n<p><script async src=\"\/\/platform.twitter.com\/widgets.js\" charset=\"utf-8\"><\/script><script>(function(d, s, id) {  var js, fjs = d.getElementsByTagName(s)[0];  if (d.getElementById(id)) return;  js = d.createElement(s); js.id = id;  js.src = \"\/\/connect.facebook.net\/fr_FR\/sdk.js#xfbml=1&version=v2.3\";  fjs.parentNode.insertBefore(js, fjs);}(document, \"script\", \"facebook-jssdk\"));<\/script><br \/>\n<br \/><br \/>\n<br \/><a href=\"https:\/\/www.francesoir.fr\/opinions-editos\/davos-2026-le-crepuscule-des-elites-avides-et-trump-sonnal-le-glas\" target=\"_blank\"\">Source link <\/a><\/p>\n","protected":false},"excerpt":{"rendered":"<p>Ah, Davos ! Ce sommet enneig\u00e9 o\u00f9 les \u00e9lites mondialis\u00e9es se rendent en jets priv\u00e9s, et se congratulent dans des chalets chauff\u00e9s au gaz \u00ab\u00a0russe\u00a0\u00bb, tout en sermonnant le bas&hellip; <\/p>\n","protected":false},"author":1,"featured_media":22787,"comment_status":"open","ping_status":"open","sticky":false,"template":"","format":"standard","meta":{"footnotes":""},"categories":[1],"tags":[],"class_list":["post-22786","post","type-post","status-publish","format-standard","has-post-thumbnail","hentry","category-non-classe"],"_links":{"self":[{"href":"https:\/\/monde25.info\/index.php\/wp-json\/wp\/v2\/posts\/22786","targetHints":{"allow":["GET"]}}],"collection":[{"href":"https:\/\/monde25.info\/index.php\/wp-json\/wp\/v2\/posts"}],"about":[{"href":"https:\/\/monde25.info\/index.php\/wp-json\/wp\/v2\/types\/post"}],"author":[{"embeddable":true,"href":"https:\/\/monde25.info\/index.php\/wp-json\/wp\/v2\/users\/1"}],"replies":[{"embeddable":true,"href":"https:\/\/monde25.info\/index.php\/wp-json\/wp\/v2\/comments?post=22786"}],"version-history":[{"count":0,"href":"https:\/\/monde25.info\/index.php\/wp-json\/wp\/v2\/posts\/22786\/revisions"}],"wp:featuredmedia":[{"embeddable":true,"href":"https:\/\/monde25.info\/index.php\/wp-json\/wp\/v2\/media\/22787"}],"wp:attachment":[{"href":"https:\/\/monde25.info\/index.php\/wp-json\/wp\/v2\/media?parent=22786"}],"wp:term":[{"taxonomy":"category","embeddable":true,"href":"https:\/\/monde25.info\/index.php\/wp-json\/wp\/v2\/categories?post=22786"},{"taxonomy":"post_tag","embeddable":true,"href":"https:\/\/monde25.info\/index.php\/wp-json\/wp\/v2\/tags?post=22786"}],"curies":[{"name":"wp","href":"https:\/\/api.w.org\/{rel}","templated":true}]}}