{"id":2279,"date":"2024-12-15T23:27:24","date_gmt":"2024-12-15T22:27:24","guid":{"rendered":"https:\/\/monde25.info\/index.php\/2024\/12\/15\/la-cedeao-laisse-aux-pays-de-laes-six-mois-pour-reconsiderer-leur-retrait\/"},"modified":"2024-12-15T23:27:24","modified_gmt":"2024-12-15T22:27:24","slug":"la-cedeao-laisse-aux-pays-de-laes-six-mois-pour-reconsiderer-leur-retrait","status":"publish","type":"post","link":"https:\/\/monde25.info\/index.php\/2024\/12\/15\/la-cedeao-laisse-aux-pays-de-laes-six-mois-pour-reconsiderer-leur-retrait\/","title":{"rendered":"La CEDEAO laisse aux pays de l&rsquo;AES six mois pour reconsid\u00e9rer leur retrait"},"content":{"rendered":"<p> <br \/>\n<\/p>\n<div itemscope=\"\" itemtype=\"https:\/\/schema.org\/Article\">\n<p>https:\/\/fr.sputniknews.africa\/20241215\/la-cedeao-laisse-aux-pays-de-laes-six-mois-pour-reconsiderer-leur-retrait-1069730479.html<\/p>\n<p><a target=\"_blank\" itemprop=\"url\" href=\"https:\/\/fr.sputniknews.africa\/20241215\/la-cedeao-laisse-aux-pays-de-laes-six-mois-pour-reconsiderer-leur-retrait-1069730479.html\" title=\"La CEDEAO laisse aux pays de l'AES six mois pour reconsid\u00e9rer leur retrait\"\/><\/p>\n<p>La CEDEAO laisse aux pays de l&rsquo;AES six mois pour reconsid\u00e9rer leur retrait<\/p>\n<p>La CEDEAO laisse aux pays de l&rsquo;AES six mois pour reconsid\u00e9rer leur retrait<\/p>\n<p>Sputnik Afrique<\/p>\n<p>Selon le r\u00e8glement, \u00ab\u00a0les trois pays cesseront officiellement d&rsquo;\u00eatre membres de la Communaut\u00e9 \u00e0 partir du 29 janvier 2025\u00a0\u00bb, a fait savoir Omar Touray, pr\u00e9sident&#8230; 15.12.2024, Sputnik Afrique<\/p>\n<p>2024-12-15T19:49+0100<\/p>\n<p>2024-12-15T19:49+0100<\/p>\n<p>2024-12-15T19:52+0100<\/p>\n<p>mali<\/p>\n<p>niger<\/p>\n<p>burkina faso<\/p>\n<p>communaut\u00e9 \u00e9conomique des \u00e9tats d&rsquo;afrique de l&rsquo;ouest (cedeao)<\/p>\n<p>alliance des \u00e9tats du sahel (aes)<\/p>\n<p>https:\/\/cdn1.img.sputniknews.africa\/img\/07e8\/0b\/0f\/1069251594_0:48:1600:948_1920x0_80_0_0_d879f1fb88b061a5746fc93a8b7d07d1.jpg<\/p>\n<p>Pourtant, l&rsquo;organisation va mettre en place une \u00ab\u00a0p\u00e9riode de transition\u00a0\u00bb qui durera jusqu&rsquo;au 29 juillet 2025 afin de \u00ab\u00a0maintenir les portes de la CEDEAO ouvertes\u00a0\u00bb.Au cours du deuxi\u00e8me trimestre de 2025, le Conseil des ministres va convoquer une session extraordinaire pour prendre acte du d\u00e9part des membres de l&rsquo;AES. Il \u00e9laborera \u00e9galement un plan d&rsquo;urgence pour les relations politiques et \u00e9conomiques avec ces pays.Auparavant, les pays de l&rsquo;Alliance des \u00c9tats du Sahel &#8211; le Mali, le Burkina Faso et le Niger &#8211; avaient jug\u00e9 \u00ab\u00a0irr\u00e9versible\u00a0\u00bb leur d\u00e9cision de quitter la Communaut\u00e9.<\/p>\n<p>mali<\/p>\n<p>niger<\/p>\n<p>burkina faso<\/p>\n<div itemprop=\"copyrightHolder\" itemscope=\"\" itemtype=\"http:\/\/schema.org\/Organization\">\n<p>Sputnik Afrique<\/p>\n<p><a target=\"_blank\" itemprop=\"url\" href=\"https:\/\/fr.sputniknews.africa\" title=\"Sputnik Afrique\"> <\/a><\/p>\n<p>feedback.fr@sputniknews.com<\/p>\n<p>+74956456601<\/p>\n<p>MIA \u201eRossiya Segodnya\u201c<\/p>\n<p><a target=\"_blank\" itemprop=\"sameAs\" href=\"https:\/\/t.me\/sputnik_afrique\"> <\/a><a target=\"_blank\" itemprop=\"sameAs\" href=\"https:\/\/t.me\/sputnik_africa\"> <\/a><a target=\"_blank\" itemprop=\"sameAs\" href=\"https:\/\/t.me\/sputnik_ethiopia\"> <\/a><a target=\"_blank\" itemprop=\"sameAs\" href=\"https:\/\/x.com\/sputnik_afrique\"> <\/a><a target=\"_blank\" itemprop=\"sameAs\" href=\"https:\/\/x.com\/sputnik_africa\"> <\/a><\/div>\n<p>2024<\/p>\n<div itemprop=\"creator\" itemscope=\"\" itemtype=\"http:\/\/schema.org\/Organization\">\n<p>Sputnik Afrique<\/p>\n<p><a target=\"_blank\" itemprop=\"url\" href=\"https:\/\/fr.sputniknews.africa\" title=\"Sputnik Afrique\"> <\/a><\/p>\n<p>feedback.fr@sputniknews.com<\/p>\n<p>+74956456601<\/p>\n<p>MIA \u201eRossiya Segodnya\u201c<\/p>\n<p><a target=\"_blank\" itemprop=\"sameAs\" href=\"https:\/\/t.me\/sputnik_afrique\"> <\/a><a target=\"_blank\" itemprop=\"sameAs\" href=\"https:\/\/t.me\/sputnik_africa\"> <\/a><a target=\"_blank\" itemprop=\"sameAs\" href=\"https:\/\/t.me\/sputnik_ethiopia\"> <\/a><a target=\"_blank\" itemprop=\"sameAs\" href=\"https:\/\/x.com\/sputnik_afrique\"> <\/a><a target=\"_blank\" itemprop=\"sameAs\" href=\"https:\/\/x.com\/sputnik_africa\"> <\/a><\/div>\n<p>Actus<\/p>\n<p>fr_FR<\/p>\n<div itemprop=\"sourceOrganization\" itemscope=\"\" itemtype=\"http:\/\/schema.org\/Organization\">\n<p>Sputnik Afrique<\/p>\n<p><a target=\"_blank\" itemprop=\"url\" href=\"https:\/\/fr.sputniknews.africa\" title=\"Sputnik Afrique\"> <\/a><\/p>\n<p>feedback.fr@sputniknews.com<\/p>\n<p>+74956456601<\/p>\n<p>MIA \u201eRossiya Segodnya\u201c<\/p>\n<p><a target=\"_blank\" itemprop=\"sameAs\" href=\"https:\/\/t.me\/sputnik_afrique\"> <\/a><a target=\"_blank\" itemprop=\"sameAs\" href=\"https:\/\/t.me\/sputnik_africa\"> <\/a><a target=\"_blank\" itemprop=\"sameAs\" href=\"https:\/\/t.me\/sputnik_ethiopia\"> <\/a><a target=\"_blank\" itemprop=\"sameAs\" href=\"https:\/\/x.com\/sputnik_afrique\"> <\/a><a target=\"_blank\" itemprop=\"sameAs\" href=\"https:\/\/x.com\/sputnik_africa\"> <\/a><\/div>\n<p><a target=\"_blank\" itemprop=\"thumbnailUrl\" href=\"https:\/\/cdn1.img.sputniknews.africa\/img\/07e8\/0b\/0f\/1069251594_0:48:1600:948_1920x0_80_0_0_d879f1fb88b061a5746fc93a8b7d07d1.jpg\"\/><a target=\"_blank\" itemprop=\"thumbnailUrl\" href=\"https:\/\/cdn1.img.sputniknews.africa\/img\/07e8\/0b\/0f\/1069251594_0:0:1424:1067_1920x0_80_0_0_bf1e3296d03fa9c12ca7f9ee713f1ed6.jpg\">https:\/\/cdn1.img.sputniknews.africa\/img\/07e8\/0b\/0f\/1069251594_0:0:1424:1067_1920x0_80_0_0_bf1e3296d03fa9c12ca7f9ee713f1ed6.jpg<\/a><a target=\"_blank\" itemprop=\"thumbnailUrl\" href=\"https:\/\/cdn1.img.sputniknews.africa\/img\/07e8\/0b\/0f\/1069251594_0:0:1068:1067_1920x0_80_0_0_b0e179072569321db58e2108d3b9aa33.jpg\" title=\"Ibrahim Traor\u00e9 a re\u00e7u en audience le 14 novembre 2024 les ministres charg\u00e9s de la Transition digitale de la Conf\u00e9d\u00e9ration AES\"\/><\/p>\n<div itemprop=\"publisher\" itemscope=\"\" itemtype=\"http:\/\/schema.org\/Organization\">\n<p>Sputnik Afrique<\/p>\n<p><a target=\"_blank\" itemprop=\"url\" href=\"https:\/\/fr.sputniknews.africa\" title=\"Sputnik Afrique\"> <\/a><\/p>\n<p>feedback.fr@sputniknews.com<\/p>\n<p>+74956456601<\/p>\n<p>MIA \u201eRossiya Segodnya\u201c<\/p>\n<p><a target=\"_blank\" itemprop=\"sameAs\" href=\"https:\/\/t.me\/sputnik_afrique\"> <\/a><a target=\"_blank\" itemprop=\"sameAs\" href=\"https:\/\/t.me\/sputnik_africa\"> <\/a><a target=\"_blank\" itemprop=\"sameAs\" href=\"https:\/\/t.me\/sputnik_ethiopia\"> <\/a><a target=\"_blank\" itemprop=\"sameAs\" href=\"https:\/\/x.com\/sputnik_afrique\"> <\/a><a target=\"_blank\" itemprop=\"sameAs\" href=\"https:\/\/x.com\/sputnik_africa\"> <\/a><\/div>\n<p>mali, niger, burkina faso, communaut\u00e9 \u00e9conomique des \u00e9tats d&rsquo;afrique de l&rsquo;ouest (cedeao), alliance des \u00e9tats du sahel (aes)<\/p>\n<div itemprop=\"about\" itemscope=\"\" itemtype=\"https:\/\/schema.org\/Thing\">\n<p>mali, niger, burkina faso, communaut\u00e9 \u00e9conomique des \u00e9tats d&rsquo;afrique de l&rsquo;ouest (cedeao), alliance des \u00e9tats du sahel (aes)<\/p>\n<\/div>\n<\/div>\n<div>\n<div class=\"article__info \" data-nosnippet=\"\">\n<div class=\"article__info-date\"><a target=\"_blank\" href=\"https:\/\/fr.sputniknews.africa\/20241215\/\" class=\"\" title=\"Archives des actus\" data-unixtime=\"1734288544\">19:49 15.12.2024<\/a> <span class=\"article__info-date-modified \" data-unixtime=\"1734288741\"> (Mis \u00e0 jour: <span class=\"date\">19:52 15.12.2024<\/span>)<\/span><\/div>\n<\/div>\n<p>Selon le r\u00e8glement, \u00ab\u00a0les trois pays cesseront officiellement d&rsquo;\u00eatre membres de la Communaut\u00e9 \u00e0 partir du 29 janvier 2025\u00a0\u00bb, a fait savoir Omar Touray, pr\u00e9sident de la Commission de la CEDEAO.<\/p>\n<\/div>\n<div>\n<div class=\"article__block\" data-type=\"text\">\n<div class=\"article__text\">Pourtant, l&rsquo;organisation va mettre en place une \u00ab\u00a0p\u00e9riode de transition\u00a0\u00bb qui durera jusqu&rsquo;au 29 juillet 2025 afin de \u00ab\u00a0maintenir les portes de la CEDEAO ouvertes\u00a0\u00bb.<\/p>\n<p>Au cours du deuxi\u00e8me trimestre de 2025, le Conseil des ministres va convoquer une session extraordinaire pour prendre acte du d\u00e9part des membres de l&rsquo;AES. Il \u00e9laborera \u00e9galement un plan d&rsquo;urgence pour les relations politiques et \u00e9conomiques avec ces pays.<\/p>\n<\/div>\n<\/div>\n<div class=\"article__block\" data-type=\"text\">\n<p>Auparavant, les pays de l&rsquo;Alliance des \u00c9tats du Sahel &#8211; le Mali, le Burkina Faso et le Niger &#8211; avaient jug\u00e9 \u00ab\u00a0irr\u00e9versible\u00a0\u00bb leur d\u00e9cision de quitter la Communaut\u00e9.<\/p>\n<\/div>\n<\/div>\n<p><script async=\"async\" type=\"text\/plain\" class=\"_iub_cs_activate\" data-iub-purposes=\"3\" data-suppressedsrc=\"https:\/\/connect.facebook.net\/en_US\/sdk.js#xfbml=1&amp;version=v3.2\"><\/script><br \/>\n<br \/><br \/>\n<br \/><a href=\"https:\/\/fr.sputniknews.africa\/20241215\/la-cedeao-laisse-aux-pays-de-laes-six-mois-pour-reconsiderer-leur-retrait-1069730479.html\" target=\"_blank\"\">Source link <\/a><\/p>\n","protected":false},"excerpt":{"rendered":"<p>https:\/\/fr.sputniknews.africa\/20241215\/la-cedeao-laisse-aux-pays-de-laes-six-mois-pour-reconsiderer-leur-retrait-1069730479.html La CEDEAO laisse aux pays de l&rsquo;AES six mois pour reconsid\u00e9rer leur retrait La CEDEAO laisse aux pays de l&rsquo;AES six mois pour reconsid\u00e9rer leur retrait Sputnik Afrique Selon&hellip; <\/p>\n","protected":false},"author":1,"featured_media":2280,"comment_status":"open","ping_status":"open","sticky":false,"template":"","format":"standard","meta":{"footnotes":""},"categories":[1],"tags":[],"class_list":["post-2279","post","type-post","status-publish","format-standard","has-post-thumbnail","hentry","category-non-classe"],"_links":{"self":[{"href":"https:\/\/monde25.info\/index.php\/wp-json\/wp\/v2\/posts\/2279","targetHints":{"allow":["GET"]}}],"collection":[{"href":"https:\/\/monde25.info\/index.php\/wp-json\/wp\/v2\/posts"}],"about":[{"href":"https:\/\/monde25.info\/index.php\/wp-json\/wp\/v2\/types\/post"}],"author":[{"embeddable":true,"href":"https:\/\/monde25.info\/index.php\/wp-json\/wp\/v2\/users\/1"}],"replies":[{"embeddable":true,"href":"https:\/\/monde25.info\/index.php\/wp-json\/wp\/v2\/comments?post=2279"}],"version-history":[{"count":0,"href":"https:\/\/monde25.info\/index.php\/wp-json\/wp\/v2\/posts\/2279\/revisions"}],"wp:featuredmedia":[{"embeddable":true,"href":"https:\/\/monde25.info\/index.php\/wp-json\/wp\/v2\/media\/2280"}],"wp:attachment":[{"href":"https:\/\/monde25.info\/index.php\/wp-json\/wp\/v2\/media?parent=2279"}],"wp:term":[{"taxonomy":"category","embeddable":true,"href":"https:\/\/monde25.info\/index.php\/wp-json\/wp\/v2\/categories?post=2279"},{"taxonomy":"post_tag","embeddable":true,"href":"https:\/\/monde25.info\/index.php\/wp-json\/wp\/v2\/tags?post=2279"}],"curies":[{"name":"wp","href":"https:\/\/api.w.org\/{rel}","templated":true}]}}