{"id":22792,"date":"2026-01-22T02:30:47","date_gmt":"2026-01-22T01:30:47","guid":{"rendered":"https:\/\/monde25.info\/index.php\/2026\/01\/22\/mercosur-les-eurodeputes-reportent-la-ratification-du-traite\/"},"modified":"2026-01-22T02:30:47","modified_gmt":"2026-01-22T01:30:47","slug":"mercosur-les-eurodeputes-reportent-la-ratification-du-traite","status":"publish","type":"post","link":"https:\/\/monde25.info\/index.php\/2026\/01\/22\/mercosur-les-eurodeputes-reportent-la-ratification-du-traite\/","title":{"rendered":"Mercosur\u00a0: les eurod\u00e9put\u00e9s reportent la ratification du trait\u00e9"},"content":{"rendered":"<p> <br \/>\n<br \/><img loading=\"lazy\" decoding=\"async\" src=\"https:\/\/reporterre.net\/local\/cache-vignettes\/L700xH467\/14-02-04-parlement-europeen-strasbourg-ralfr-002-47dfb.jpg?1769012576\" class=\"spip_logo\" width=\"700\" height=\"467\" alt=\"\" \/><\/p>\n<p>L&rsquo;accord de libre-\u00e9change entre l&rsquo;Union europ\u00e9enne et le Mercosur va-t-il \u00eatre suspendu<small class=\"fine d-inline\">\u00a0<\/small>? Approuv\u00e9 le 9\u00a0janvier par la Commission europ\u00e9enne, ce texte vise \u00e0 \u00e9tablir la plus vaste zone de libre-\u00e9change au monde, en liant le march\u00e9 commun europ\u00e9en \u00e0 celui existant entre les pays sud-am\u00e9ricains (Br\u00e9sil, Argentine, Bolivie, Paraguay et Uruguay). <br class=\"autobr\" \/><br \/>\nSauf que mercredi 21\u00a0janvier, le Parlement europ\u00e9en a vot\u00e9 \u00e0 Strasbourg en faveur d&rsquo;une saisine de la Cour de justice de l&rsquo;Union europ\u00e9enne (<span class=\"caps\">CJUE<\/span>),\u00a0(\u2026)<\/p>\n<p>                    <a target=\"_blank\" href=\"https:\/\/reporterre.net\/Mercosur-les-eurodeputes-reportent-la-ratification-du-traite?utm_source=RSS&amp;utm_medium=RSS\">Lire la suite<\/a><\/p>\n<p>                    &#8211;<br \/>\n                        <a target=\"_blank\" href=\"https:\/\/reporterre.net\/Breves-20\" rel=\"directory\">En bref<\/a><\/p>\n<p>                    \/<br \/>\n                        <a target=\"_blank\" href=\"https:\/\/reporterre.net\/Agriculture\" rel=\"tag\">Agriculture<\/a><br \/>\n                    ,<br \/>\n                        <a target=\"_blank\" href=\"https:\/\/reporterre.net\/Politique\" rel=\"tag\">Politique<\/a><br \/>\n<br \/><br \/>\n<br \/><a href=\"https:\/\/reporterre.net\/Mercosur-les-eurodeputes-reportent-la-ratification-du-traite\" target=\"_blank\"\">Source link <\/a><\/p>\n","protected":false},"excerpt":{"rendered":"<p>L&rsquo;accord de libre-\u00e9change entre l&rsquo;Union europ\u00e9enne et le Mercosur va-t-il \u00eatre suspendu\u00a0? Approuv\u00e9 le 9\u00a0janvier par la Commission europ\u00e9enne, ce texte vise \u00e0 \u00e9tablir la plus vaste zone de libre-\u00e9change&hellip; <\/p>\n","protected":false},"author":1,"featured_media":0,"comment_status":"open","ping_status":"open","sticky":false,"template":"","format":"standard","meta":{"footnotes":""},"categories":[1],"tags":[],"class_list":["post-22792","post","type-post","status-publish","format-standard","hentry","category-non-classe"],"_links":{"self":[{"href":"https:\/\/monde25.info\/index.php\/wp-json\/wp\/v2\/posts\/22792","targetHints":{"allow":["GET"]}}],"collection":[{"href":"https:\/\/monde25.info\/index.php\/wp-json\/wp\/v2\/posts"}],"about":[{"href":"https:\/\/monde25.info\/index.php\/wp-json\/wp\/v2\/types\/post"}],"author":[{"embeddable":true,"href":"https:\/\/monde25.info\/index.php\/wp-json\/wp\/v2\/users\/1"}],"replies":[{"embeddable":true,"href":"https:\/\/monde25.info\/index.php\/wp-json\/wp\/v2\/comments?post=22792"}],"version-history":[{"count":0,"href":"https:\/\/monde25.info\/index.php\/wp-json\/wp\/v2\/posts\/22792\/revisions"}],"wp:attachment":[{"href":"https:\/\/monde25.info\/index.php\/wp-json\/wp\/v2\/media?parent=22792"}],"wp:term":[{"taxonomy":"category","embeddable":true,"href":"https:\/\/monde25.info\/index.php\/wp-json\/wp\/v2\/categories?post=22792"},{"taxonomy":"post_tag","embeddable":true,"href":"https:\/\/monde25.info\/index.php\/wp-json\/wp\/v2\/tags?post=22792"}],"curies":[{"name":"wp","href":"https:\/\/api.w.org\/{rel}","templated":true}]}}