{"id":22797,"date":"2026-01-22T04:08:45","date_gmt":"2026-01-22T03:08:45","guid":{"rendered":"https:\/\/monde25.info\/index.php\/2026\/01\/22\/il-ne-serait-pas-serieux-de-faire-tomber-le-gouvernement-a-la-vue-du-contexte-international-estime-wauquiez-rt-en-francais\/"},"modified":"2026-01-22T04:08:45","modified_gmt":"2026-01-22T03:08:45","slug":"il-ne-serait-pas-serieux-de-faire-tomber-le-gouvernement-a-la-vue-du-contexte-international-estime-wauquiez-rt-en-francais","status":"publish","type":"post","link":"https:\/\/monde25.info\/index.php\/2026\/01\/22\/il-ne-serait-pas-serieux-de-faire-tomber-le-gouvernement-a-la-vue-du-contexte-international-estime-wauquiez-rt-en-francais\/","title":{"rendered":"\u00abil ne serait pas s\u00e9rieux de faire tomber le gouvernement\u00bb \u00e0 la vue du \u00abcontexte international\u00bb, estime Wauquiez \u2014 RT en fran\u00e7ais"},"content":{"rendered":"<p> <br \/>\n<br \/><img decoding=\"async\" src=\"https:\/\/mf.b37mrtl.ru\/french\/images\/2026.01\/thumbnail\/697103c26f7ccc735922349c.jpg\" \/><\/p>\n<div>\n<p class=\"text__summary\">\n                                        Invoquant \u00able contexte international de danger\u00bb qui serait celui de la France, ainsi que la \u00abmenace d\u2019une guerre commerciale\u00bb, le patron du groupe Droite r\u00e9publicaine a jug\u00e9 qu\u2019il \u00abne serait pas s\u00e9rieux\u00bb de faire tomber le gouvernement \u00abet de laisser la France sans budget\u00bb. Une prise de position qui devrait sceller le sort des motions de censure.\n                                    <\/p>\n<p>\u00ab\u00a0Dans le contexte international de danger qui est celui de la France et de menace d\u2019une guerre commerciale, il ne serait pas s\u00e9rieux de faire tomber le gouvernement et de laisser la France sans budget\u00a0\u00bb, a d\u00e9clar\u00e9 ce 21 janvier le chef de file des d\u00e9put\u00e9s Les R\u00e9publicains (LR) Laurent Wauquiez, devant l\u2019Association des journalistes parlementaires (AJP).<\/p>\n<p>\u00c0 la vue de la cinquantaine de d\u00e9put\u00e9s LR et apparent\u00e9s, et dans la mesure o\u00f9 le patron du Parti socialiste a d\u2019ores et d\u00e9j\u00e0 annonc\u00e9 qu\u2019il demanderait \u00e0 sa soixantaine d\u2019\u00e9lus de ne pas voter la censure, cette annonce de Laurent Wauquiez scelle vraisemblablement le sort des motions de censure d\u00e9pos\u00e9es dans la foul\u00e9e de l\u2019activation par S\u00e9bastien Lecornu du 49.3 sur la partie recettes du Projet de loi de Finances.<\/p>\n<p>L\u2019une \u00e9mane des groupes La France insoumise, de la Gauche D\u00e9mocrate et R\u00e9publicaine ainsi que des \u00c9cologistes, l\u2019autre provient du Rassemblement national et de son alli\u00e9 l\u2019Union des Droites pour la R\u00e9publique.<\/p>\n<h3>Un budget \u00ab\u00a0imparfait\u00a0\u00bb, mais \u00ab\u00a0l\u2019h\u00e9r\u00e9sie fiscale\u00a0\u00bb \u00e9vit\u00e9e<\/h3>\n<p>Reconnaissant que la mouture du budget 2026 \u00e9tait \u00ab\u00a0imparfaite\u00a0\u00bb, il a estim\u00e9 que le travail parlementaire de la droite avait permis d\u2019\u00e9viter \u00ab\u00a0l\u2019h\u00e9r\u00e9sie fiscale\u00a0\u00bb de la copie initiale du gouvernement. \u00ab\u00a0Ce n\u2019est pas un budget socialiste, ce n\u2019est pas un budget de droite. C\u2019est un budget qui est le fruit d\u2019une situation politique pleine de temp\u00eates, dans laquelle il n\u2019y a pas de majorit\u00e9 dans notre Assembl\u00e9e nationale\u00a0\u00bb, a-t-il d\u00e9fendu.<\/p>\n<p>Interrog\u00e9 peu avant l\u2019officialisation par S\u00e9bastien Lecornu du recours au 49.3 sur le budget \u2013 un choix de Matignon qui avait fuit\u00e9 dans la presse \u2013 Laurent Wauquiez avait refus\u00e9 de se prononcer quant \u00e0 une \u00e9ventuelle censure, assurant vouloir au pr\u00e9alable \u00ab\u00a0regarder <a target=\"_blank\" href=\"https:\/\/francais.rt.com\/france\/129547-socialistes-critiques-annonce-lecornu-budget\">dans le d\u00e9tail\u00a0<\/a>\u00bb la copie du budget. \u00ab\u00a0C\u2019est uniquement par rapport \u00e0 cela qu\u2019on d\u00e9cidera\u00a0\u00bb, avait-il insist\u00e9 aupr\u00e8s des journalistes.<\/p>\n<p>\u00ab\u00a0Depuis le d\u00e9but, en l\u2019absence de majorit\u00e9 \u00e0 l\u2019Assembl\u00e9e nationale, on sait que \u00e7a sera un budget imparfait\u00a0\u00bb, avait-il d\u00e9j\u00e0 fait valoir, \u00e9voquant la non-augmentation de l\u2019imp\u00f4t sur le revenu et la pr\u00e9servation de l\u2019abattement fiscal pour les retrait\u00e9s.<\/p>\n<\/div>\n<p><br \/>\n<br \/><a href=\"https:\/\/francais.rt.com\/france\/129656-motions-censure-pas-serieux-wauquiez\" target=\"_blank\"\">Source link <\/a><\/p>\n","protected":false},"excerpt":{"rendered":"<p>Invoquant \u00able contexte international de danger\u00bb qui serait celui de la France, ainsi que la \u00abmenace d\u2019une guerre commerciale\u00bb, le patron du groupe Droite r\u00e9publicaine a jug\u00e9 qu\u2019il \u00abne serait&hellip; <\/p>\n","protected":false},"author":1,"featured_media":22798,"comment_status":"open","ping_status":"open","sticky":false,"template":"","format":"standard","meta":{"footnotes":""},"categories":[1],"tags":[],"class_list":["post-22797","post","type-post","status-publish","format-standard","has-post-thumbnail","hentry","category-non-classe"],"_links":{"self":[{"href":"https:\/\/monde25.info\/index.php\/wp-json\/wp\/v2\/posts\/22797","targetHints":{"allow":["GET"]}}],"collection":[{"href":"https:\/\/monde25.info\/index.php\/wp-json\/wp\/v2\/posts"}],"about":[{"href":"https:\/\/monde25.info\/index.php\/wp-json\/wp\/v2\/types\/post"}],"author":[{"embeddable":true,"href":"https:\/\/monde25.info\/index.php\/wp-json\/wp\/v2\/users\/1"}],"replies":[{"embeddable":true,"href":"https:\/\/monde25.info\/index.php\/wp-json\/wp\/v2\/comments?post=22797"}],"version-history":[{"count":0,"href":"https:\/\/monde25.info\/index.php\/wp-json\/wp\/v2\/posts\/22797\/revisions"}],"wp:featuredmedia":[{"embeddable":true,"href":"https:\/\/monde25.info\/index.php\/wp-json\/wp\/v2\/media\/22798"}],"wp:attachment":[{"href":"https:\/\/monde25.info\/index.php\/wp-json\/wp\/v2\/media?parent=22797"}],"wp:term":[{"taxonomy":"category","embeddable":true,"href":"https:\/\/monde25.info\/index.php\/wp-json\/wp\/v2\/categories?post=22797"},{"taxonomy":"post_tag","embeddable":true,"href":"https:\/\/monde25.info\/index.php\/wp-json\/wp\/v2\/tags?post=22797"}],"curies":[{"name":"wp","href":"https:\/\/api.w.org\/{rel}","templated":true}]}}