{"id":22804,"date":"2026-01-22T08:31:36","date_gmt":"2026-01-22T07:31:36","guid":{"rendered":"https:\/\/monde25.info\/index.php\/2026\/01\/22\/le-discours-de-donald-trump-au-forum-de-davos\/"},"modified":"2026-01-22T08:31:36","modified_gmt":"2026-01-22T07:31:36","slug":"le-discours-de-donald-trump-au-forum-de-davos","status":"publish","type":"post","link":"https:\/\/monde25.info\/index.php\/2026\/01\/22\/le-discours-de-donald-trump-au-forum-de-davos\/","title":{"rendered":"Le discours de Donald Trump au Forum de Davos"},"content":{"rendered":"<p> <br \/>\n<\/p>\n<div>\n<ol class=\"campaign-loop campaign-list\">\n<li id=\"campaign-482494\" class=\"post-482494 campaign type-campaign status-publish hentry campaign-has-goal campaign-has-achieved-goal campaign-has-end-date campaign-has-not-ended\">\n\t<a target=\"_blank\" href=\"https:\/\/reseauinternational.net\/campaigns\/campagne-de-dons-septembre-octobre-2025\/\"><\/p>\n<h3>Soutenez-nous<\/h3>\n<p>\t\t\t<\/a><\/p>\n<p>\n\tVotre soutien nous est indispensable pour continuer \u00e0 vous fournir le meilleur de l\u2019information internationale alternative. C\u2019est gr\u00e2ce \u00e0 vos dons que nous pourrons maintenir le cap pour une information plurielle et r\u00e9ellement alternative. Nous comptons sur vous.<\/p>\n<\/li>\n<\/ol>\n<p>par <strong>Abdelaziz Ghedia<\/strong><\/p>\n<p>Les commentateurs politiques rapportent que le discours de Donald Trump, ce 21 janvier 2026, au Forum mondial de Davos, n\u2019a pratiquement ni t\u00eate ni queue. En fait, si on devait utiliser une m\u00e9taphore pour d\u00e9crire ce discours, l\u2019on pourrait dire que le pr\u00e9sident am\u00e9ricain, lors de ce long discours, sautait du coq \u00e0 l\u2019\u00e2ne. Un discours improvis\u00e9 o\u00f9 il a \u00e9t\u00e9 beaucoup plus question de son d\u00e9sir de s\u2019emparer du Groenland. D\u2019une mani\u00e8re ou d\u2019une autre. De gr\u00e9 ou de force.<\/p>\n<p>\u00c9videmment, il n\u2019a pas \u00e9t\u00e9 jusqu\u2019\u00e0 utiliser ces termes, mais c\u2019est ce qui ressort, en filigrane, de son discours ax\u00e9 principalement sur cette question.<\/p>\n<p>Pourquoi ce grand iceberg qui, jusqu\u2019ici, rel\u00e8ve de la souverainet\u00e9 du Danemark int\u00e9resse-t-il \u00e0 ce point Donald Trump ? Pour en faire un lieu de vill\u00e9giatures aux richissimes Am\u00e9ricains et autres \u00c9miratis \u00e0 l\u2019instar de son projet de riviera \u00e0 Gaza ? Que non !<\/p>\n<p>Mais, une petite digression avant de r\u00e9pondre \u00e0 la question.<\/p>\n<p>Il semblerait que, suite \u00e0 la r\u00e9action des premiers concern\u00e9s \u00e0 savoir les Palestiniens, et devant la lev\u00e9e de boucliers de certaines ONG et de certains intellectuels de bonne conscience, ce dernier projet soit tomb\u00e9 \u00e0 l\u2019eau. En tous les cas, son promoteur n\u2019en parle plus.<\/p>\n<p>En fait, la r\u00e9ponse \u00e0 la question est toute simple.<\/p>\n<p>Sous la calotte glaciaire de cet \u00e9norme iceberg, d\u2019\u00e9normes ressources naturelles en p\u00e9trole, gaz et autres terres rares s\u2019y trouveraient. Sauf que leur exploitation, de l\u2019avis des experts en la mati\u00e8re, ne serait pas si facile que cela. Seule une puissance \u00e9conomique, une puissance qui d\u00e9tient les p\u00e9trodollars en abondance et une technologie avanc\u00e9e en mati\u00e8re d\u2019extraction de minerais dans des conditions m\u00e9t\u00e9orologiques \u00e9pouvantables pourrait peut-\u00eatre le faire. Donald Trump qui aime les risques et qui ne parle et ne jure que de\/par l\u2019argent voudrait tenter sa chance. S\u2019il r\u00e9ussissait \u00e0 faire cela, l\u2019Am\u00e9rique lui serait reconnaissante et son buste serait grav\u00e9 sur le mont Rushmore aux cot\u00e9s des p\u00e8res fondateurs des \u00c9tats-Unis. Et ce serait plus honorifique, m\u00eame \u00e0 titre posthume, qu\u2019une m\u00e9daille en or d\u00e9livr\u00e9e par le comit\u00e9 du prix Nobel de la paix. Et, de toute fa\u00e7on, cette m\u00e9daille est d\u00e9j\u00e0 dans son bureau, \u00e0 la Maison-Blanche. Son r\u00e9cipiendaire, la V\u00e9n\u00e9zu\u00e9lienne Machado, la lui a conc\u00e9d\u00e9e, en guise de reconnaissance et de remerciement pour avoir mis fin au \u00abr\u00e9gime\u00bb de Nicolas Maduro. Ce qui est pourtant contraire au r\u00e8glement de l\u2019auguste institution norv\u00e9gienne.<\/p>\n<p>Mais est-ce que c\u2019est la seule pr\u00e9occupation de Donald Trump quant \u00e0 l\u2019envie de faire main basse sur un territoire dont la population tient \u00e9norm\u00e9ment \u00e0 son ind\u00e9pendance, \u00e0 son mode de vie autarcique et sa culture ancestrale ?<\/p>\n<p>\u00c9videmment que non !<\/p>\n<p>La principale raison de tout ce tapage m\u00e9diatique, de toutes les menaces prof\u00e9r\u00e9es contre certains pays europ\u00e9ens qui s\u2019y opposent ou qui font juste semblant de manifester leur opposition \u00e0 ce projet de Trump est d\u2019ordre g\u00e9ostrat\u00e9gique. En effet, ce \u00abbout de glace\u00bb occupe un endroit strat\u00e9gique pour la navigation entre les continents eurasiatique et am\u00e9ricain. L\u2019occuper, c\u2019est, \u00e0 coup s\u00fbr, couper l\u2019herbe sous le pied d\u2019autres nations qui le convoitent aussi : Russie et Chine.<\/p>\n<p>Une chose est s\u00fbre : ce discours, tant attendu, acte d\u2019une mani\u00e8re on ne peut plus claire l\u2019\u00e9clatement du monde occidental. Les Am\u00e9ricains ont longtemps bern\u00e9 les Europ\u00e9ens avec leur concept de \u00abChoc des civilisations\u00bb et voil\u00e0 que maintenant, pour des raisons bassement mat\u00e9rielles, ils leur tournent le dos pour ne pas dire qu\u2019ils se retournent carr\u00e9ment contre eux.<\/p>\n<div class=\"sharedaddy sd-block sd-like jetpack-likes-widget-wrapper jetpack-likes-widget-unloaded\" id=\"like-post-wrapper-237719536-507199-6971d20c1a785\" data-src=\"https:\/\/widgets.wp.com\/likes\/?ver=15.2#blog_id=237719536&amp;post_id=507199&amp;origin=reseauinternational.net&amp;obj_id=237719536-507199-6971d20c1a785\" data-name=\"like-post-frame-237719536-507199-6971d20c1a785\" data-title=\"Aimer ou rebloguer\">\n<h3 class=\"sd-title\">J\u2019aime \u00e7a\u00a0:<\/h3>\n<p><span class=\"button\"><span>J\u2019aime<\/span><\/span> <span class=\"loading\">chargement\u2026<\/span><\/p>\n<p><span class=\"sd-text-color\"\/><a target=\"_blank\" class=\"sd-link-color\"\/><\/div>\n<p><meta itemscope=\"\" itemprop=\"mainEntityOfPage\" itemtype=\"https:\/\/schema.org\/WebPage\" itemid=\"https:\/\/reseauinternational.net\/le-discours-de-donald-trump-au-forum-de-davos\/\"\/><meta itemprop=\"headline\" content=\"Le discours de Donald Trump au Forum de Davos\"\/><span style=\"display: none;\" itemprop=\"author\" itemscope=\"\" itemtype=\"https:\/\/schema.org\/Person\"><meta itemprop=\"name\" content=\"R\u00e9seau International\"\/><\/span><span style=\"display: none;\" itemprop=\"image\" itemscope=\"\" itemtype=\"https:\/\/schema.org\/ImageObject\"><meta itemprop=\"url\" content=\"https:\/\/i0.wp.com\/reseauinternational.net\/wp-content\/uploads\/2026\/01\/Sans-titre-62.png?fit=800%2C467&amp;ssl=1\"\/><meta itemprop=\"width\" content=\"800\"\/><meta itemprop=\"height\" content=\"467\"\/><\/span><span style=\"display: none;\" itemprop=\"publisher\" itemscope=\"\" itemtype=\"https:\/\/schema.org\/Organization\"><span style=\"display: none;\" itemprop=\"logo\" itemscope=\"\" itemtype=\"https:\/\/schema.org\/ImageObject\"><meta itemprop=\"url\" content=\"https:\/\/reseauinternational.net\/wp-content\/uploads\/2022\/06\/Capture-de\u0301cran-2022-06-14-a\u0300-16.51.07.png\"\/><\/span><meta itemprop=\"name\" content=\"R\u00e9seau International\"\/><\/span><meta itemprop=\"datePublished\" content=\"2026-01-22T08:29:50+00:00\"\/><meta itemprop=\"dateModified\" content=\"2026-01-22T08:30:05+00:00\"\/><\/div>\n<p><br \/>\n<br \/><a href=\"https:\/\/reseauinternational.net\/le-discours-de-donald-trump-au-forum-de-davos\/\" target=\"_blank\"\">Source link <\/a><\/p>\n","protected":false},"excerpt":{"rendered":"<p>Soutenez-nous Votre soutien nous est indispensable pour continuer \u00e0 vous fournir le meilleur de l\u2019information internationale alternative. C\u2019est gr\u00e2ce \u00e0 vos dons que nous pourrons maintenir le cap pour une&hellip; <\/p>\n","protected":false},"author":1,"featured_media":22805,"comment_status":"open","ping_status":"open","sticky":false,"template":"","format":"standard","meta":{"footnotes":""},"categories":[1],"tags":[],"class_list":["post-22804","post","type-post","status-publish","format-standard","has-post-thumbnail","hentry","category-non-classe"],"_links":{"self":[{"href":"https:\/\/monde25.info\/index.php\/wp-json\/wp\/v2\/posts\/22804","targetHints":{"allow":["GET"]}}],"collection":[{"href":"https:\/\/monde25.info\/index.php\/wp-json\/wp\/v2\/posts"}],"about":[{"href":"https:\/\/monde25.info\/index.php\/wp-json\/wp\/v2\/types\/post"}],"author":[{"embeddable":true,"href":"https:\/\/monde25.info\/index.php\/wp-json\/wp\/v2\/users\/1"}],"replies":[{"embeddable":true,"href":"https:\/\/monde25.info\/index.php\/wp-json\/wp\/v2\/comments?post=22804"}],"version-history":[{"count":0,"href":"https:\/\/monde25.info\/index.php\/wp-json\/wp\/v2\/posts\/22804\/revisions"}],"wp:featuredmedia":[{"embeddable":true,"href":"https:\/\/monde25.info\/index.php\/wp-json\/wp\/v2\/media\/22805"}],"wp:attachment":[{"href":"https:\/\/monde25.info\/index.php\/wp-json\/wp\/v2\/media?parent=22804"}],"wp:term":[{"taxonomy":"category","embeddable":true,"href":"https:\/\/monde25.info\/index.php\/wp-json\/wp\/v2\/categories?post=22804"},{"taxonomy":"post_tag","embeddable":true,"href":"https:\/\/monde25.info\/index.php\/wp-json\/wp\/v2\/tags?post=22804"}],"curies":[{"name":"wp","href":"https:\/\/api.w.org\/{rel}","templated":true}]}}