{"id":22806,"date":"2026-01-22T09:04:36","date_gmt":"2026-01-22T08:04:36","guid":{"rendered":"https:\/\/monde25.info\/index.php\/2026\/01\/22\/autour-de-20-milliards-deuros-dexportations-darmements-francais-en-2025\/"},"modified":"2026-01-22T09:04:36","modified_gmt":"2026-01-22T08:04:36","slug":"autour-de-20-milliards-deuros-dexportations-darmements-francais-en-2025","status":"publish","type":"post","link":"https:\/\/monde25.info\/index.php\/2026\/01\/22\/autour-de-20-milliards-deuros-dexportations-darmements-francais-en-2025\/","title":{"rendered":"\u00ab\u00a0Autour de 20 milliards d&rsquo;euros\u00a0\u00bb d&rsquo;exportations d&rsquo;armements fran\u00e7ais en 2025"},"content":{"rendered":"<p> <br \/>\n<\/p>\n<div>\n<p>Les exportations fran\u00e7aises d&rsquo;armements devraient s&rsquo;\u00e9tablir en 2025 \u00ab\u00a0autour de 20 milliards d&rsquo;euros\u00a0\u00bb, s&rsquo;approchant des 21,6 milliards enregistr\u00e9s l&rsquo;ann\u00e9e pr\u00e9c\u00e9dente, a annonc\u00e9 la ministre des Arm\u00e9es Catherine Vautrin.<\/p>\n<p>\u00ab\u00a0Pour 2025, nous devrions, comme en 2024, enregistrer autour de 20 milliards d&rsquo;euros de prises de commandes \u00e0 l&rsquo;export, dont un tiers sur le continent europ\u00e9en\u00a0\u00bb, a d\u00e9clar\u00e9 Mme Vautrin en pr\u00e9sentant ses v\u0153ux.<\/p>\n<p>Si ce montant est confirm\u00e9, il s&rsquo;agira de la troisi\u00e8me meilleure performance annuelle pour l&rsquo;industrie fran\u00e7aise de d\u00e9fense apr\u00e8s 2022 et 2024, alors que les d\u00e9penses militaires mondiales ne cessent de cro\u00eetre, particuli\u00e8rement en Europe.<\/p>\n<p>La ministre n&rsquo;a pas pr\u00e9cis\u00e9 quelles commandes avaient contribu\u00e9 \u00e0 ce r\u00e9sultat. En 2025, l&rsquo;Inde a notamment sign\u00e9 un contrat pour acqu\u00e9rir 26 avions de combat Rafale pour sa marine, la Gr\u00e8ce a acquis une quatri\u00e8me fr\u00e9gate de d\u00e9fense et d&rsquo;intervention (FDI), la Roumanie des missiles anti-a\u00e9riens Mistral, la Croatie des canons Caesar.<\/p>\n<p>\u00ab\u00a0Sans export, il n&rsquo;y a pas d&rsquo;autonomie strat\u00e9gique cr\u00e9dible. C&rsquo;est pourquoi le sujet \u00e0 l&rsquo;export n&rsquo;est pas un sujet p\u00e9riph\u00e9rique, c&rsquo;est un \u00e9l\u00e9ment pivot de notre syst\u00e8me de d\u00e9fense\u00a0\u00bb, a plaid\u00e9 Mme Vautrin.<\/p>\n<p>La France a, pour sa part pass\u00e9 commande pour 38 milliards d&rsquo;euros, \u00ab\u00a0dont 80 % concernent notre base industrielle technologique de d\u00e9fense\u00a0\u00bb, selon la ministre, citant notamment le porte-avions de nouvelle g\u00e9n\u00e9ration (PANG), les futurs sous-marins lanceurs d&rsquo;engins (SNLE3G) ou une \u00e9volution du missile nucl\u00e9aire M51.<\/p>\n<\/div>\n<p><script>(function(d, s, id) {  var js, fjs = d.getElementsByTagName(s)[0];  if (d.getElementById(id)) return;  js = d.createElement(s); js.id = id;  js.src = \"\/\/connect.facebook.net\/fr_FR\/sdk.js#xfbml=1&version=v2.3\";  fjs.parentNode.insertBefore(js, fjs);}(document, \"script\", \"facebook-jssdk\"));<\/script><br \/>\n<br \/><br \/>\n<br \/><a href=\"https:\/\/www.francesoir.fr\/societe-economie\/autour-de-20-milliards-d-euros-d-exportations-d-armements-francais-en-2025\" target=\"_blank\"\">Source link <\/a><\/p>\n","protected":false},"excerpt":{"rendered":"<p>Les exportations fran\u00e7aises d&rsquo;armements devraient s&rsquo;\u00e9tablir en 2025 \u00ab\u00a0autour de 20 milliards d&rsquo;euros\u00a0\u00bb, s&rsquo;approchant des 21,6 milliards enregistr\u00e9s l&rsquo;ann\u00e9e pr\u00e9c\u00e9dente, a annonc\u00e9 la ministre des Arm\u00e9es Catherine Vautrin. \u00ab\u00a0Pour 2025,&hellip; <\/p>\n","protected":false},"author":1,"featured_media":22807,"comment_status":"open","ping_status":"open","sticky":false,"template":"","format":"standard","meta":{"footnotes":""},"categories":[1],"tags":[],"class_list":["post-22806","post","type-post","status-publish","format-standard","has-post-thumbnail","hentry","category-non-classe"],"_links":{"self":[{"href":"https:\/\/monde25.info\/index.php\/wp-json\/wp\/v2\/posts\/22806","targetHints":{"allow":["GET"]}}],"collection":[{"href":"https:\/\/monde25.info\/index.php\/wp-json\/wp\/v2\/posts"}],"about":[{"href":"https:\/\/monde25.info\/index.php\/wp-json\/wp\/v2\/types\/post"}],"author":[{"embeddable":true,"href":"https:\/\/monde25.info\/index.php\/wp-json\/wp\/v2\/users\/1"}],"replies":[{"embeddable":true,"href":"https:\/\/monde25.info\/index.php\/wp-json\/wp\/v2\/comments?post=22806"}],"version-history":[{"count":0,"href":"https:\/\/monde25.info\/index.php\/wp-json\/wp\/v2\/posts\/22806\/revisions"}],"wp:featuredmedia":[{"embeddable":true,"href":"https:\/\/monde25.info\/index.php\/wp-json\/wp\/v2\/media\/22807"}],"wp:attachment":[{"href":"https:\/\/monde25.info\/index.php\/wp-json\/wp\/v2\/media?parent=22806"}],"wp:term":[{"taxonomy":"category","embeddable":true,"href":"https:\/\/monde25.info\/index.php\/wp-json\/wp\/v2\/categories?post=22806"},{"taxonomy":"post_tag","embeddable":true,"href":"https:\/\/monde25.info\/index.php\/wp-json\/wp\/v2\/tags?post=22806"}],"curies":[{"name":"wp","href":"https:\/\/api.w.org\/{rel}","templated":true}]}}