{"id":2281,"date":"2024-12-16T00:03:45","date_gmt":"2024-12-15T23:03:45","guid":{"rendered":"https:\/\/monde25.info\/index.php\/2024\/12\/16\/lalliance-des-etats-du-sahel-abolit-les-visas-pour-les-ressortissants-des-pays-de-la-cedeao-rt-en-francais\/"},"modified":"2024-12-16T00:03:45","modified_gmt":"2024-12-15T23:03:45","slug":"lalliance-des-etats-du-sahel-abolit-les-visas-pour-les-ressortissants-des-pays-de-la-cedeao-rt-en-francais","status":"publish","type":"post","link":"https:\/\/monde25.info\/index.php\/2024\/12\/16\/lalliance-des-etats-du-sahel-abolit-les-visas-pour-les-ressortissants-des-pays-de-la-cedeao-rt-en-francais\/","title":{"rendered":"L&rsquo;Alliance des \u00c9tats du Sahel abolit les visas pour les ressortissants des pays de la C\u00e9d\u00e9ao \u2014 RT en fran\u00e7ais"},"content":{"rendered":"<p> <br \/>\n<br \/><img decoding=\"async\" src=\"https:\/\/mf.b37mrtl.ru\/french\/images\/2024.12\/thumbnail\/675efd6d6f7ccc2512763296.jpg\" \/><\/p>\n<div>\n<p class=\"text__summary\">\n                                        Guid\u00e9s par les \u00abliens s\u00e9culaires entre les peuples d\u2019Afrique\u00bb et par l\u2019\u00abesprit de fraternit\u00e9, de solidarit\u00e9 et d&rsquo;amiti\u00e9\u00bb, Bamako, Ouagadougou et Niamey, d\u00e9sormais conf\u00e9d\u00e9r\u00e9s au sein de l\u2019AES, d\u00e9cident d\u2019abolir les visas pour les ressortissants de la C\u00e9d\u00e9ao, une organisation que les trois pays sah\u00e9liens ont pourtant quitt\u00e9e.\n                                    <\/p>\n<p>Le Mali, le Burkina Faso et le Niger, qui ont form\u00e9 la conf\u00e9d\u00e9ration de l&rsquo;Alliance des \u00c9tats du Sahel (AES), ont d\u00e9cid\u00e9 d\u2019abolir le r\u00e9gime de visa pour les ressortissants des pays de la Communaut\u00e9 \u00e9conomique des \u00c9tats de l&rsquo;Afrique de l&rsquo;Ouest (C\u00e9d\u00e9ao), selon une d\u00e9claration du Coll\u00e8ge des chefs d\u2019\u00c9tat de l\u2019AES paraph\u00e9e le 14 d\u00e9cembre.<\/p>\n<p>La veille de cette annonce, Bamako, Ouagadougou et Niamey avaient affirm\u00e9 l\u2019aspect \u00abirr\u00e9versible\u00bb de leur d\u00e9cision de quitter la C\u00e9d\u00e9ao, dans une d\u00e9claration commune publi\u00e9e \u00e0 l&rsquo;issue d\u2019une r\u00e9union minist\u00e9rielle, tenue deux jours avant un sommet de l&rsquo;organisation intergouvernementale ouest-africaine sur le sujet.<\/p>\n<p>Bamako, Ouagadougou et Niamey avaient d\u00e9cid\u00e9 de se retirer de la C\u00e9d\u00e9ao le 28 janvier dernier, actant six mois plus tard la cr\u00e9ation de l\u2019AES. Les trois pays sah\u00e9liens avaient alors justifi\u00e9 leur retrait de la C\u00e9d\u00e9ao par l\u2019ing\u00e9rence de puissances \u00e9trang\u00e8res, la non-assistance dans la lutte contre le terrorisme ainsi que les sanctions de cette organisation dont ils \u00e9taient membres.<\/p>\n<h2><strong>\u00abEsprit de fraternit\u00e9, de solidarit\u00e9 et d&rsquo;amiti\u00e9\u00bb<\/strong><\/h2>\n<p>Dans le d\u00e9tail, la d\u00e9claration sur les visas stipule que les ressortissants de la C\u00e9d\u00e9ao ont d\u00e9sormais \u00able droit d\u2019entrer, de circuler, de r\u00e9sider, de s\u2019\u00e9tablir et de sortir sur le territoire des \u00c9tats membres de la Conf\u00e9d\u00e9ration des \u00c9tats du Sahel dans le respect des textes nationaux en vigueur\u00bb.<\/p>\n<p>Le texte, sign\u00e9 par le g\u00e9n\u00e9ral Assimi Go\u00efta, chef d\u2019\u00c9tat du Mali et pr\u00e9sident de l\u2019AES, pr\u00e9cise cependant que les pays de l&rsquo;AES se r\u00e9servent le droit de refuser l&rsquo;entr\u00e9e \u00e0 \u00abtout ressortissant de la C\u00e9d\u00e9ao entrant dans la cat\u00e9gorie des immigrants inadmissibles\u00bb.<\/p>\n<p>La d\u00e9claration souligne par ailleurs que les v\u00e9hicules particuliers et \u00e0 usage commercial, immatricul\u00e9s dans\u00a0un \u00c9tat membre de la C\u00e9d\u00e9ao,\u00a0sont \u00e9galement autoris\u00e9s \u00e0 entrer sur les territoires des pays l\u2019AES.<\/p>\n<p>La d\u00e9cision d&rsquo;annuler les visas pour les ressortissants de la C\u00e9d\u00e9ao que les trois pays sah\u00e9liens ont pourtant quitt\u00e9e, est guid\u00e9e par \u00abl&rsquo;esprit de fraternit\u00e9, de solidarit\u00e9 et d&rsquo;amiti\u00e9\u00bb, selon les dirigeants du Mali, du Niger et du Burkina. Elle r\u00e9pond de plus \u00e0 leur engagement de \u00abrenforcer les liens s\u00e9culaires entre les peuples d\u2019Afrique\u00bb.<\/p>\n<\/div>\n<p><br \/>\n<br \/><a href=\"https:\/\/francais.rt.com\/afrique\/115376-aes-abolit-visas-pour-ressortissants-pays-cedeao\" target=\"_blank\"\">Source link <\/a><\/p>\n","protected":false},"excerpt":{"rendered":"<p>Guid\u00e9s par les \u00abliens s\u00e9culaires entre les peuples d\u2019Afrique\u00bb et par l\u2019\u00abesprit de fraternit\u00e9, de solidarit\u00e9 et d&rsquo;amiti\u00e9\u00bb, Bamako, Ouagadougou et Niamey, d\u00e9sormais conf\u00e9d\u00e9r\u00e9s au sein de l\u2019AES, d\u00e9cident d\u2019abolir&hellip; <\/p>\n","protected":false},"author":1,"featured_media":2282,"comment_status":"open","ping_status":"open","sticky":false,"template":"","format":"standard","meta":{"footnotes":""},"categories":[1],"tags":[],"class_list":["post-2281","post","type-post","status-publish","format-standard","has-post-thumbnail","hentry","category-non-classe"],"_links":{"self":[{"href":"https:\/\/monde25.info\/index.php\/wp-json\/wp\/v2\/posts\/2281","targetHints":{"allow":["GET"]}}],"collection":[{"href":"https:\/\/monde25.info\/index.php\/wp-json\/wp\/v2\/posts"}],"about":[{"href":"https:\/\/monde25.info\/index.php\/wp-json\/wp\/v2\/types\/post"}],"author":[{"embeddable":true,"href":"https:\/\/monde25.info\/index.php\/wp-json\/wp\/v2\/users\/1"}],"replies":[{"embeddable":true,"href":"https:\/\/monde25.info\/index.php\/wp-json\/wp\/v2\/comments?post=2281"}],"version-history":[{"count":0,"href":"https:\/\/monde25.info\/index.php\/wp-json\/wp\/v2\/posts\/2281\/revisions"}],"wp:featuredmedia":[{"embeddable":true,"href":"https:\/\/monde25.info\/index.php\/wp-json\/wp\/v2\/media\/2282"}],"wp:attachment":[{"href":"https:\/\/monde25.info\/index.php\/wp-json\/wp\/v2\/media?parent=2281"}],"wp:term":[{"taxonomy":"category","embeddable":true,"href":"https:\/\/monde25.info\/index.php\/wp-json\/wp\/v2\/categories?post=2281"},{"taxonomy":"post_tag","embeddable":true,"href":"https:\/\/monde25.info\/index.php\/wp-json\/wp\/v2\/tags?post=2281"}],"curies":[{"name":"wp","href":"https:\/\/api.w.org\/{rel}","templated":true}]}}