{"id":22811,"date":"2026-01-22T12:56:38","date_gmt":"2026-01-22T11:56:38","guid":{"rendered":"https:\/\/monde25.info\/index.php\/2026\/01\/22\/la-situation-devient-critique-kiev-commence-a-se-vider\/"},"modified":"2026-01-22T12:56:38","modified_gmt":"2026-01-22T11:56:38","slug":"la-situation-devient-critique-kiev-commence-a-se-vider","status":"publish","type":"post","link":"https:\/\/monde25.info\/index.php\/2026\/01\/22\/la-situation-devient-critique-kiev-commence-a-se-vider\/","title":{"rendered":"La situation devient critique : Kiev commence \u00e0 se vider"},"content":{"rendered":"<p> <br \/>\n<\/p>\n<div>\n<ol class=\"campaign-loop campaign-list\">\n<li id=\"campaign-482494\" class=\"post-482494 campaign type-campaign status-publish hentry campaign-has-goal campaign-has-achieved-goal campaign-has-end-date campaign-has-not-ended\">\n\t<a target=\"_blank\" href=\"https:\/\/reseauinternational.net\/campaigns\/campagne-de-dons-septembre-octobre-2025\/\"><\/p>\n<h3>Soutenez-nous<\/h3>\n<p>\t\t\t<\/a><\/p>\n<p>\n\tVotre soutien nous est indispensable pour continuer \u00e0 vous fournir le meilleur de l\u2019information internationale alternative. C\u2019est gr\u00e2ce \u00e0 vos dons que nous pourrons maintenir le cap pour une information plurielle et r\u00e9ellement alternative. Nous comptons sur vous.<\/p>\n<\/li>\n<\/ol>\n<p>par <strong>Simplicius<\/strong><\/p>\n<p>Une nouvelle frappe russe de grande envergure, men\u00e9e hier, a mis Kiev et plusieurs autres grandes villes ukrainiennes au bord du gouffre. Selon des sources ukrainiennes, des missiles Iskander aux missiles hypersoniques Zircon, tout aurait \u00e9t\u00e9 utilis\u00e9. Ces m\u00eames sources affirment que la quasi-totalit\u00e9 des armes assaillantes ont \u00e9t\u00e9 \u00ababattues\u00bb :<\/p>\n<div class=\"wp-block-image\">\n<figure class=\"aligncenter size-large is-resized\"><a target=\"_blank\" href=\"https:\/\/i0.wp.com\/reseauinternational.net\/wp-content\/uploads\/2026\/01\/image-269.png?ssl=1\"><img data-recalc-dims=\"1\" decoding=\"async\" width=\"953\" height=\"1024\" src=\"https:\/\/i0.wp.com\/reseauinternational.net\/wp-content\/uploads\/2026\/01\/image-269.png?resize=953%2C1024&amp;ssl=1\" alt=\"\" class=\"wp-image-507374\" style=\"width:500px\" loading=\"lazy\" srcset=\"https:\/\/i0.wp.com\/reseauinternational.net\/wp-content\/uploads\/2026\/01\/image-269.png?resize=953%2C1024&amp;ssl=1 953w, https:\/\/i0.wp.com\/reseauinternational.net\/wp-content\/uploads\/2026\/01\/image-269.png?resize=279%2C300&amp;ssl=1 279w, https:\/\/i0.wp.com\/reseauinternational.net\/wp-content\/uploads\/2026\/01\/image-269.png?resize=768%2C825&amp;ssl=1 768w, https:\/\/i0.wp.com\/reseauinternational.net\/wp-content\/uploads\/2026\/01\/image-269.png?resize=990%2C1064&amp;ssl=1 990w, https:\/\/i0.wp.com\/reseauinternational.net\/wp-content\/uploads\/2026\/01\/image-269.png?w=1191&amp;ssl=1 1191w\" sizes=\"auto, (max-width: 953px) 100vw, 953px\"\/><\/a><\/figure>\n<\/div>\n<p><a target=\"_blank\" href=\"https:\/\/x.com\/ZelenskyyUa\/status\/2013685392067707213\">Zelensky lui-m\u00eame a annonc\u00e9 que<\/a> plus d\u2019un million de personnes \u00e0 Kiev \u00e9taient priv\u00e9es d\u2019\u00e9lectricit\u00e9, tandis que de nombreux autres rapports font \u00e9tat d\u2019une panne totale touchant 80% de la ville.<\/p>\n<div class=\"wp-block-image\">\n<figure class=\"aligncenter size-large is-resized\"><a target=\"_blank\" href=\"https:\/\/i0.wp.com\/reseauinternational.net\/wp-content\/uploads\/2026\/01\/image-270.png?ssl=1\"><img data-recalc-dims=\"1\" decoding=\"async\" width=\"1024\" height=\"422\" src=\"https:\/\/i0.wp.com\/reseauinternational.net\/wp-content\/uploads\/2026\/01\/image-270.png?resize=1024%2C422&amp;ssl=1\" alt=\"\" class=\"wp-image-507375\" style=\"width:500px\" loading=\"lazy\" srcset=\"https:\/\/i0.wp.com\/reseauinternational.net\/wp-content\/uploads\/2026\/01\/image-270.png?resize=1024%2C422&amp;ssl=1 1024w, https:\/\/i0.wp.com\/reseauinternational.net\/wp-content\/uploads\/2026\/01\/image-270.png?resize=300%2C124&amp;ssl=1 300w, https:\/\/i0.wp.com\/reseauinternational.net\/wp-content\/uploads\/2026\/01\/image-270.png?resize=768%2C317&amp;ssl=1 768w, https:\/\/i0.wp.com\/reseauinternational.net\/wp-content\/uploads\/2026\/01\/image-270.png?resize=990%2C408&amp;ssl=1 990w, https:\/\/i0.wp.com\/reseauinternational.net\/wp-content\/uploads\/2026\/01\/image-270.png?w=1280&amp;ssl=1 1280w\" sizes=\"auto, (max-width: 1024px) 100vw, 1024px\"\/><\/a><\/figure>\n<\/div>\n<p>\u00ab<em>La quasi-totalit\u00e9 de Kiev et de la r\u00e9gion de Tchernigov restent priv\u00e9es d\u2019\u00e9lectricit\u00e9 et de chauffage.<\/em><\/p>\n<p><strong><em>\u2022\u00a0 <\/em><\/strong><em>87% des consommateurs de la r\u00e9gion de Chernigov sont priv\u00e9s d\u2019\u00e9lectricit\u00e9, selon <\/em><em>\u00abUkrenergo\u00bb, toutes les files d\u2019attente pour les connexions d\u2019urgence sont simultan\u00e9ment actives dans la r\u00e9gion, rapporte la compagnie \u00e9nerg\u00e9tique r\u00e9gionale.<\/em><\/p>\n<p><strong><em>\u2022\u00a0 <\/em><\/strong><em>Parall\u00e8lement, une carte de surveillance de Kiev est apparue, montrant que plus de 80% des abonn\u00e9s restent sans \u00e9lectricit\u00e9 ni chauffage<\/em>\u00bb.<\/p>\n<p>Mais le chiffre le plus choquant est venu du maire Klitschko, qui a d\u00e9clar\u00e9 que rien qu\u2019en\u00a0<em>janvier<\/em>, 600 000 habitants avaient fui Kiev, et que\u00a0<em>d\u2019autres<\/em>\u00a0\u00e9taient incit\u00e9s \u00e0 partir :<\/p>\n<p>\u00ab<em>Les temp\u00e9ratures sont descendues jusqu\u2019\u00e0 -18 \u00b0C lors d\u2019une vague de froid qui devrait durer au moins deux semaines suppl\u00e9mentaires.\u00a0<strong>Ce mois-ci, 600\u00a0000 personnes ont d\u00e9j\u00e0 fui la capitale, qui compte plus de 3 millions d\u2019habitants, a d\u00e9clar\u00e9 Klitschko<\/strong><\/em>\u00bb.<\/p>\n<p>D\u2019autres publications ont cit\u00e9 Klitschko affirmant explicitement que les 600 000 personnes avaient quitt\u00e9 la capitale rien qu\u2019en janvier, suite \u00e0 son appel lanc\u00e9 le 9 janvier :<\/p>\n<p>N\u2019est-ce pas catastrophique qu\u2019une des plus grandes capitales d\u2019Europe perde 20 \u00e0 25% de sa population en seulement deux semaines ? Wikip\u00e9dia indique que Kiev comptait 2,9 millions d\u2019habitants avant la guerre ; on peut supposer qu\u2019elle en comptait encore moins r\u00e9cemment. Cela ferait des 600 000 habitants disparus, environ 25% de sa population totale, un chiffre tout simplement sans pr\u00e9c\u00e9dent.<\/p>\n<p>Kiev se vide litt\u00e9ralement de ses habitants, et <strong>le fait que cela ne fasse pas la une des journaux internationaux est assez surprenant.<\/strong> N\u2019oublions pas que ces 600 000 disparus ont eu lieu au cours des deux derni\u00e8res semaines seulement, et que les frappes russes s\u2019intensifient avec l\u2019arriv\u00e9e de l\u2019hiver. Des rumeurs circulent selon lesquelles la Russie envisagerait de lancer deux missiles Orechnik cette semaine, certaines sources ukrainiennes affirmant que cette fois-ci, ils viseraient Kiev.<\/p>\n<p>Verra-t-on bient\u00f4t Kiev enti\u00e8rement abandonn\u00e9e ?<\/p>\n<p>M\u00eame la Verkhovna Rada signale d\u00e9sormais qu\u2019elle n\u2019a plus ni chauffage ni \u00e9lectricit\u00e9 :<\/p>\n<div class=\"wp-block-image\">\n<figure class=\"aligncenter size-full\"><a target=\"_blank\" href=\"https:\/\/i0.wp.com\/reseauinternational.net\/wp-content\/uploads\/2026\/01\/image-273.png?ssl=1\"><img data-recalc-dims=\"1\" decoding=\"async\" width=\"270\" height=\"360\" src=\"https:\/\/i0.wp.com\/reseauinternational.net\/wp-content\/uploads\/2026\/01\/image-273.png?resize=270%2C360&amp;ssl=1\" alt=\"\" class=\"wp-image-507378\" loading=\"lazy\" srcset=\"https:\/\/i0.wp.com\/reseauinternational.net\/wp-content\/uploads\/2026\/01\/image-273.png?w=270&amp;ssl=1 270w, https:\/\/i0.wp.com\/reseauinternational.net\/wp-content\/uploads\/2026\/01\/image-273.png?resize=225%2C300&amp;ssl=1 225w\" sizes=\"auto, (max-width: 270px) 100vw, 270px\"\/><\/a><\/figure>\n<\/div>\n<div class=\"wp-block-image\">\n<figure class=\"aligncenter size-full\"><a target=\"_blank\" href=\"https:\/\/i0.wp.com\/reseauinternational.net\/wp-content\/uploads\/2026\/01\/image-274.png?ssl=1\"><img data-recalc-dims=\"1\" decoding=\"async\" width=\"347\" height=\"360\" src=\"https:\/\/i0.wp.com\/reseauinternational.net\/wp-content\/uploads\/2026\/01\/image-274.png?resize=347%2C360&amp;ssl=1\" alt=\"\" class=\"wp-image-507379\" loading=\"lazy\" srcset=\"https:\/\/i0.wp.com\/reseauinternational.net\/wp-content\/uploads\/2026\/01\/image-274.png?w=347&amp;ssl=1 347w, https:\/\/i0.wp.com\/reseauinternational.net\/wp-content\/uploads\/2026\/01\/image-274.png?resize=289%2C300&amp;ssl=1 289w\" sizes=\"auto, (max-width: 347px) 100vw, 347px\"\/><\/a><\/figure>\n<\/div>\n<p>\u00ab<em>\u2013 Le d\u00e9put\u00e9 Zheleznyak a d\u00e9clar\u00e9 que l\u2019appareil de la Verkhovna Rada fonctionne aujourd\u2019hui \u00e0 distance en raison des coupures de chauffage, d\u2019eau et d\u2019\u00e9lectricit\u00e9 suite aux bombardements. La temp\u00e9rature dans les bureaux avoisine les 12 degr\u00e9s et le chauffage est quasi inexistant.<\/em><\/p>\n<p><em>\u2013 Le d\u00e9put\u00e9 Getmantsev a \u00e9galement confirm\u00e9 l\u2019absence de chauffage dans le b\u00e2timent de la Rada. Les quelques d\u00e9put\u00e9s restants travaillent en vestes.<\/em><\/p>\n<p><em>\u2013 Auparavant, il avait \u00e9t\u00e9 rapport\u00e9 qu\u2019environ la moiti\u00e9 des immeubles de Kiev \u00e9taient priv\u00e9s de chauffage<\/em>\u00bb.<\/p>\n<p><a target=\"_blank\" href=\"https:\/\/x.com\/i\/status\/2012269357733224541\" target=\"_blank\" rel=\"noopener\" title=\"\">Maria Avdeeva \u00e9crit<\/a>\u00a0:<\/p>\n<p>\u00ab<em>Jour apr\u00e8s jour, des heures sans \u00e9lectricit\u00e9. Plus d\u2019horaires fixes, c\u2019est d\u00e9sormais une coupure de courant permanente.<\/em> <em>Voici le supermarch\u00e9 du coin : les rayons de pain sont compl\u00e8tement vides. Les portes restent ouvertes.<\/em> <em>Avec des temp\u00e9ratures glaciales et une situation qui se d\u00e9grade, les gens envisagent de d\u00e9m\u00e9nager<\/em>\u00bb.<\/p>\n<figure class=\"wp-block-jetpack-videopress jetpack-videopress-player\" style=\"\">\n<\/figure>\n<p>Il semblerait qu\u2019ils envisagent d\u00e9sormais de fermer compl\u00e8tement le m\u00e9tro de Kiev afin d\u2019\u00e9conomiser l\u2019\u00e9lectricit\u00e9.<\/p>\n<p>\u00ab<em>Le m\u00e9tro de Kiev pourrait \u00eatre ferm\u00e9 si la situation de l\u2019approvisionnement en \u00e9lectricit\u00e9 s\u2019aggrave, a d\u00e9clar\u00e9 Vladimir Omelchenko, directeur des programmes \u00e9nerg\u00e9tiques au Centre Razumkov<\/em>\u00bb.<\/p>\n<p>Eh bien, les tramways b\u00e9n\u00e9ficient d\u00e9j\u00e0 d\u2019un peu d\u2019\u00abaide\u00bb dans ce domaine :<\/p>\n<figure class=\"wp-block-jetpack-videopress jetpack-videopress-player\" style=\"\">\n<\/figure>\n<p>Le principal expert ukrainien en radio\u00e9lectronique, Serhiy \u00abFlash\u00bb Beskrestnov, a publi\u00e9 un message urgent indiquant que la Russie pourrait bient\u00f4t porter le coup de gr\u00e2ce en d\u00e9truisant les centrales nucl\u00e9aires ukrainiennes, derni\u00e8re source d\u2019\u00e9nergie de l\u2019Ukraine :<\/p>\n<div class=\"wp-block-image\">\n<figure class=\"aligncenter size-large is-resized\"><a target=\"_blank\" href=\"https:\/\/i0.wp.com\/reseauinternational.net\/wp-content\/uploads\/2026\/01\/image-275.png?ssl=1\"><img data-recalc-dims=\"1\" decoding=\"async\" width=\"1024\" height=\"624\" src=\"https:\/\/i0.wp.com\/reseauinternational.net\/wp-content\/uploads\/2026\/01\/image-275.png?resize=1024%2C624&amp;ssl=1\" alt=\"\" class=\"wp-image-507382\" style=\"width:600px\" loading=\"lazy\" srcset=\"https:\/\/i0.wp.com\/reseauinternational.net\/wp-content\/uploads\/2026\/01\/image-275.png?resize=1024%2C624&amp;ssl=1 1024w, https:\/\/i0.wp.com\/reseauinternational.net\/wp-content\/uploads\/2026\/01\/image-275.png?resize=300%2C183&amp;ssl=1 300w, https:\/\/i0.wp.com\/reseauinternational.net\/wp-content\/uploads\/2026\/01\/image-275.png?resize=768%2C468&amp;ssl=1 768w, https:\/\/i0.wp.com\/reseauinternational.net\/wp-content\/uploads\/2026\/01\/image-275.png?resize=990%2C603&amp;ssl=1 990w, https:\/\/i0.wp.com\/reseauinternational.net\/wp-content\/uploads\/2026\/01\/image-275.png?w=1280&amp;ssl=1 1280w\" sizes=\"auto, (max-width: 1024px) 100vw, 1024px\"\/><\/a><\/figure>\n<\/div>\n<div class=\"wp-block-image\">\n<figure class=\"aligncenter size-large is-resized\"><a target=\"_blank\" href=\"https:\/\/i0.wp.com\/reseauinternational.net\/wp-content\/uploads\/2026\/01\/image-276.png?ssl=1\"><img data-recalc-dims=\"1\" decoding=\"async\" width=\"1024\" height=\"568\" src=\"https:\/\/i0.wp.com\/reseauinternational.net\/wp-content\/uploads\/2026\/01\/image-276.png?resize=1024%2C568&amp;ssl=1\" alt=\"\" class=\"wp-image-507383\" style=\"width:600px\" loading=\"lazy\" srcset=\"https:\/\/i0.wp.com\/reseauinternational.net\/wp-content\/uploads\/2026\/01\/image-276.png?resize=1024%2C568&amp;ssl=1 1024w, https:\/\/i0.wp.com\/reseauinternational.net\/wp-content\/uploads\/2026\/01\/image-276.png?resize=300%2C166&amp;ssl=1 300w, https:\/\/i0.wp.com\/reseauinternational.net\/wp-content\/uploads\/2026\/01\/image-276.png?resize=768%2C426&amp;ssl=1 768w, https:\/\/i0.wp.com\/reseauinternational.net\/wp-content\/uploads\/2026\/01\/image-276.png?resize=990%2C549&amp;ssl=1 990w, https:\/\/i0.wp.com\/reseauinternational.net\/wp-content\/uploads\/2026\/01\/image-276.png?w=1280&amp;ssl=1 1280w\" sizes=\"auto, (max-width: 1024px) 100vw, 1024px\"\/><\/a><\/figure>\n<\/div>\n<div class=\"wp-block-image\">\n<figure class=\"aligncenter size-large is-resized\"><a target=\"_blank\" href=\"https:\/\/i0.wp.com\/reseauinternational.net\/wp-content\/uploads\/2026\/01\/image-277.png?ssl=1\"><img data-recalc-dims=\"1\" decoding=\"async\" width=\"1024\" height=\"717\" src=\"https:\/\/i0.wp.com\/reseauinternational.net\/wp-content\/uploads\/2026\/01\/image-277.png?resize=1024%2C717&amp;ssl=1\" alt=\"\" class=\"wp-image-507384\" style=\"width:600px\" loading=\"lazy\" srcset=\"https:\/\/i0.wp.com\/reseauinternational.net\/wp-content\/uploads\/2026\/01\/image-277.png?resize=1024%2C717&amp;ssl=1 1024w, https:\/\/i0.wp.com\/reseauinternational.net\/wp-content\/uploads\/2026\/01\/image-277.png?resize=300%2C210&amp;ssl=1 300w, https:\/\/i0.wp.com\/reseauinternational.net\/wp-content\/uploads\/2026\/01\/image-277.png?resize=768%2C538&amp;ssl=1 768w, https:\/\/i0.wp.com\/reseauinternational.net\/wp-content\/uploads\/2026\/01\/image-277.png?resize=90%2C63&amp;ssl=1 90w, https:\/\/i0.wp.com\/reseauinternational.net\/wp-content\/uploads\/2026\/01\/image-277.png?resize=320%2C225&amp;ssl=1 320w, https:\/\/i0.wp.com\/reseauinternational.net\/wp-content\/uploads\/2026\/01\/image-277.png?resize=990%2C693&amp;ssl=1 990w, https:\/\/i0.wp.com\/reseauinternational.net\/wp-content\/uploads\/2026\/01\/image-277.png?w=1280&amp;ssl=1 1280w\" sizes=\"auto, (max-width: 1024px) 100vw, 1024px\"\/><\/a><\/figure>\n<\/div>\n<div class=\"wp-block-image\">\n<figure class=\"aligncenter size-large is-resized\"><a target=\"_blank\" href=\"https:\/\/i0.wp.com\/reseauinternational.net\/wp-content\/uploads\/2026\/01\/image-278.png?ssl=1\"><img data-recalc-dims=\"1\" decoding=\"async\" width=\"1024\" height=\"791\" src=\"https:\/\/i0.wp.com\/reseauinternational.net\/wp-content\/uploads\/2026\/01\/image-278.png?resize=1024%2C791&amp;ssl=1\" alt=\"\" class=\"wp-image-507385\" style=\"width:550px\" loading=\"lazy\" srcset=\"https:\/\/i0.wp.com\/reseauinternational.net\/wp-content\/uploads\/2026\/01\/image-278.png?resize=1024%2C791&amp;ssl=1 1024w, https:\/\/i0.wp.com\/reseauinternational.net\/wp-content\/uploads\/2026\/01\/image-278.png?resize=300%2C232&amp;ssl=1 300w, https:\/\/i0.wp.com\/reseauinternational.net\/wp-content\/uploads\/2026\/01\/image-278.png?resize=768%2C593&amp;ssl=1 768w, https:\/\/i0.wp.com\/reseauinternational.net\/wp-content\/uploads\/2026\/01\/image-278.png?resize=990%2C765&amp;ssl=1 990w, https:\/\/i0.wp.com\/reseauinternational.net\/wp-content\/uploads\/2026\/01\/image-278.png?w=1280&amp;ssl=1 1280w\" sizes=\"auto, (max-width: 1024px) 100vw, 1024px\"\/><\/a><\/figure>\n<\/div>\n<blockquote class=\"wp-block-quote is-layout-flow wp-block-quote-is-layout-flow\">\n<p>\u00abLe pr\u00e9sident ukrainien et la Direction principale du renseignement (GUR) ont fait des d\u00e9clarations concernant la pr\u00e9paration de frappes contre des sous-stations dans les centrales nucl\u00e9aires.<\/p>\n<p><strong>En effet, les centrales nucl\u00e9aires sont d\u00e9sormais devenues de facto les seules sources de production d\u2019\u00e9lectricit\u00e9 du pays,<\/strong>\u00a0et si l\u2019ennemi veut parvenir \u00e0 une panne g\u00e9n\u00e9rale, il devra attaquer ces installations.<\/p>\n<p>De quoi s\u2019agit-il ? \u00c0 c\u00f4t\u00e9 de chaque centrale nucl\u00e9aire se trouve un poste de transformation et des armoires \u00e9lectriques qui, en quelque sorte, \u00abdistribuent\u00bb l\u2019\u00e9lectricit\u00e9 produite par la centrale vers les lignes \u00e9lectriques qui convergent vers celle-ci depuis diff\u00e9rents points. En r\u00e9alit\u00e9, cela fait partie int\u00e9grante de l\u2019infrastructure de la centrale nucl\u00e9aire. Le poste de transformation et les armoires \u00e9lectriques sont parfois situ\u00e9s \u00e0 un kilom\u00e8tre des r\u00e9acteurs, et parfois \u00e0 seulement 300 m\u00e8tres !<\/p>\n<p>Bien que la Russie assure le monde entier de la \u00abpr\u00e9cision\u00bb de ses armes, force est de constater que ce n\u2019est pas le cas. Les missiles Kinjal atteignent leur cible sans difficult\u00e9, et la pr\u00e9cision des missiles de croisi\u00e8re et des armes balistiques laisse \u00e9galement \u00e0 d\u00e9sirer.<\/p>\n<p>Tout le monde se souvient de la r\u00e9cente trag\u00e9die de Ternopil, o\u00f9 des missiles \u00abde pr\u00e9cision\u00bb ont touch\u00e9 un immeuble d\u2019habitation au lieu d\u2019une usine. On se souvient \u00e9galement des impacts sur des b\u00e2timents voisins \u00e0 Kiev lors de l\u2019attaque du bureau d\u2019\u00e9tudes \u00abLuch\u00bb. On se souvient tous des drones \u00abde pr\u00e9cision\u00bb Shahed qui ont attaqu\u00e9 la centrale hydro\u00e9lectrique, mais tous ont touch\u00e9 des immeubles r\u00e9sidentiels \u00e0 Vyshgorod.<\/p>\n<p>J\u2019esp\u00e8re vivement que les Russes auront la sagesse de ne pas attaquer les centrales nucl\u00e9aires, car une frappe de missile Iskander ou Dagger pourrait provoquer un second Tchernobyl. En effet, toutes nos centrales nucl\u00e9aires sont situ\u00e9es \u00e0 proximit\u00e9 du B\u00e9larus ou du territoire occup\u00e9 de la F\u00e9d\u00e9ration de Russie, et une telle trag\u00e9die aurait des cons\u00e9quences pour tous\u00bb.<\/p>\n<\/blockquote>\n<p>\u00c9tant donn\u00e9 qu\u2019il fonde ses inqui\u00e9tudes sur le GUR, certains pensent qu\u2019il s\u2019agit en r\u00e9alit\u00e9 d\u2019une man\u0153uvre ukrainienne visant \u00e0 orchestrer une attaque sous faux drapeau contre ses propres centrales nucl\u00e9aires afin d\u2019en accuser pr\u00e9ventivement la Russie. \u00c0 vous de juger.<\/p>\n<p>Les incidents s\u2019encha\u00eenent, ici dans la r\u00e9gion de Rivne hier :<\/p>\n<div class=\"wp-block-image\">\n<figure class=\"aligncenter size-large is-resized\"><a target=\"_blank\" href=\"https:\/\/i0.wp.com\/reseauinternational.net\/wp-content\/uploads\/2026\/01\/image-280-834x1024.png?ssl=1\"><img data-recalc-dims=\"1\" decoding=\"async\" width=\"834\" height=\"1024\" src=\"https:\/\/i0.wp.com\/reseauinternational.net\/wp-content\/uploads\/2026\/01\/image-280.png?resize=834%2C1024&amp;ssl=1\" alt=\"\" class=\"wp-image-507389\" style=\"width:500px\" loading=\"lazy\" srcset=\"https:\/\/i0.wp.com\/reseauinternational.net\/wp-content\/uploads\/2026\/01\/image-280.png?resize=834%2C1024&amp;ssl=1 834w, https:\/\/i0.wp.com\/reseauinternational.net\/wp-content\/uploads\/2026\/01\/image-280.png?resize=244%2C300&amp;ssl=1 244w, https:\/\/i0.wp.com\/reseauinternational.net\/wp-content\/uploads\/2026\/01\/image-280.png?resize=768%2C943&amp;ssl=1 768w, https:\/\/i0.wp.com\/reseauinternational.net\/wp-content\/uploads\/2026\/01\/image-280.png?resize=990%2C1215&amp;ssl=1 990w, https:\/\/i0.wp.com\/reseauinternational.net\/wp-content\/uploads\/2026\/01\/image-280.png?w=1043&amp;ssl=1 1043w\" sizes=\"auto, (max-width: 834px) 100vw, 834px\"\/><\/a><\/figure>\n<\/div>\n<p>Passons \u00e0 une autre information int\u00e9ressante.<\/p>\n<p>Le commandant en chef ukrainien Oleksandr Syrsky a accord\u00e9 une nouvelle interview dans laquelle il livre des r\u00e9flexions fascinantes.<\/p>\n<p><a target=\"_blank\" href=\"https:\/\/www.bitchute.com\/video\/EPPLdyaUqAys\" target=\"_blank\" rel=\"noopener\" title=\"\">L\u2019int\u00e9gralit\u00e9 de la vid\u00e9o est disponible ici<\/a>, malgr\u00e9 une traduction automatique imparfaite. Une transcription \u00e9crite plus utile est disponible ici : <a target=\"_blank\" href=\"https:\/\/lb.ua\/society\/2026\/01\/18\/717446_golovnokomanduvach_zsu_sirskiy.html\" target=\"_blank\" rel=\"noopener\" title=\"\">https:\/\/lb.ua\/society\/2026\/01\/18\/717446_golovnokomanduvach_zsu_sirskiy.html<\/a><\/p>\n<p>L\u2019une des premi\u00e8res choses les plus int\u00e9ressantes qu\u2019il dit concerne la composition g\u00e9n\u00e9rale de la ligne de front en 2025-2026, confirmant que le \u00abmanuel\u00bb militaire \u00abclassique\u00bb a \u00e9t\u00e9 abandonn\u00e9 en ce qui concerne la posture des forces :<\/p>\n<p><strong>\u00ab<em>Il n\u2019existe plus de places fortes au sens classique du terme, ni de bastions de compagnie ou de section. Les positions sont regroup\u00e9es en points d\u2019appui, organis\u00e9s en \u00e9chelons en profondeur et en front, avec un effectif limit\u00e9 \u2013 la capacit\u00e9 des drones \u00e0 vaincre les hommes leur conf\u00e8re des caract\u00e9ristiques propres<\/em>\u00bb.<\/strong><\/p>\n<p>Comme nous l\u2019avons longuement vu, il d\u00e9clare plus haut que les compagnies et les pelotons n\u2019ont m\u00eame plus de \u00abplaces fortes\u00bb sur le front, et s\u2019appuient plut\u00f4t sur le style de positions d\u00e9sormais tristement c\u00e9l\u00e8bre \u00abdispers\u00e9es\u00bb.<\/p>\n<p><strong>Il l\u00e2che ensuite une bombe sur la question des drones<\/strong>, qui contredit la plupart des discours tenus par les Ukrainiens. Interrog\u00e9 sur qui, en janvier 2026, aura l\u2019avantage en mati\u00e8re de drones, il affirme que la situation est \u00e9gale, la Russie ayant rattrap\u00e9 l\u2019Ukraine en termes quantitatifs.<\/p>\n<p>\u00ab<strong><em>\u00c0 la mi-janvier, le rapport de force concernant les drones penche-t-il en notre faveur ou en la leur ?<\/em><\/strong><\/p>\n<p><em>Le nombre de drones est sensiblement le m\u00eame. La question est celle de la qualit\u00e9. Pour les drones conventionnels, la qualit\u00e9 est notre atout. En mati\u00e8re de fibre optique, nous ne faisons malheureusement que rattraper notre retard sur l\u2019ennemi<\/em>\u00bb.<\/p>\n<p>Il affirme que l\u2019Ukraine reste\u00a0<em>qualitativement en t\u00eate<\/em>\u00a0en mati\u00e8re de drones FPV classiques, tandis que la Russie a l\u2019avantage en mati\u00e8re de drones \u00e0 fibre optique.<\/p>\n<p>Mais le plus choquant fut son affirmation selon laquelle <strong>la Russie produit actuellement pas moins de 404 drones Geran par jour et pr\u00e9voit de porter ce chiffre \u00e0 1000 en 2026 :<\/strong><\/p>\n<figure class=\"wp-block-jetpack-videopress jetpack-videopress-player\" style=\"\">\n<\/figure>\n<p>Bien que certains l\u2019aient cit\u00e9 disant qu\u2019il parlait de drones\u00a0<em>de type Geran<\/em>, ce qui pourrait inclure d\u2019autres drones russes \u00e0 plus longue port\u00e9e comme Molniya (\u00ab\u00c9clair\u00bb) et autres.<\/p>\n<p>Rappelons que l\u2019ann\u00e9e derni\u00e8re, de nombreuses publications occidentales affirmaient que la Russie ne pouvait en produire qu\u2019une centaine par jour, voire un peu plus.<\/p>\n<p>Dans un autre message publi\u00e9 sur sa page Facebook, Syrsky a pr\u00e9cis\u00e9 que la nouvelle branche russe des syst\u00e8mes sans pilote compte d\u00e9j\u00e0 80 000 militaires et que ce nombre passera \u00e0 165 500 d\u2019ici 2026 et \u00e0 210 000 d\u2019ici 2030 :<\/p>\n<p>\u00ab<em>\u00abGr\u00e2ce \u00e0 nos renseignements militaires, nous savons que l\u2019ennemi nourrit des ambitions tout aussi grandes. Les Russes ont suivi notre exemple et cr\u00e9\u00e9 des forces de syst\u00e8mes sans pilote distinctes, qui comptent d\u00e9j\u00e0 80 000 hommes. Dans un second temps, en 2026, ils pr\u00e9voient de doubler ce nombre pour atteindre 165 500. Et d\u2019ici 2030, pr\u00e8s de 210 000\u00bb, a indiqu\u00e9 Syrskyi.<\/em><\/p>\n<p><em>On sait \u00e9galement que la commande d\u2019\u00c9tat pour la production de drones \u00e0 longue port\u00e9e en Russie a \u00e9t\u00e9 honor\u00e9e \u00e0 106% au cours de l\u2019ann\u00e9e, et que le complexe militaro-industriel du pays agresseur produit plus de 400 drones de ce type par jour<\/em>\u00bb.<\/p>\n<p>\u00c0 noter \u00e9galement son aveu honn\u00eate que la Russie a largement d\u00e9pass\u00e9 son quota de production de drones de type Geran pour l\u2019ann\u00e9e 2025, avec un taux d\u2019ex\u00e9cution de 106%.<\/p>\n<p>Entre-temps,\u00a0<a target=\"_blank\" href=\"https:\/\/archive.ph\/d8bxw\" target=\"_blank\" rel=\"noopener\" title=\"\"><em>Bloomberg<\/em> rapporte<\/a>\u00a0que \u00ab<em>la start-up de technologies de d\u00e9fense la plus pr\u00e9cieuse d\u2019Europe<\/em>\u00bb a subi de si graves \u00ab<em>revers<\/em>\u00bb avec ses drones peu performants sur le front que l\u2019Ukraine a suspendu toutes les nouvelles commandes de ces unit\u00e9s d\u00e9cevantes \u2013 les drones pouvaient \u00e0 peine d\u00e9coller :<\/p>\n<p>Syrsky \u00e9voque ensuite \u00e0 nouveau la g\u00e9n\u00e9ration de forces russes, affirmant que la Russie pr\u00e9voit de cr\u00e9er 11 nouvelles divisions en 2026. Cependant, il s\u2019accroche au r\u00e9cit r\u00e9cent selon lequel les pertes russes auraient explos\u00e9 en 2025 au point que la Russie n\u2019est plus en mesure d\u2019augmenter ses effectifs au front, mais se contente de \u00abs\u2019\u00e9quilibrer\u00bb en mati\u00e8re de recrutement :<\/p>\n<p>\u00ab<em>La Russie pr\u00e9voit de former au moins 11 nouvelles divisions et de recruter 409 000 personnes sous contrat, a d\u00e9clar\u00e9 le commandant en chef des forces arm\u00e9es ukrainiennes.<\/em><\/p>\n<p><em>Cette ann\u00e9e, la Russie pourrait augmenter le nombre de ses contingents d\u00e9ploy\u00e9s dans la zone de l\u2019op\u00e9ration militaire sp\u00e9ciale, affirme Syrsky.<\/em><\/p>\n<p><em>Le Kremlin ambitionne de cr\u00e9er au moins 11 nouvelles divisions et de recruter 409 000 personnes sous contrat. L\u2019an dernier, environ 406 000 personnes ont sign\u00e9 un contrat avec les forces arm\u00e9es russes.<\/em><\/p>\n<p><strong><em>Au total, les forces arm\u00e9es russes comptent environ 4,5 millions de soldats de r\u00e9serve entra\u00een\u00e9s<\/em><\/strong>\u00bb.<\/p>\n<p>Il avance l\u2019affirmation quelque peu douteuse selon laquelle les pertes de l\u2019Ukraine ont en r\u00e9alit\u00e9 <em>diminu\u00e9<\/em>\u00a0de 13% tout au long de l\u2019ann\u00e9e 2025, tandis que celles de la Russie ont fortement augment\u00e9.<\/p>\n<p>\u00ab<em>D\u2019ailleurs, en 2015, nos pertes ont diminu\u00e9 de 13%, tandis que celles de l\u2019ennemi ont augment\u00e9 de mani\u00e8re significative. Je tiens \u00e0 souligner qu\u2019en deux ans \u2013 les 24 et 25 \u2013 les pertes ennemies se sont \u00e9lev\u00e9es \u00e0 plus de 850\u00a0000 hommes, tous morts et bless\u00e9s confondus. Cela t\u00e9moigne de l\u2019efficacit\u00e9 de nos op\u00e9rations militaires<\/em>\u00bb.<\/p>\n<p>Il est int\u00e9ressant de constater qu\u2019il estime les pertes russes totales pour 2024 et 2025 \u00e0 plus de 850\u00a0000 morts, tous types de pertes confondus, et pas seulement les morts au combat. Un tel bilan devrait repr\u00e9senter entre 200 000 et 300 000 morts pour ces deux ann\u00e9es seulement. <strong>Pourtant, curieusement, <em>MediaZona<\/em> avance le chiffre de 163 000 morts russes au combat pour l\u2019ensemble du conflit.<\/strong><\/p>\n<p>En effet,\u00a0<a target=\"_blank\" href=\"https:\/\/200.zona.media\/\" target=\"_blank\" rel=\"noopener\" title=\"\"><em>MediaZona<\/em> propose d\u00e9sormais un outil pratique r\u00e9pertoriant tous les noms \u00abconfirm\u00e9s\u00bb<\/a>\u00a0de soldats russes tu\u00e9s au combat. Vous pouvez trier la liste par ann\u00e9e en bas de page.<\/p>\n<p>Pour 2022 : 18 929 ;<br \/>2023 : 39 694 ;<br \/>2024 : 58 064 ;<br \/>2025 : 22 767<\/p>\n<p>Tirez-en la conclusion que vous voulez.<\/p>\n<p>D\u2019ailleurs, m\u00eame l\u2019ann\u00e9e record avec environ 58\u00a0000 morts repr\u00e9sente en moyenne un peu plus de 150 morts par jour, ce qui correspond globalement \u00e0 ce que nous avan\u00e7ons depuis longtemps. En revanche, les sources \u00abOSINT\u00bb pro-US affirment d\u00e9sormais r\u00e9guli\u00e8rement que la Russie d\u00e9plore \u00ab<em>1000 morts au combat par jour<\/em>\u00bb.<\/p>\n<p>\u00c0 ce propos, voici une autre analyse r\u00e9cente int\u00e9ressante r\u00e9alis\u00e9e par Armchair Warlord :<\/p>\n<figure class=\"wp-block-embed is-type-rich is-provider-twitter wp-block-embed-twitter\">\n<div class=\"wp-block-embed__wrapper\">\n<div class=\"embed-twitter\">\n<blockquote class=\"twitter-tweet\" data-width=\"550\" data-dnt=\"true\">\n<p lang=\"en\" dir=\"ltr\">A leak of patient data from the Russian military medical system back in mid-2024 seems to have flown under the radar of the commentariat for pretty simple reasons: Russians aren&rsquo;t going to comment on a leak and the data is devastating for Ukraine.\u2b07\ufe0f<\/p>\n<p>Of particular note is a data\u2026<\/p>\n<p>\u2014 Armchair Warlord (@ArmchairW) <a target=\"_blank\" href=\"https:\/\/twitter.com\/ArmchairW\/status\/2012963724118643086?ref_src=twsrc%5Etfw\">January 18, 2026<\/a><\/p><\/blockquote>\n<\/div>\n<\/div>\n<\/figure>\n<p><a target=\"_blank\" href=\"https:\/\/www.svoboda.org\/a\/tysyach-ranenyh-i-boljnyh-baza-patsientov-gospitaley-minoborony\/33321812.html\" target=\"_blank\" rel=\"noopener\" title=\"\">Il s\u2019agit d\u2019un reportage de Radio Svoboda datant du d\u00e9but de l\u2019ann\u00e9e 2025<\/a>, pr\u00e9sentant une base de donn\u00e9es pr\u00e9tendument divulgu\u00e9e recensant tous les soldats russes bless\u00e9s pendant la guerre jusqu\u2019\u00e0 cette date. Ce reportage fait \u00e9tat de 3200 amputations militaires parmi les bless\u00e9s russes. Comme l\u2019\u00e9crit Warlord :<\/p>\n<p>\u00ab<em>Il convient de souligner un chiffre particuli\u00e8rement important : \u00e0 la mi-juin 2024, les forces russes n\u2019avaient subi que 3200 amputations, y compris des amputations mineures de doigts et d\u2019orteils. \u00c0 titre de comparaison, les forces am\u00e9ricaines au Vietnam ont d\u00e9nombr\u00e9 5283 amputations majeures ayant entra\u00een\u00e9 la perte de membres, contre 58\u00a0281 d\u00e9c\u00e8s, soit un ratio de 11 pour 1.<\/em><\/p>\n<p><em>En supposant que les soins m\u00e9dicaux russes en Ukraine soient de nature similaire \u00e0 ceux que les forces am\u00e9ricaines ont pu fournir pendant la guerre du Vietnam (une hypoth\u00e8se raisonnable),\u00a0<strong>cela sugg\u00e9rerait que les forces russes auraient subi moins de 40 000 pertes au combat en juin 2024.<\/strong>\u00a0\u00c0 l\u2019\u00e9poque, l\u2019estimation la plus prudente et g\u00e9n\u00e9ralement accept\u00e9e des pertes russes en Ukraine, celle de Mediazona, s\u2019\u00e9levait \u00e0 pr\u00e8s de 90 000, sur la base d\u2019une base de donn\u00e9es de publications sur les r\u00e9seaux sociaux d\u2019origine intrins\u00e8quement douteuse.<\/em><\/p>\n<p><strong><em>Des donn\u00e9es m\u00e9dicales similaires, publi\u00e9es par les autorit\u00e9s ukrainiennes quelques mois plus tard, d\u00e9but 2025, indiquaient que leurs forces avaient subi quelque 120 000 amputations depuis le d\u00e9but du conflit.<\/em><\/strong><em>\u00a0Il est \u00e0 noter que ce ratio \u00e9tonnant \u2013 trente \u00e0 quarante Ukrainiens pour un seul Russe, comparable \u00e0 celui observ\u00e9 entre la France et l\u2019Allemagne en 1940, y compris la capitulation massive de l\u2019arm\u00e9e fran\u00e7aise \u2013 <strong>correspond exactement au nombre de corps \u00e9chang\u00e9s au cours des dix-huit derniers mois.<\/strong><\/em><\/p>\n<p><em>De quoi r\u00e9fl\u00e9chir<\/em>\u00bb.<\/p>\n<h5 class=\"wp-block-heading has-text-align-center\">*<\/h5>\n<p>Pour finir, il est int\u00e9ressant de noter que l\u2019Ukraine a signal\u00e9 autant d\u2019avions abattus lors de l\u2019attaque majeure de la nuit derni\u00e8re, \u00e9tant donn\u00e9 que le dernier article du journal allemand <em>Berliner Zeitung<\/em> affirme le contraire : <strong>l\u2019Ukraine n\u2019intercepte pratiquement plus rien.<\/strong><\/p>\n<p>Le premier paragraphe se lit comme suit :<\/p>\n<p>\u00ab<strong><em>L\u2019arm\u00e9e russe semble remporter un succ\u00e8s croissant dans ses frappes contre des cibles sensibles au sein des infrastructures ukrainiennes. \u00abLa d\u00e9fense a\u00e9rienne ukrainienne est actuellement loin d\u2019\u00eatre aussi performante que certains le pr\u00e9tendent\u00bb,<\/em><\/strong><em>\u00a0a d\u00e9clar\u00e9 au journal Berliner Zeitung le colonel Markus Reisner, expert militaire des forces arm\u00e9es autrichiennes. Parall\u00e8lement, selon des sources ukrainiennes, la Russie attaque presque quotidiennement les infrastructures \u00e9nerg\u00e9tiques dans diff\u00e9rentes r\u00e9gions du pays.\u00a0<strong>La population, frigorifi\u00e9e, se d\u00e9moralise, et les perspectives d\u2019am\u00e9lioration sont minces<\/strong><\/em>\u00bb.<\/p>\n<p>Le colonel Reisner poursuit :<\/p>\n<p>\u00ab<em>\u00ab<strong>De nos jours, les syst\u00e8mes de d\u00e9fense efficaces sont quasiment inexistants\u00bb, explique Reisner. Seul un tr\u00e8s faible pourcentage de missiles peut \u00eatre abattu, et le taux d\u2019interception est particuli\u00e8rement bas pour les missiles de croisi\u00e8re et les missiles balistiques.<\/strong><\/em><\/p>\n<p><em>\u00abDans le domaine des drones, il a \u00e9t\u00e9 possible d\u2019en abattre environ 70 \u00e0 80%, mais compte tenu du nombre consid\u00e9rable de drones impliqu\u00e9s, la proportion qui parvient \u00e0 passer est tr\u00e8s significative\u00bb<\/em>\u00bb.<\/p>\n<p>Pourquoi mentent-ils ?<\/p>\n<p>\u00ab<em>Selon cet expert militaire, il n\u2019est pas surprenant que l\u2019Ukraine ne soit pas tout \u00e0 fait honn\u00eate dans son discours officiel : \u00ab<strong>Ils essaient de maintenir le moral des troupes. Comme dans toute guerre, il s\u2019agit aussi de donner l\u2019impression, dans l\u2019espace m\u00e9diatique, que tout va bien<\/strong>\u00bb<\/em>\u00bb.<\/p>\n<p>Et pourquoi les Russes ont-ils connu un tel succ\u00e8s ces derniers temps ?<\/p>\n<p>\u00ab<em>Alors, quelle est la principale raison pour laquelle les attaques russes ont aujourd\u2019hui un impact si important ? Selon le colonel Reisner, il y en a trois : \u00ab<strong>Premi\u00e8rement, les Russes s\u2019adaptent constamment ; leurs missiles balistiques, leurs missiles de croisi\u00e8re et leurs roquettes deviennent de plus en plus sophistiqu\u00e9s et peuvent d\u00e9sormais contourner automatiquement les syst\u00e8mes de d\u00e9fense ukrainiens \u2013 les Ukrainiens eux-m\u00eames le confirment<\/strong>\u00bb<\/em>\u00bb.<\/p>\n<p>Cela pourrait \u00e9galement \u00eatre la raison :<\/p>\n<figure class=\"wp-block-jetpack-videopress jetpack-videopress-player\" style=\"\">\n<\/figure>\n<p>\u00ab<strong><em>Le 19 janvier, un syst\u00e8me de d\u00e9fense a\u00e9rienne ukrainien Patriot, dans la r\u00e9gion de Dnipropetrovsk, a \u00e9t\u00e9 touch\u00e9 par un missile Iskander tir\u00e9 depuis un drone de reconnaissance.<\/em><\/strong><\/p>\n<p><em>\u00c0 la suite de la frappe, les \u00e9l\u00e9ments suivants ont \u00e9t\u00e9 d\u00e9truits :<\/em><\/p>\n<ul class=\"wp-block-list\">\n<li><em>la station radar multifonctionnelle <\/em><em>\u00abAN\/MPQ-65\u00bb \u2013 1 unit\u00e9 ;<\/em><\/li>\n<li><em>le v\u00e9hicule de contr\u00f4le de combat \u2013 1 unit\u00e9 ;<\/em><\/li>\n<li><em>le g\u00e9n\u00e9rateur diesel \u2013 1 unit\u00e9.<\/em><\/li>\n<\/ul>\n<p><em>La frappe a \u00e9t\u00e9 g\u00e9olocalis\u00e9e \u00e0 environ 90 km du front.<\/em><\/p>\n<p><strong><em>48,371375, 34,874961<\/em><\/strong>\u00bb<\/p>\n<p>source : <a target=\"_blank\" href=\"https:\/\/substack.com\/app-link\/post?publication_id=1351274&amp;post_id=184893279&amp;utm_source=post-email-title&amp;utm_campaign=email-post-title&amp;isFreemail=true&amp;r=4bcft0&amp;token=eyJ1c2VyX2lkIjoyNjA5MjA4MzYsInBvc3RfaWQiOjE4NDg5MzI3OSwiaWF0IjoxNzY4OTY2NzQ3LCJleHAiOjE3NzE1NTg3NDcsImlzcyI6InB1Yi0xMzUxMjc0Iiwic3ViIjoicG9zdC1yZWFjdGlvbiJ9.JJA-meF72bss_emoUAK76BKRx6fO5inx_NrRzsmMYIQ\" target=\"_blank\" rel=\"noopener\" title=\"\">Simplicius<\/a> via <a target=\"_blank\" href=\"https:\/\/numidia-liberum.blogspot.com\/2026\/01\/la-situation-devient-critique-kiev.html\" target=\"_blank\" rel=\"noopener\" title=\"\">La Cause du Peuple<\/a><\/p>\n<div class=\"sharedaddy sd-block sd-like jetpack-likes-widget-wrapper jetpack-likes-widget-unloaded\" id=\"like-post-wrapper-237719536-507364-69720cbbe8fd2\" data-src=\"https:\/\/widgets.wp.com\/likes\/?ver=15.2#blog_id=237719536&amp;post_id=507364&amp;origin=reseauinternational.net&amp;obj_id=237719536-507364-69720cbbe8fd2\" data-name=\"like-post-frame-237719536-507364-69720cbbe8fd2\" data-title=\"Aimer ou rebloguer\">\n<h3 class=\"sd-title\">J\u2019aime \u00e7a\u00a0:<\/h3>\n<p><span class=\"button\"><span>J\u2019aime<\/span><\/span> <span class=\"loading\">chargement\u2026<\/span><\/p>\n<p><span class=\"sd-text-color\"\/><a target=\"_blank\" class=\"sd-link-color\"\/><\/div>\n<p><meta itemscope=\"\" itemprop=\"mainEntityOfPage\" itemtype=\"https:\/\/schema.org\/WebPage\" itemid=\"https:\/\/reseauinternational.net\/la-situation-devient-critique-kiev-commence-a-se-vider\/\"\/><meta itemprop=\"headline\" content=\"La situation devient critique : Kiev commence \u00e0 se vider\"\/><span style=\"display: none;\" itemprop=\"author\" itemscope=\"\" itemtype=\"https:\/\/schema.org\/Person\"><meta itemprop=\"name\" content=\"R\u00e9seau International\"\/><\/span><span style=\"display: none;\" itemprop=\"image\" itemscope=\"\" itemtype=\"https:\/\/schema.org\/ImageObject\"><meta itemprop=\"url\" content=\"https:\/\/i0.wp.com\/reseauinternational.net\/wp-content\/uploads\/2026\/01\/Sans-titre-10-17.png?fit=800%2C467&amp;ssl=1\"\/><meta itemprop=\"width\" content=\"800\"\/><meta itemprop=\"height\" content=\"467\"\/><\/span><span style=\"display: none;\" itemprop=\"publisher\" itemscope=\"\" itemtype=\"https:\/\/schema.org\/Organization\"><span style=\"display: none;\" itemprop=\"logo\" itemscope=\"\" itemtype=\"https:\/\/schema.org\/ImageObject\"><meta itemprop=\"url\" content=\"https:\/\/reseauinternational.net\/wp-content\/uploads\/2022\/06\/Capture-de\u0301cran-2022-06-14-a\u0300-16.51.07.png\"\/><\/span><meta itemprop=\"name\" content=\"R\u00e9seau International\"\/><\/span><meta itemprop=\"datePublished\" content=\"2026-01-22T12:40:10+00:00\"\/><meta itemprop=\"dateModified\" content=\"2026-01-22T12:40:25+00:00\"\/><\/div>\n<p><script async src=\"\/\/platform.twitter.com\/widgets.js\" charset=\"utf-8\"><\/script><br \/>\n<br \/><br \/>\n<br \/><a href=\"https:\/\/reseauinternational.net\/la-situation-devient-critique-kiev-commence-a-se-vider\/\" target=\"_blank\"\">Source link <\/a><\/p>\n","protected":false},"excerpt":{"rendered":"<p>Soutenez-nous Votre soutien nous est indispensable pour continuer \u00e0 vous fournir le meilleur de l\u2019information internationale alternative. C\u2019est gr\u00e2ce \u00e0 vos dons que nous pourrons maintenir le cap pour une&hellip; <\/p>\n","protected":false},"author":1,"featured_media":22812,"comment_status":"open","ping_status":"open","sticky":false,"template":"","format":"standard","meta":{"footnotes":""},"categories":[1],"tags":[],"class_list":["post-22811","post","type-post","status-publish","format-standard","has-post-thumbnail","hentry","category-non-classe"],"_links":{"self":[{"href":"https:\/\/monde25.info\/index.php\/wp-json\/wp\/v2\/posts\/22811","targetHints":{"allow":["GET"]}}],"collection":[{"href":"https:\/\/monde25.info\/index.php\/wp-json\/wp\/v2\/posts"}],"about":[{"href":"https:\/\/monde25.info\/index.php\/wp-json\/wp\/v2\/types\/post"}],"author":[{"embeddable":true,"href":"https:\/\/monde25.info\/index.php\/wp-json\/wp\/v2\/users\/1"}],"replies":[{"embeddable":true,"href":"https:\/\/monde25.info\/index.php\/wp-json\/wp\/v2\/comments?post=22811"}],"version-history":[{"count":0,"href":"https:\/\/monde25.info\/index.php\/wp-json\/wp\/v2\/posts\/22811\/revisions"}],"wp:featuredmedia":[{"embeddable":true,"href":"https:\/\/monde25.info\/index.php\/wp-json\/wp\/v2\/media\/22812"}],"wp:attachment":[{"href":"https:\/\/monde25.info\/index.php\/wp-json\/wp\/v2\/media?parent=22811"}],"wp:term":[{"taxonomy":"category","embeddable":true,"href":"https:\/\/monde25.info\/index.php\/wp-json\/wp\/v2\/categories?post=22811"},{"taxonomy":"post_tag","embeddable":true,"href":"https:\/\/monde25.info\/index.php\/wp-json\/wp\/v2\/tags?post=22811"}],"curies":[{"name":"wp","href":"https:\/\/api.w.org\/{rel}","templated":true}]}}