{"id":22813,"date":"2026-01-22T13:29:39","date_gmt":"2026-01-22T12:29:39","guid":{"rendered":"https:\/\/monde25.info\/index.php\/2026\/01\/22\/affaire-epstein-une-procedure-lancee-contre-bill-et-hillary-clinton-pour-entrave-au-congres\/"},"modified":"2026-01-22T13:29:39","modified_gmt":"2026-01-22T12:29:39","slug":"affaire-epstein-une-procedure-lancee-contre-bill-et-hillary-clinton-pour-entrave-au-congres","status":"publish","type":"post","link":"https:\/\/monde25.info\/index.php\/2026\/01\/22\/affaire-epstein-une-procedure-lancee-contre-bill-et-hillary-clinton-pour-entrave-au-congres\/","title":{"rendered":"Affaire Epstein, une proc\u00e9dure lanc\u00e9e contre Bill et Hillary Clinton pour entrave au Congr\u00e8s"},"content":{"rendered":"<p> <br \/>\n<\/p>\n<div>\n<p>Une commission du Congr\u00e8s am\u00e9ricain a vot\u00e9 mercredi pour lancer une proc\u00e9dure contre Bill et Hillary Clinton, accus\u00e9s d&rsquo;entrave au Congr\u00e8s pour avoir refus\u00e9 de se pr\u00e9senter \u00e0 une audition dans le cadre d&rsquo;une enqu\u00eate parlementaire sur l&rsquo;affaire Epstein.<\/p>\n<p>\u00ab\u00a0Aucun t\u00e9moin, qu&rsquo;il soit ancien pr\u00e9sident ou simple citoyen, ne peut d\u00e9lib\u00e9r\u00e9ment m\u00e9priser une assignation \u00e0 compara\u00eetre proprement \u00e9mise par le Congr\u00e8s sans cons\u00e9quence\u00a0\u00bb, a d\u00e9clar\u00e9 l&rsquo;\u00e9lu r\u00e9publicain James Comer, chef de cette puissante commission de la Chambre.<\/p>\n<p>\u00ab\u00a0Les Clinton doivent rendre des comptes pour leurs actes\u00a0\u00bb, a-t-il ajout\u00e9 en amont du vote qui a recueilli des voix r\u00e9publicaines comme d\u00e9mocrates.<\/p>\n<p>Un scrutin doit d\u00e9sormais avoir lieu \u00e0 la Chambre des repr\u00e9sentants dans son ensemble pour approuver ou non des recommandations de poursuites judiciaires contre le couple Clinton.<\/p>\n<p>Une proc\u00e9dure pour formellement les inculper devra ensuite \u00eatre initi\u00e9e par le minist\u00e8re de la Justice, avec \u00e0 sa t\u00eate Pam Bondi, une fid\u00e8le de Donald Trump. Bill et Hillary Clinton encourraient alors jusqu&rsquo;\u00e0 12 mois de prison.<\/p>\n<p>L&rsquo;ex-pr\u00e9sident d\u00e9mocrate (1993-2001) et son \u00e9pouse, l&rsquo;ancienne cheffe de la diplomatie des \u00c9tats-Unis et candidate \u00e0 la pr\u00e9sidentielle de 2016, avaient \u00e9t\u00e9 convoqu\u00e9s la semaine derni\u00e8re pour des auditions s\u00e9par\u00e9es sur leurs liens avec le criminel sexuel Jeffrey Epstein.<\/p>\n<p>Mais dans une lettre au ton acerbe, le couple avait annonc\u00e9 son refus de se pr\u00e9senter aux auditions, accusant James Comer de s&rsquo;attaquer \u00e0 des opposants politiques plut\u00f4t que de vouloir chercher la v\u00e9rit\u00e9.<\/p>\n<p>\u00ab\u00a0Nous avons essay\u00e9 de vous donner le peu d&rsquo;informations que nous avons. Nous l&rsquo;avons fait parce que les crimes de M. Epstein \u00e9taient horribles\u00a0\u00bb, affirment-ils.<\/p>\n<p>Pour James Comer en revanche, le couple n&rsquo;a pas fait preuve \u00ab\u00a0de coop\u00e9ration mais de d\u00e9fiance, marqu\u00e9e par des retards r\u00e9p\u00e9t\u00e9s, des excuses, et des obstacles\u00a0\u00bb.<\/p>\n<p>Lors de la r\u00e9union de la commission, le responsable r\u00e9publicain a en parall\u00e8le annonc\u00e9 que Ghislaine Maxwell, complice de Jeffrey Epstein, serait entendue le 9 f\u00e9vrier par la commission.<\/p>\n<p>L&rsquo;ancienne mondaine, qui purge actuellement une peine de 20 ans de prison pour exploitation sexuelle, usera cependant de son droit \u00e0 garder le silence, a ajout\u00e9 James Comer, citant les avocats de Ghislaine Maxwell.<\/p>\n<p>Figure de la jet-set new-yorkaise, Jeffrey Epstein est accus\u00e9 d&rsquo;avoir exploit\u00e9 sexuellement plus de mille jeunes femmes, dont des mineures.<\/p>\n<p>Il avait \u00e9t\u00e9 retrouv\u00e9 pendu dans sa cellule de New York en 2019 avant son proc\u00e8s pour crimes sexuels. Sa mort a aliment\u00e9 d&rsquo;innombrables th\u00e9ories selon lesquelles il aurait \u00e9t\u00e9 assassin\u00e9 pour prot\u00e9ger des personnalit\u00e9s de premier plan.<\/p>\n<p>Pendant sa campagne de 2024, Donald Trump s&rsquo;\u00e9tait dit d&rsquo;accord pour rendre le dossier public. Mais le r\u00e9publicain rechigne depuis son retour au pouvoir \u00e0 le publier et se voit accus\u00e9 jusque chez ses partisans d&rsquo;un manque de transparence.<\/p>\n<p>En ao\u00fbt, au moment o\u00f9 les accusations de manque de transparence fusaient contre le gouvernement Trump, le couple Clinton avait \u00e9t\u00e9 assign\u00e9 \u00e0 compara\u00eetre devant le Congr\u00e8s.<\/p>\n<p>Bill Clinton, qui a voyag\u00e9 \u00e0 plusieurs reprises \u00e0 bord du jet priv\u00e9 du financier et a \u00e9t\u00e9 photographi\u00e9 de nombreuses fois en sa compagnie, avait affirm\u00e9 en 2019 n&rsquo;avoir pas parl\u00e9 \u00e0 Jeffrey Epstein depuis plus d&rsquo;une d\u00e9cennie. L&rsquo;ex-pr\u00e9sident a \u00e9galement toujours d\u00e9menti avoir eu connaissance de ses crimes.<\/p>\n<p>Fin d\u00e9cembre, apr\u00e8s des mois d&rsquo;atermoiements, son gouvernement a commenc\u00e9 \u00e0 publier des milliers de photos, vid\u00e9os et textes sur le riche financier.<\/p>\n<p>Mais l&rsquo;ensemble du dossier n&rsquo;a pas encore \u00e9t\u00e9 rendu public comme l&rsquo;exigeait pourtant une loi promulgu\u00e9e en novembre, et de nombreux fichiers publi\u00e9s ont \u00e9t\u00e9 largement caviard\u00e9s.<\/p>\n<p>\u00ab\u00a0Il est honteux, ill\u00e9gal, et inconstitutionnel que le minist\u00e8re de la Justice n&rsquo;ait publi\u00e9 que 1\u2009% de tous les documents\u00a0\u00bb, a d\u00e9nonc\u00e9 mercredi l&rsquo;\u00e9lu d\u00e9mocrate Robert Garcia, lors de la r\u00e9union de la commission de la Chambre.<\/p>\n<\/div>\n<p><script>(function(d, s, id) {  var js, fjs = d.getElementsByTagName(s)[0];  if (d.getElementById(id)) return;  js = d.createElement(s); js.id = id;  js.src = \"\/\/connect.facebook.net\/fr_FR\/sdk.js#xfbml=1&version=v2.3\";  fjs.parentNode.insertBefore(js, fjs);}(document, \"script\", \"facebook-jssdk\"));<\/script><br \/>\n<br \/><br \/>\n<br \/><a href=\"https:\/\/www.francesoir.fr\/societe-justice\/affaire-epstein-une-procedure-lancee-contre-bill-et-hillary-clinton-pour-entrave-au\" target=\"_blank\"\">Source link <\/a><\/p>\n","protected":false},"excerpt":{"rendered":"<p>Une commission du Congr\u00e8s am\u00e9ricain a vot\u00e9 mercredi pour lancer une proc\u00e9dure contre Bill et Hillary Clinton, accus\u00e9s d&rsquo;entrave au Congr\u00e8s pour avoir refus\u00e9 de se pr\u00e9senter \u00e0 une audition&hellip; <\/p>\n","protected":false},"author":1,"featured_media":22814,"comment_status":"open","ping_status":"open","sticky":false,"template":"","format":"standard","meta":{"footnotes":""},"categories":[1],"tags":[],"class_list":["post-22813","post","type-post","status-publish","format-standard","has-post-thumbnail","hentry","category-non-classe"],"_links":{"self":[{"href":"https:\/\/monde25.info\/index.php\/wp-json\/wp\/v2\/posts\/22813","targetHints":{"allow":["GET"]}}],"collection":[{"href":"https:\/\/monde25.info\/index.php\/wp-json\/wp\/v2\/posts"}],"about":[{"href":"https:\/\/monde25.info\/index.php\/wp-json\/wp\/v2\/types\/post"}],"author":[{"embeddable":true,"href":"https:\/\/monde25.info\/index.php\/wp-json\/wp\/v2\/users\/1"}],"replies":[{"embeddable":true,"href":"https:\/\/monde25.info\/index.php\/wp-json\/wp\/v2\/comments?post=22813"}],"version-history":[{"count":0,"href":"https:\/\/monde25.info\/index.php\/wp-json\/wp\/v2\/posts\/22813\/revisions"}],"wp:featuredmedia":[{"embeddable":true,"href":"https:\/\/monde25.info\/index.php\/wp-json\/wp\/v2\/media\/22814"}],"wp:attachment":[{"href":"https:\/\/monde25.info\/index.php\/wp-json\/wp\/v2\/media?parent=22813"}],"wp:term":[{"taxonomy":"category","embeddable":true,"href":"https:\/\/monde25.info\/index.php\/wp-json\/wp\/v2\/categories?post=22813"},{"taxonomy":"post_tag","embeddable":true,"href":"https:\/\/monde25.info\/index.php\/wp-json\/wp\/v2\/tags?post=22813"}],"curies":[{"name":"wp","href":"https:\/\/api.w.org\/{rel}","templated":true}]}}