{"id":22817,"date":"2026-01-22T16:47:51","date_gmt":"2026-01-22T15:47:51","guid":{"rendered":"https:\/\/monde25.info\/index.php\/2026\/01\/22\/il-travaillait-pour-la-ministre-de-la-transition-ecologique-et-devient-lobbyiste-pour-suez\/"},"modified":"2026-01-22T16:47:51","modified_gmt":"2026-01-22T15:47:51","slug":"il-travaillait-pour-la-ministre-de-la-transition-ecologique-et-devient-lobbyiste-pour-suez","status":"publish","type":"post","link":"https:\/\/monde25.info\/index.php\/2026\/01\/22\/il-travaillait-pour-la-ministre-de-la-transition-ecologique-et-devient-lobbyiste-pour-suez\/","title":{"rendered":"Il travaillait pour la ministre de la Transition \u00e9cologique&#8230; et devient lobbyiste pour Suez"},"content":{"rendered":"<p> <br \/>\n<br \/><img loading=\"lazy\" decoding=\"async\" src=\"https:\/\/reporterre.net\/local\/cache-vignettes\/L700xH467\/design_sans_titre_35_-0bd47.jpg?1769092227\" class=\"spip_logo\" width=\"700\" height=\"467\" alt=\"\" \/><\/p>\n<p>Laurent Naves a \u00e9t\u00e9 nomm\u00e9 directeur des affaires publiques du groupe Suez, selon des informations de La Lettre, confirm\u00e9es \u00e9galement par le m\u00e9dia Contexte. Ancien sous-pr\u00e9fet, Laurent Naves est pass\u00e9 par les cabinets de Gabriel Attal au porte-parolat du gouvernement et de Jean-Yves Le Drian au minist\u00e8re des Affaires \u00e9trang\u00e8res. Il a surtout \u00e9t\u00e9 le chef de cabinet d&rsquo;Agn\u00e8s Pannier-Runacher lorsqu&rsquo;elle \u00e9tait ministre de la Transition \u00e9cologique. <br class=\"autobr\" \/><br \/>\nSuez, multinationale fran\u00e7aise sp\u00e9cialis\u00e9e dans\u00a0(\u2026)<\/p>\n<p>                    <a target=\"_blank\" href=\"https:\/\/reporterre.net\/L-ancien-chef-de-cabinet-d-Agnes-Pannier-Runacher-devient-lobbyiste-pour-Suez?utm_source=RSS&amp;utm_medium=RSS\">Lire la suite<\/a><\/p>\n<p>                    &#8211;<br \/>\n                        <a target=\"_blank\" href=\"https:\/\/reporterre.net\/Breves-20\" rel=\"directory\">En bref<\/a><\/p>\n<p>                    \/<br \/>\n                        <a target=\"_blank\" href=\"https:\/\/reporterre.net\/Politique\" rel=\"tag\">Politique<\/a><br \/>\n<br \/><br \/>\n<br \/><a href=\"https:\/\/reporterre.net\/L-ancien-chef-de-cabinet-d-Agnes-Pannier-Runacher-devient-lobbyiste-pour-Suez\" target=\"_blank\"\">Source link <\/a><\/p>\n","protected":false},"excerpt":{"rendered":"<p>Laurent Naves a \u00e9t\u00e9 nomm\u00e9 directeur des affaires publiques du groupe Suez, selon des informations de La Lettre, confirm\u00e9es \u00e9galement par le m\u00e9dia Contexte. Ancien sous-pr\u00e9fet, Laurent Naves est pass\u00e9&hellip; <\/p>\n","protected":false},"author":1,"featured_media":0,"comment_status":"open","ping_status":"open","sticky":false,"template":"","format":"standard","meta":{"footnotes":""},"categories":[1],"tags":[],"class_list":["post-22817","post","type-post","status-publish","format-standard","hentry","category-non-classe"],"_links":{"self":[{"href":"https:\/\/monde25.info\/index.php\/wp-json\/wp\/v2\/posts\/22817","targetHints":{"allow":["GET"]}}],"collection":[{"href":"https:\/\/monde25.info\/index.php\/wp-json\/wp\/v2\/posts"}],"about":[{"href":"https:\/\/monde25.info\/index.php\/wp-json\/wp\/v2\/types\/post"}],"author":[{"embeddable":true,"href":"https:\/\/monde25.info\/index.php\/wp-json\/wp\/v2\/users\/1"}],"replies":[{"embeddable":true,"href":"https:\/\/monde25.info\/index.php\/wp-json\/wp\/v2\/comments?post=22817"}],"version-history":[{"count":0,"href":"https:\/\/monde25.info\/index.php\/wp-json\/wp\/v2\/posts\/22817\/revisions"}],"wp:attachment":[{"href":"https:\/\/monde25.info\/index.php\/wp-json\/wp\/v2\/media?parent=22817"}],"wp:term":[{"taxonomy":"category","embeddable":true,"href":"https:\/\/monde25.info\/index.php\/wp-json\/wp\/v2\/categories?post=22817"},{"taxonomy":"post_tag","embeddable":true,"href":"https:\/\/monde25.info\/index.php\/wp-json\/wp\/v2\/tags?post=22817"}],"curies":[{"name":"wp","href":"https:\/\/api.w.org\/{rel}","templated":true}]}}