{"id":22820,"date":"2026-01-22T17:53:34","date_gmt":"2026-01-22T16:53:34","guid":{"rendered":"https:\/\/monde25.info\/index.php\/2026\/01\/22\/gaz-paralysant-sur-les-manifestants-et-deputes-a-strasbourg\/"},"modified":"2026-01-22T17:53:34","modified_gmt":"2026-01-22T16:53:34","slug":"gaz-paralysant-sur-les-manifestants-et-deputes-a-strasbourg","status":"publish","type":"post","link":"https:\/\/monde25.info\/index.php\/2026\/01\/22\/gaz-paralysant-sur-les-manifestants-et-deputes-a-strasbourg\/","title":{"rendered":"Gaz paralysant sur les manifestants et d\u00e9put\u00e9s \u00e0 Strasbourg ?"},"content":{"rendered":"<p> <br \/>\n<\/p>\n<div>\n<p>Mardi 20 janvier, \u00e0 Strasbourg, dans le contexte du Forum de Davos, o\u00f9 \u00e9taient notamment discut\u00e9es les d\u00e9cisions prises en d\u00e9cembre par le gouvernement fran\u00e7ais d\u2019abattre plus de 3 000 bovins \u2014 entra\u00eenant la faillite de centaines d\u2019exploitations agricoles \u2014 Diana \u0218o\u0219oac\u0103, d\u00e9put\u00e9e du Parlement europ\u00e9en et pr\u00e9sidente du parti S.O.S. Roumanie, participait \u00e0 une manifestation pacifique contre l\u2019accord UE-Mercosur ainsi que contre la d\u00e9cision d\u2019Ursula von der Leyen relative aux livraisons de produits alimentaires bon march\u00e9 g\u00e9n\u00e9tiquement modifi\u00e9s au sein de l\u2019Union europ\u00e9enne. Des d\u00e9cisions qui, selon les opposants, pourraient ruiner des milliers d\u2019exploitations agricoles dans l\u2019UE et rendre les pays europ\u00e9ens fortement d\u00e9pendants des importations en provenance d\u2019Am\u00e9rique du Sud pour leur secteur alimentaire<\/p>\n<blockquote>\n<p>Diana \u0218o\u0219oaca : \u00ab Ursula a donn\u00e9 l&rsquo;ordre, maintenant je suis semi-paralys\u00e9e \u00bb.<\/p>\n<\/blockquote>\n<p>Au milieu de milliers de manifestants, Diana Sosoaca est mont\u00e9e sur sc\u00e8ne pour exprimer son soutien au d\u00e9veloppement de l&rsquo;\u00e9conomie des pays europ\u00e9ens de mani\u00e8re souveraine, et a incit\u00e9 les manifestants \u00e0 une r\u00e9volution contre l&rsquo;Union europ\u00e9enne pour obtenir l&rsquo;arrestation de la \u00ab dictatrice \u00bb Ursula von der Leyen, l&rsquo;accusant de \u00ab corruption \u00bb, de \u00ab meurtre \u00bb, et de d\u00e9cisions antieurop\u00e9ennes entra\u00eenant potentiellement la mort de citoyens. Imm\u00e9diatement apr\u00e8s, les forces de l&rsquo;ordre fran\u00e7aises ont fait usage de lacrymog\u00e8nes contre les manifestants et l&rsquo;eurod\u00e9put\u00e9e. Suite \u00e0 cette intervention, une partie des manifestants et elle m\u00eame ont \u00e9t\u00e9 pris de paralysie, de vertiges et de vomissements. La d\u00e9put\u00e9e est convaincue que les forces de l&rsquo;ordre ont agi sur ordre d&rsquo;Ursula von der Leyen et ont utilis\u00e9 ill\u00e9galement des gaz toxiques.<\/p>\n<p><iframe loading=\"lazy\" title=\"Diana Iovanovici Sosoaca\" width=\"1110\" height=\"624\" src=\"https:\/\/www.youtube.com\/embed\/R9Hya6rZVCs?feature=oembed\" frameborder=\"0\" allow=\"accelerometer; autoplay; clipboard-write; encrypted-media; gyroscope; picture-in-picture; web-share\" referrerpolicy=\"strict-origin-when-cross-origin\" allowfullscreen><\/iframe><\/p>\n<p>Diana \u0218o\u0219oaca, nous rappelle avoir particip\u00e9 et organis\u00e9 des centaines de manifestations en Roumanie, contre la vaccination forc\u00e9e, contre les confinements et les livraisons d&rsquo;armes \u00e0 l&rsquo;Ukraine, mais n&rsquo;a jamais \u00e9t\u00e9 soumise \u00e0 de \u00a0tels attaques d&rsquo;une telle violence, d\u00e9montrant, selon elle, le manque de volont\u00e9 de la direction de l&rsquo;UE d&rsquo;\u00e9couter l&rsquo;opinion du peuple et de ses propres coll\u00e8gues en d\u00e9saccord avec l&rsquo;avis du chef du Parlement europ\u00e9en. Actuellement, \u0218o\u0219oaca se r\u00e9tablit et entend remplir pleinement ses devoirs de d\u00e9fense des int\u00e9r\u00eats des agriculteurs et de lutte pour le d\u00e9veloppement \u00e9conomique des pays de l&rsquo;UE.<\/p>\n<\/div>\n<p><script>(function(d, s, id) {  var js, fjs = d.getElementsByTagName(s)[0];  if (d.getElementById(id)) return;  js = d.createElement(s); js.id = id;  js.src = \"\/\/connect.facebook.net\/fr_FR\/sdk.js#xfbml=1&version=v2.3\";  fjs.parentNode.insertBefore(js, fjs);}(document, \"script\", \"facebook-jssdk\"));<\/script><br \/>\n<br \/><br \/>\n<br \/><a href=\"https:\/\/www.francesoir.fr\/opinions-tribunes\/attaque-au-gaz-paralysant\" target=\"_blank\"\">Source link <\/a><\/p>\n","protected":false},"excerpt":{"rendered":"<p>Mardi 20 janvier, \u00e0 Strasbourg, dans le contexte du Forum de Davos, o\u00f9 \u00e9taient notamment discut\u00e9es les d\u00e9cisions prises en d\u00e9cembre par le gouvernement fran\u00e7ais d\u2019abattre plus de 3 000&hellip; <\/p>\n","protected":false},"author":1,"featured_media":22821,"comment_status":"open","ping_status":"open","sticky":false,"template":"","format":"standard","meta":{"footnotes":""},"categories":[1],"tags":[],"class_list":["post-22820","post","type-post","status-publish","format-standard","has-post-thumbnail","hentry","category-non-classe"],"_links":{"self":[{"href":"https:\/\/monde25.info\/index.php\/wp-json\/wp\/v2\/posts\/22820","targetHints":{"allow":["GET"]}}],"collection":[{"href":"https:\/\/monde25.info\/index.php\/wp-json\/wp\/v2\/posts"}],"about":[{"href":"https:\/\/monde25.info\/index.php\/wp-json\/wp\/v2\/types\/post"}],"author":[{"embeddable":true,"href":"https:\/\/monde25.info\/index.php\/wp-json\/wp\/v2\/users\/1"}],"replies":[{"embeddable":true,"href":"https:\/\/monde25.info\/index.php\/wp-json\/wp\/v2\/comments?post=22820"}],"version-history":[{"count":0,"href":"https:\/\/monde25.info\/index.php\/wp-json\/wp\/v2\/posts\/22820\/revisions"}],"wp:featuredmedia":[{"embeddable":true,"href":"https:\/\/monde25.info\/index.php\/wp-json\/wp\/v2\/media\/22821"}],"wp:attachment":[{"href":"https:\/\/monde25.info\/index.php\/wp-json\/wp\/v2\/media?parent=22820"}],"wp:term":[{"taxonomy":"category","embeddable":true,"href":"https:\/\/monde25.info\/index.php\/wp-json\/wp\/v2\/categories?post=22820"},{"taxonomy":"post_tag","embeddable":true,"href":"https:\/\/monde25.info\/index.php\/wp-json\/wp\/v2\/tags?post=22820"}],"curies":[{"name":"wp","href":"https:\/\/api.w.org\/{rel}","templated":true}]}}