{"id":22834,"date":"2026-01-22T23:56:40","date_gmt":"2026-01-22T22:56:40","guid":{"rendered":"https:\/\/monde25.info\/index.php\/2026\/01\/22\/a-rennes-associations-et-elus-locaux-selevent-contre-le-moratoire-sur-leau\/"},"modified":"2026-01-22T23:56:40","modified_gmt":"2026-01-22T22:56:40","slug":"a-rennes-associations-et-elus-locaux-selevent-contre-le-moratoire-sur-leau","status":"publish","type":"post","link":"https:\/\/monde25.info\/index.php\/2026\/01\/22\/a-rennes-associations-et-elus-locaux-selevent-contre-le-moratoire-sur-leau\/","title":{"rendered":"\u00c0 Rennes, associations et \u00e9lus locaux s&#039;\u00e9l\u00e8vent contre le moratoire sur l&#039;eau"},"content":{"rendered":"<p> <br \/>\n<br \/><img loading=\"lazy\" decoding=\"async\" src=\"https:\/\/reporterre.net\/local\/cache-vignettes\/L700xH467\/dsc_0188-a9312.jpg?1769097599\" class=\"spip_logo\" width=\"700\" height=\"467\" alt=\"\" \/><\/p>\n<p>Les opposants au moratoire sur l&rsquo;eau \u2014 d\u00e9cid\u00e9 par l&rsquo;\u00c9tat sous pression des syndicats agricoles pro-pesticides \u2014 ont profit\u00e9 d&rsquo;un grand salon d\u00e9di\u00e9 \u00e0 la gestion de cette ressource, \u00e0 Rennes, pour exprimer leur col\u00e8re. <br class=\"autobr\" \/><br \/>\nRennes (Ille-et-Vilaine), reportage <br class=\"autobr\" \/><br \/>\nIl pleut des cordes pour l&rsquo;ouverture du 27<sup class=\"typo_exposants\">e<\/sup> Carrefour des gestions locales de l&rsquo;eau (<span class=\"caps\">CGLE<\/span>), le 21\u00a0janvier, \u00e0 Rennes. Sur le parking du Parc expo, o\u00f9 a lieu l&rsquo;\u00e9v\u00e9nement, un nombre impressionnant de voitures de luxe laisse pr\u00e9sager de\u00a0(\u2026)<\/p>\n<p>                    <a target=\"_blank\" href=\"https:\/\/reporterre.net\/A-Rennes-associations-et-elus-locaux-s-elevent-contre-le-moratoire-sur-l-eau?utm_source=RSS&amp;utm_medium=RSS\">Lire la suite<\/a><\/p>\n<p>                    &#8211;<br \/>\n                        <a target=\"_blank\" href=\"https:\/\/reporterre.net\/Reportage\" rel=\"directory\">Reportage<\/a><\/p>\n<p>                    \/<br \/>\n                        <a target=\"_blank\" href=\"https:\/\/reporterre.net\/Pesticides\" rel=\"tag\">Pesticides<\/a><br \/>\n                    ,<br \/>\n                        <a target=\"_blank\" href=\"https:\/\/reporterre.net\/Eau-rivieres-oceans\" rel=\"tag\">Eau et rivi\u00e8res<\/a><br \/>\n<br \/><br \/>\n<br \/><a href=\"https:\/\/reporterre.net\/A-Rennes-associations-et-elus-locaux-s-elevent-contre-le-moratoire-sur-l-eau\" target=\"_blank\"\">Source link <\/a><\/p>\n","protected":false},"excerpt":{"rendered":"<p>Les opposants au moratoire sur l&rsquo;eau \u2014 d\u00e9cid\u00e9 par l&rsquo;\u00c9tat sous pression des syndicats agricoles pro-pesticides \u2014 ont profit\u00e9 d&rsquo;un grand salon d\u00e9di\u00e9 \u00e0 la gestion de cette ressource, \u00e0&hellip; <\/p>\n","protected":false},"author":1,"featured_media":0,"comment_status":"open","ping_status":"open","sticky":false,"template":"","format":"standard","meta":{"footnotes":""},"categories":[1],"tags":[],"class_list":["post-22834","post","type-post","status-publish","format-standard","hentry","category-non-classe"],"_links":{"self":[{"href":"https:\/\/monde25.info\/index.php\/wp-json\/wp\/v2\/posts\/22834","targetHints":{"allow":["GET"]}}],"collection":[{"href":"https:\/\/monde25.info\/index.php\/wp-json\/wp\/v2\/posts"}],"about":[{"href":"https:\/\/monde25.info\/index.php\/wp-json\/wp\/v2\/types\/post"}],"author":[{"embeddable":true,"href":"https:\/\/monde25.info\/index.php\/wp-json\/wp\/v2\/users\/1"}],"replies":[{"embeddable":true,"href":"https:\/\/monde25.info\/index.php\/wp-json\/wp\/v2\/comments?post=22834"}],"version-history":[{"count":0,"href":"https:\/\/monde25.info\/index.php\/wp-json\/wp\/v2\/posts\/22834\/revisions"}],"wp:attachment":[{"href":"https:\/\/monde25.info\/index.php\/wp-json\/wp\/v2\/media?parent=22834"}],"wp:term":[{"taxonomy":"category","embeddable":true,"href":"https:\/\/monde25.info\/index.php\/wp-json\/wp\/v2\/categories?post=22834"},{"taxonomy":"post_tag","embeddable":true,"href":"https:\/\/monde25.info\/index.php\/wp-json\/wp\/v2\/tags?post=22834"}],"curies":[{"name":"wp","href":"https:\/\/api.w.org\/{rel}","templated":true}]}}