{"id":22835,"date":"2026-01-23T00:29:36","date_gmt":"2026-01-22T23:29:36","guid":{"rendered":"https:\/\/monde25.info\/index.php\/2026\/01\/23\/selon-liran-de-nombreuses-personnes-ont-ete-tuees-par-daeh-durant-les-manifestations-par-seyed-abbas-araghchi\/"},"modified":"2026-01-23T00:29:36","modified_gmt":"2026-01-22T23:29:36","slug":"selon-liran-de-nombreuses-personnes-ont-ete-tuees-par-daeh-durant-les-manifestations-par-seyed-abbas-araghchi","status":"publish","type":"post","link":"https:\/\/monde25.info\/index.php\/2026\/01\/23\/selon-liran-de-nombreuses-personnes-ont-ete-tuees-par-daeh-durant-les-manifestations-par-seyed-abbas-araghchi\/","title":{"rendered":"Selon l&rsquo;Iran, de nombreuses personnes ont \u00e9t\u00e9 tu\u00e9es par Daeh durant les manifestations, par Seyed Abbas Araghchi"},"content":{"rendered":"<p> <br \/>\n<\/p>\n<div id=\"article-text\">\n<div class=\"article-text-images crayon article-texte-223549 \">\n<div class=\"spip_document_251669 spip_document spip_documents spip_document_image spip_documents_center spip_document_center\">\n<figure class=\"spip_doc_inner\">\n<a target=\"_blank\" href=\"https:\/\/www.voltairenet.org\/IMG\/jpg\/400_-_1-415.jpg\" class=\"spip_doc_lien mediabox\" type=\"image\/jpeg\"><br \/>\n<img loading=\"lazy\" decoding=\"async\" src=\"https:\/\/www.voltairenet.org\/local\/cache-vignettes\/L800xH600\/400_-_1-415-1f63d.jpg?1769095388\" width=\"800\" height=\"600\" alt=\"\"\/><\/a><br \/>\n<\/figure>\n<\/div>\n<p>Je vous \u00e9cris pour appeler votre attention sur les actes de terrorisme et de violence dignes de ceux perp\u00e9tr\u00e9s par Daech dont ont \u00e9t\u00e9 victimes les citoyens de la R\u00e9publique islamique d\u2019Iran du 8 au 10 janvier 2026 dans tout le pays. Des manifestations pacifiques parties de revendications \u00e9conomiques qui ont commenc\u00e9 le 28 d\u00e9cembre 2025 ont \u00e9t\u00e9 sabot\u00e9es par des \u00e9l\u00e9ments terroristes qui les ont transform\u00e9es en \u00e9meutes arm\u00e9es. La succession des cas de d\u00e9capitation, de personnes br\u00fbl\u00e9es vives, de policiers et de citoyens ordinaires battus \u00e0 mort, d\u2019utilisation g\u00e9n\u00e9ralis\u00e9e d\u2019armes \u00e0 feu, ainsi que d\u2019incendie criminel d\u2019un nombre important d\u2019ambulances, de camions de pompiers, de centres de sant\u00e9, d\u2019habitations, de lieux de culte et de places publiques indique que nous sommes en pr\u00e9sence d\u2019une instrumentalisation de manifestations pacifiques ant\u00e9rieures par des acteurs terroristes bien entra\u00een\u00e9s. Un grand nombre de policiers ont perdu la vie au cours de ces \u00e9v\u00e9nements, tandis que beaucoup d\u2019autres ont \u00e9t\u00e9 bless\u00e9s. Le nombre \u00e9lev\u00e9 de victimes t\u00e9moigne, d\u2019une part, de toute la retenue dont ont fait preuve les forces de l\u2019ordre et, d\u2019autre part, de l\u2019ampleur de la violence exerc\u00e9e contre elles par ces \u00e9l\u00e9ments terroristes.<\/p>\n<p>\tJe tiens \u00e9galement \u00e0 exprimer ma profonde pr\u00e9occupation face aux d\u00e9clarations irresponsables et provocatrices tenues par des responsables des \u00c9tats-Unis, anciens ou actuels, qui incitent directement \u00e0 la violence et au terrorisme en Iran. Ces d\u00e9clarations, ainsi que les menaces r\u00e9p\u00e9t\u00e9es d\u2019emploi de la force, qui s\u2019inscrivent dans une logique de m\u00e9pris total du droit international, constituent une violation flagrante des principes du droit international et des dispositions de la Charte des Nations Unies qui interdisent d\u2019inciter \u00e0 la terreur, d\u2019encourager la violence ou de s\u2019immiscer dans les affaires int\u00e9rieures d\u2019\u00c9tats souverains. Le fait que l\u2019ancien Secr\u00e9taire d\u2019\u00c9tat des \u00c9tats-Unis a ouvertement reconnu la pr\u00e9sence d\u2019agents du Mossad du r\u00e9gime isra\u00e9lien, parmi les \u00e9meutiers est particuli\u00e8rement pr\u00e9occupant. L\u2019instrumentalisation scandaleuse de manifestations pacifiques \u00e0 des fins politiques et la mise en danger de la vie de citoyens ordinaires par les responsables des \u00c9tats-Unis cadrent parfaitement avec le r\u00f4le que les sanctions unilat\u00e9rales impos\u00e9es ill\u00e9galement par ce pays contre le droit des Iraniens \u00e0 la vie et au d\u00e9veloppement ont jou\u00e9 dans l\u2019av\u00e8nement de la situation actuelle. Les d\u00e9clarations mensong\u00e8res de ces m\u00eames responsables des \u00c9tats-Unis qui pr\u00e9tendent soutenir les droits humains des Iraniens sont donc tout simplement honteuses. Les rassemblements de masse qui ont \u00e9t\u00e9 tenus sur toute l\u2019\u00e9tendue du territoire iranien le lundi 12 janvier 2026 pour s\u2019opposer aux interventions \u00e9trang\u00e8res n\u2019auraient d\u00fb laisser aucun doute quant \u00e0 la d\u00e9termination de la grande majorit\u00e9 des Iraniens \u00e0 soutenir l\u2019unit\u00e9 nationale et le respect de l\u2019ordre public.<\/p>\n<p>\tJe tiens \u00e9galement \u00e0 souligner que le Gouvernement de la R\u00e9publique islamique d\u2019Iran, conscient de ses engagements en mati\u00e8re de droits humains, y compris le droit de manifester pacifiquement, a pris toutes les mesures possibles pour faire preuve de la plus grande retenue face \u00e0 la violence et aux actes de terrorisme, tout en s\u2019acquittant des obligations qui lui incombent naturellement de prot\u00e9ger la population iranienne et de maintenir l\u2019ordre public et la s\u00e9curit\u00e9 nationale.<\/p>\n<p>\tJe profite de cette occasion pour demander que soient condamn\u00e9s et rejet\u00e9s sans \u00e9quivoque tous les actes de terrorisme commis pendant les \u00e9meutes, quelles qu\u2019en soient les motivations, ainsi que les interventions et incitations ext\u00e9rieures dirig\u00e9es contre la souverainet\u00e9, l\u2019int\u00e9grit\u00e9 territoriale et les int\u00e9r\u00eats nationaux vitaux du Gouvernement et du peuple iraniens.<\/p>\n<\/div>\n<aside>\n<\/aside>\n<div class=\"follow\" id=\"social\">\n<h4>Restez en contact<\/h4>\n<div class=\"follow-left\">\n<h5>Suivez-nous sur les r\u00e9seaux sociaux<\/h5>\n<p><a target=\"_blank\" href=\"https:\/\/www.facebook.com\/R%C3%A9seau-Voltaire-en-fran%C3%A7ais-106616878523973\" title=\"\" target=\"_blank\"><img decoding=\"async\" src=\"https:\/\/www.voltairenet.org\/squelettes\/images\/follow-fb.png\" alt=\"\"\/><\/a><br \/>\n<a target=\"_blank\" href=\"https:\/\/t.me\/reseauvoltaire\" title=\"\" target=\"_blank\"><img decoding=\"async\" src=\"https:\/\/www.voltairenet.org\/squelettes\/images\/follow-tg.png\" alt=\"\"\/><\/a><br \/>\n<a target=\"_blank\" href=\"https:\/\/twitter.com\/voltairenetFr\" title=\"\" target=\"_blank\"><img decoding=\"async\" src=\"https:\/\/www.voltairenet.org\/squelettes\/images\/follow-tw.png\" alt=\"\"\/><\/a>\n<\/div>\n<p><h5>Subscribe to weekly newsletter<\/h5>\n<\/p>\n<\/div>\n<p><!--\n\n<div><\/div>\n\n--><\/p>\n<\/div>\n<p><script async src=\"\/\/platform.twitter.com\/widgets.js\" charset=\"utf-8\"><\/script><br \/>\n<br \/><br \/>\n<br \/><a href=\"https:\/\/www.voltairenet.org\/article223549.html\" target=\"_blank\"\">Source link <\/a><\/p>\n","protected":false},"excerpt":{"rendered":"<p>Je vous \u00e9cris pour appeler votre attention sur les actes de terrorisme et de violence dignes de ceux perp\u00e9tr\u00e9s par Daech dont ont \u00e9t\u00e9 victimes les citoyens de la R\u00e9publique&hellip; <\/p>\n","protected":false},"author":1,"featured_media":22836,"comment_status":"open","ping_status":"open","sticky":false,"template":"","format":"standard","meta":{"footnotes":""},"categories":[1],"tags":[],"class_list":["post-22835","post","type-post","status-publish","format-standard","has-post-thumbnail","hentry","category-non-classe"],"_links":{"self":[{"href":"https:\/\/monde25.info\/index.php\/wp-json\/wp\/v2\/posts\/22835","targetHints":{"allow":["GET"]}}],"collection":[{"href":"https:\/\/monde25.info\/index.php\/wp-json\/wp\/v2\/posts"}],"about":[{"href":"https:\/\/monde25.info\/index.php\/wp-json\/wp\/v2\/types\/post"}],"author":[{"embeddable":true,"href":"https:\/\/monde25.info\/index.php\/wp-json\/wp\/v2\/users\/1"}],"replies":[{"embeddable":true,"href":"https:\/\/monde25.info\/index.php\/wp-json\/wp\/v2\/comments?post=22835"}],"version-history":[{"count":0,"href":"https:\/\/monde25.info\/index.php\/wp-json\/wp\/v2\/posts\/22835\/revisions"}],"wp:featuredmedia":[{"embeddable":true,"href":"https:\/\/monde25.info\/index.php\/wp-json\/wp\/v2\/media\/22836"}],"wp:attachment":[{"href":"https:\/\/monde25.info\/index.php\/wp-json\/wp\/v2\/media?parent=22835"}],"wp:term":[{"taxonomy":"category","embeddable":true,"href":"https:\/\/monde25.info\/index.php\/wp-json\/wp\/v2\/categories?post=22835"},{"taxonomy":"post_tag","embeddable":true,"href":"https:\/\/monde25.info\/index.php\/wp-json\/wp\/v2\/tags?post=22835"}],"curies":[{"name":"wp","href":"https:\/\/api.w.org\/{rel}","templated":true}]}}