{"id":22837,"date":"2026-01-23T01:02:36","date_gmt":"2026-01-23T00:02:36","guid":{"rendered":"https:\/\/monde25.info\/index.php\/2026\/01\/23\/le-gouvernement-a-decide-de-tout-demanteler-le-monde-du-velo-sonne-par-les-coupes-budgetaires\/"},"modified":"2026-01-23T01:02:36","modified_gmt":"2026-01-23T00:02:36","slug":"le-gouvernement-a-decide-de-tout-demanteler-le-monde-du-velo-sonne-par-les-coupes-budgetaires","status":"publish","type":"post","link":"https:\/\/monde25.info\/index.php\/2026\/01\/23\/le-gouvernement-a-decide-de-tout-demanteler-le-monde-du-velo-sonne-par-les-coupes-budgetaires\/","title":{"rendered":"\u00ab\u00a0Le gouvernement a d\u00e9cid\u00e9 de tout d\u00e9manteler\u00a0\u00bb\u00a0: le monde du v\u00e9lo sonn\u00e9 par les coupes budg\u00e9taires"},"content":{"rendered":"<p> <br \/>\n<br \/><img loading=\"lazy\" decoding=\"async\" src=\"https:\/\/reporterre.net\/local\/cache-vignettes\/L700xH467\/whenimridingbikes-fdfdd.jpg?1769090265\" class=\"spip_logo\" width=\"700\" height=\"467\" alt=\"\" \/><\/p>\n<p>L&rsquo;effondrement du budget du \u00ab<small class=\"fine d-inline\">\u00a0<\/small>plan v\u00e9lo<small class=\"fine d-inline\">\u00a0<\/small>\u00bb met un brutal coup d&rsquo;arr\u00eat \u00e0 une dynamique pourtant encourageante. Les petites villes risquent d&rsquo;\u00eatre les plus lourdement touch\u00e9es. <br class=\"autobr\" \/> \u00ab<small class=\"fine d-inline\">\u00a0<\/small>Nous sommes dans une phase de r\u00e9gression totale sur tous les sujets v\u00e9lo. Le gouvernement a d\u00e9cid\u00e9 de tout d\u00e9manteler<small class=\"fine d-inline\">\u00a0<\/small>\u00bb, s&rsquo;alarme C\u00e9line Scornavacca, copr\u00e9sidente de la F\u00e9d\u00e9ration des usagers de la bicyclette (<span class=\"caps\">FUB<\/span>). La structure repr\u00e9sente un r\u00e9seau de 550\u00a0associations locales d\u00e9di\u00e9es \u00e0 la promotion du v\u00e9lo,\u00a0(\u2026)<\/p>\n<p>                    <a target=\"_blank\" href=\"https:\/\/reporterre.net\/Le-gouvernement-a-decide-de-tout-demanteler-le-monde-du-velo-sonne-par-les-coupes?utm_source=RSS&amp;utm_medium=RSS\">Lire la suite<\/a><\/p>\n<p>                    &#8211;<br \/>\n                        <a target=\"_blank\" href=\"https:\/\/reporterre.net\/Autres-infos\" rel=\"directory\">Info<\/a><\/p>\n<p>                    \/<br \/>\n                        <a target=\"_blank\" href=\"https:\/\/reporterre.net\/Economie\" rel=\"tag\">\u00c9conomie<\/a><br \/>\n                    ,<br \/>\n                        <a target=\"_blank\" href=\"https:\/\/reporterre.net\/Transports\" rel=\"tag\">Transports<\/a><br \/>\n<br \/><br \/>\n<br \/><a href=\"https:\/\/reporterre.net\/Le-gouvernement-a-decide-de-tout-demanteler-le-monde-du-velo-sonne-par-les-coupes\" target=\"_blank\"\">Source link <\/a><\/p>\n","protected":false},"excerpt":{"rendered":"<p>L&rsquo;effondrement du budget du \u00ab\u00a0plan v\u00e9lo\u00a0\u00bb met un brutal coup d&rsquo;arr\u00eat \u00e0 une dynamique pourtant encourageante. Les petites villes risquent d&rsquo;\u00eatre les plus lourdement touch\u00e9es. \u00ab\u00a0Nous sommes dans une phase&hellip; <\/p>\n","protected":false},"author":1,"featured_media":0,"comment_status":"open","ping_status":"open","sticky":false,"template":"","format":"standard","meta":{"footnotes":""},"categories":[1],"tags":[],"class_list":["post-22837","post","type-post","status-publish","format-standard","hentry","category-non-classe"],"_links":{"self":[{"href":"https:\/\/monde25.info\/index.php\/wp-json\/wp\/v2\/posts\/22837","targetHints":{"allow":["GET"]}}],"collection":[{"href":"https:\/\/monde25.info\/index.php\/wp-json\/wp\/v2\/posts"}],"about":[{"href":"https:\/\/monde25.info\/index.php\/wp-json\/wp\/v2\/types\/post"}],"author":[{"embeddable":true,"href":"https:\/\/monde25.info\/index.php\/wp-json\/wp\/v2\/users\/1"}],"replies":[{"embeddable":true,"href":"https:\/\/monde25.info\/index.php\/wp-json\/wp\/v2\/comments?post=22837"}],"version-history":[{"count":0,"href":"https:\/\/monde25.info\/index.php\/wp-json\/wp\/v2\/posts\/22837\/revisions"}],"wp:attachment":[{"href":"https:\/\/monde25.info\/index.php\/wp-json\/wp\/v2\/media?parent=22837"}],"wp:term":[{"taxonomy":"category","embeddable":true,"href":"https:\/\/monde25.info\/index.php\/wp-json\/wp\/v2\/categories?post=22837"},{"taxonomy":"post_tag","embeddable":true,"href":"https:\/\/monde25.info\/index.php\/wp-json\/wp\/v2\/tags?post=22837"}],"curies":[{"name":"wp","href":"https:\/\/api.w.org\/{rel}","templated":true}]}}