{"id":22840,"date":"2026-01-23T02:08:40","date_gmt":"2026-01-23T01:08:40","guid":{"rendered":"https:\/\/monde25.info\/index.php\/2026\/01\/23\/accord-ue-mercosur-le-parlement-europeen-defie-la-commission-et-lallemagne\/"},"modified":"2026-01-23T02:08:40","modified_gmt":"2026-01-23T01:08:40","slug":"accord-ue-mercosur-le-parlement-europeen-defie-la-commission-et-lallemagne","status":"publish","type":"post","link":"https:\/\/monde25.info\/index.php\/2026\/01\/23\/accord-ue-mercosur-le-parlement-europeen-defie-la-commission-et-lallemagne\/","title":{"rendered":"Accord UE-Mercosur : le Parlement europ\u00e9en d\u00e9fie la Commission et l\u2019Allemagne"},"content":{"rendered":"<p> <br \/>\n<\/p>\n<div>\n<p>Le Parlement europ\u00e9en reprend la main. Les eurod\u00e9put\u00e9s ont majoritairement vot\u00e9 en faveur de la saisine de la Cour de Justice de l\u2019Union Europ\u00e9enne (CJUE) afin de v\u00e9rifier la l\u00e9galit\u00e9 de l\u2019accord entre l\u2019UE et le Mercosur. Un vote salu\u00e9 comme une victoire en France, notamment chez les parlementaires mais surtout les agriculteurs. La CE et Friedrich Merz ont exprim\u00e9 leur \u201cregret\u201d, tandis que la d\u00e9cision de l\u2019ex\u00e9cutif europ\u00e9en quant \u00e0 une mise en application provisoire reste scrut\u00e9e.<\/p>\n<p>Les 27 \u00c9tats membres de l&rsquo;UE ont adopt\u00e9 l&rsquo;accord UE-Mercosur le 9 janvier \u00e0 la majorit\u00e9 qualifi\u00e9e, malgr\u00e9 les votes contre de la France, de la Pologne, de la Hongrie et de l&rsquo;Irlande, sur fond de tensions internes dues au d\u00e9saccord fran\u00e7ais et externes marqu\u00e9es par des mobilisations massives d&rsquo;agriculteurs, notamment dans l\u2019Hexagone. La veille du vote, le pr\u00e9sident Emmanuel Macron a annonc\u00e9 que Paris \u201ca d\u00e9cid\u00e9 de voter contre la signature de l\u2019accord entre l\u2019Union europ\u00e9enne et le Mercosur\u201d, promettant de \u201ccontinuer de [se] battre pour prot\u00e9ger nos agriculteurs\u201d.<span class=\"Apple-converted-space\">\u00a0<\/span><\/p>\n<p><strong>Dix voix<\/strong><span class=\"Apple-converted-space\"><strong>\u00a0<\/strong><\/span><\/p>\n<p>Une semaine plus tard, la Commission europ\u00e9enne, repr\u00e9sent\u00e9e par sa pr\u00e9sidente Ursula von der Leyen, a sign\u00e9 l&rsquo;accord avec les pays du Mercosur \u00e0 Asunci\u00f3n, capitale du Paraguay. Mais ce n\u2019est pas \u201cla fin de l\u2019histoire\u201d comme l\u2019a d\u00e9clar\u00e9, quelques jours auparavant, Annie Genevard, ministre de l\u2019Agriculture. Une question restait toute fois sans r\u00e9ponse : est-ce que l\u2019accord entre en vigueur d\u00e8s sa signature ou pas.<span class=\"Apple-converted-space\">\u00a0<\/span><\/p>\n<p>De base, l&rsquo;accord se divise en deux parties : la partie commerciale int\u00e9rimaire (ITA), pr\u00e9vue pour entrer en vigueur provisoirement d\u00e8s adoption du Conseil \u00e0 majorit\u00e9 qualifi\u00e9e apr\u00e8s consentement du Parlement europ\u00e9en \u00e0 majorit\u00e9 simple, et la partie coop\u00e9ration\/politique n\u00e9cessitant ratification par le Parlement europ\u00e9en et tous les parlements nationaux des 27 \u00c9tats.<span class=\"Apple-converted-space\">\u00a0<\/span><\/p>\n<p>Mais \u00e0 la veille de l&rsquo;adoption, la pr\u00e9sidence chypriote du Conseil de l&rsquo;UE a retir\u00e9 une d\u00e9claration politique qui aurait conditionn\u00e9 l&rsquo;ITA au vote pr\u00e9alable du Parlement europ\u00e9en, sous pression de l&rsquo;Allemagne et de l&rsquo;Espagne. L&rsquo;UE avait initialement promis cette soumission, mais ce retrait permettait potentiellement \u00e0 l&rsquo;ITA d&rsquo;entrer en vigueur plus vite si au moins un des quatre pays Mercosur ratifie, sans attendre le consentement parlementaire explicite.<span class=\"Apple-converted-space\">\u00a0<\/span><\/p>\n<p>Annie Genevard, a confirm\u00e9 l\u2019information, confirmant que l\u2019accord pourrait entrer en \u201capplication provisoire imm\u00e9diate\u201d d\u00e8s sa signature, samedi prochain au Paraguay. \u201cC\u2019est le droit commun\u201d, a-t-elle pr\u00e9cis\u00e9. Et la d\u00e9marche de la pr\u00e9sidence chypriote a suscit\u00e9 l\u2019ire des eurod\u00e9put\u00e9s, qui ont d\u00e9nonc\u00e9 cette man\u0153uvre tout en promettant de voter une r\u00e9solution de saisine de la CJUE<span class=\"Apple-converted-space\">\u00a0 <\/span>pour avis pr\u00e9alable sur la l\u00e9galit\u00e9 de l\u2019ITA.<\/p>\n<p>Une volont\u00e9 similaire a \u00e9t\u00e9 exprim\u00e9e d\u00e8s <a target=\"_blank\" href=\"https:\/\/www.francesoir.fr\/politique-monde\/conformite-de-l-accord-ue-mercosur-avec-les-traites-europeens-des-eurodeputes\">le mois de novembre<\/a> par des eurod\u00e9put\u00e9s pour suspendre, temporairement, la proc\u00e9dure de ratification. Mais la pr\u00e9sidente du Parlement, Roberta Metsola, a bloqu\u00e9 cette initiative, arguant que les \u00c9tats membres n\u2019avaient pas encore adopt\u00e9 une position officielle. Une d\u00e9cision qui a suscit\u00e9 les critiques, interpr\u00e9t\u00e9e comme un soutien de la part de la Maltaise pour une adoption de l\u2019accord.<span class=\"Apple-converted-space\">\u00a0<\/span><\/p>\n<p>Mercredi, le Parlement europ\u00e9en a r\u00e9ussi cette fois-ci \u00e0 se prononcer, votant la saisine de la CJUE afin de v\u00e9rifier la l\u00e9galit\u00e9 de l\u2019accord entre l\u2019UE et le Mercosur. 334 voix \u00e9taient favorables contre 324 voix contre. En th\u00e9orie, ce r\u00e9sultat bloque l\u2019entr\u00e9e en vigueur de l\u2019accord commercial pendant plusieurs mois. Du moins, du point de vue politique.<span class=\"Apple-converted-space\">\u00a0<\/span><\/p>\n<p><strong>Des discussions pour \u201cles prochaines \u00e9tapes\u201d<\/strong><\/p>\n<p>\u00c0 se r\u00e9f\u00e9rer \u00e0 l\u2019article 216, paragraphe 5, du Trait\u00e9 sur le fonctionnement de l&rsquo;Union europ\u00e9enne, \u201cle Conseil, sur proposition du n\u00e9gociateur, adopte une d\u00e9cision autorisant la signature de l&rsquo;accord et, le cas \u00e9ch\u00e9ant, son application provisoire avant l&rsquo;entr\u00e9e en vigueur\u201d. Mais Bruxelles souligne que la question n\u2019est pas tranch\u00e9e.<span class=\"Apple-converted-space\">\u00a0<\/span><\/p>\n<p>Politiquement, une pareille d\u00e9cision pourrait exacerber les tensions entre les \u00c9tats membres. La CE entend \u00ab\u00a0engager un dialogue\u00a0\u00bb avec le Conseil et le Parlement<span class=\"Apple-converted-space\">\u00a0 <\/span>\u00ab\u00a0avant de d\u00e9cider des prochaines \u00e9tapes\u00a0\u00bb.<span class=\"Apple-converted-space\">\u00a0<\/span><\/p>\n<p>Le vote du Parlement a suscit\u00e9 des r\u00e9actions mitig\u00e9es. Parmi les \u00c9tats membres. C\u00f4t\u00e9 agriculteurs, notamment fran\u00e7ais, la nouvelle a \u00e9t\u00e9 accueillie avec soulagement et satisfaction. Jean-No\u00ebl Barrot, le chef de la diplomatie fran\u00e7aise, a rappel\u00e9 que \u201cle Parlement europ\u00e9en s\u2019est exprim\u00e9 en coh\u00e9rence avec la position de la France\u201d, qui \u201cassume de dire non quand il le faut, et souvent l\u2019Histoire lui donne raison\u201d. \u201cLe combat continue pour prot\u00e9ger notre agriculture et garantir notre souverainet\u00e9 alimentaire\u201d, a-t-il poursuivi.<\/p>\n<p>Le chancelier allemand, fervent soutien de l\u2019accord, a qualifi\u00e9 le vote de \u201cregrettable\u201d, car il \u201cm\u00e9conna\u00eet la situation g\u00e9opolitique\u00a0\u00bb. \u00ab\u00a0Convaincu de la l\u00e9galit\u00e9 de l&rsquo;accord\u201d, il a appel\u00e9 \u00e0 une \u201capplication \u00e0 titre provisoire\u00a0\u00bb. Son compatriote, Manfred Weber, pr\u00e9sident du PPE et proche soutien d\u2019Ursula von der Leyen, n\u2019a pas r\u00e9ussi \u00e0 inverser la tendance, lui qui qualifiait l\u2019accord de \u201canti-Trump\u201d. Le regret du chancelier allemand est partag\u00e9 par la CE. Les eurod\u00e9put\u00e9s<span class=\"Apple-converted-space\">\u00a0 <\/span>qui ont vot\u00e9 pour ont cri\u00e9 \u201cvictoire\u201d, estimant que leurs efforts \u201cportent leurs fruits\u201d.<span class=\"Apple-converted-space\">\u00a0<\/span><\/p>\n<p>\u00a0<\/p>\n<\/div>\n<p><script>(function(d, s, id) {  var js, fjs = d.getElementsByTagName(s)[0];  if (d.getElementById(id)) return;  js = d.createElement(s); js.id = id;  js.src = \"\/\/connect.facebook.net\/fr_FR\/sdk.js#xfbml=1&version=v2.3\";  fjs.parentNode.insertBefore(js, fjs);}(document, \"script\", \"facebook-jssdk\"));<\/script><br \/>\n<br \/><br \/>\n<br \/><a href=\"https:\/\/www.francesoir.fr\/politique-monde\/mercosur-le-parlement-europeen-vote-en-faveur-d-une-saisine-de-la-cjue-regret-de-la\" target=\"_blank\"\">Source link <\/a><\/p>\n","protected":false},"excerpt":{"rendered":"<p>Le Parlement europ\u00e9en reprend la main. Les eurod\u00e9put\u00e9s ont majoritairement vot\u00e9 en faveur de la saisine de la Cour de Justice de l\u2019Union Europ\u00e9enne (CJUE) afin de v\u00e9rifier la l\u00e9galit\u00e9&hellip; <\/p>\n","protected":false},"author":1,"featured_media":22841,"comment_status":"open","ping_status":"open","sticky":false,"template":"","format":"standard","meta":{"footnotes":""},"categories":[1],"tags":[],"class_list":["post-22840","post","type-post","status-publish","format-standard","has-post-thumbnail","hentry","category-non-classe"],"_links":{"self":[{"href":"https:\/\/monde25.info\/index.php\/wp-json\/wp\/v2\/posts\/22840","targetHints":{"allow":["GET"]}}],"collection":[{"href":"https:\/\/monde25.info\/index.php\/wp-json\/wp\/v2\/posts"}],"about":[{"href":"https:\/\/monde25.info\/index.php\/wp-json\/wp\/v2\/types\/post"}],"author":[{"embeddable":true,"href":"https:\/\/monde25.info\/index.php\/wp-json\/wp\/v2\/users\/1"}],"replies":[{"embeddable":true,"href":"https:\/\/monde25.info\/index.php\/wp-json\/wp\/v2\/comments?post=22840"}],"version-history":[{"count":0,"href":"https:\/\/monde25.info\/index.php\/wp-json\/wp\/v2\/posts\/22840\/revisions"}],"wp:featuredmedia":[{"embeddable":true,"href":"https:\/\/monde25.info\/index.php\/wp-json\/wp\/v2\/media\/22841"}],"wp:attachment":[{"href":"https:\/\/monde25.info\/index.php\/wp-json\/wp\/v2\/media?parent=22840"}],"wp:term":[{"taxonomy":"category","embeddable":true,"href":"https:\/\/monde25.info\/index.php\/wp-json\/wp\/v2\/categories?post=22840"},{"taxonomy":"post_tag","embeddable":true,"href":"https:\/\/monde25.info\/index.php\/wp-json\/wp\/v2\/tags?post=22840"}],"curies":[{"name":"wp","href":"https:\/\/api.w.org\/{rel}","templated":true}]}}