{"id":22842,"date":"2026-01-23T02:41:43","date_gmt":"2026-01-23T01:41:43","guid":{"rendered":"https:\/\/monde25.info\/index.php\/2026\/01\/23\/ladministration-se-dote-dun-bouclier-contre-la-cybercriminalite-rt-en-francais\/"},"modified":"2026-01-23T02:41:43","modified_gmt":"2026-01-23T01:41:43","slug":"ladministration-se-dote-dun-bouclier-contre-la-cybercriminalite-rt-en-francais","status":"publish","type":"post","link":"https:\/\/monde25.info\/index.php\/2026\/01\/23\/ladministration-se-dote-dun-bouclier-contre-la-cybercriminalite-rt-en-francais\/","title":{"rendered":"l&rsquo;administration se dote d\u2019un bouclier contre la cybercriminalit\u00e9 \u2014 RT en fran\u00e7ais"},"content":{"rendered":"<p> <br \/>\n<br \/><img decoding=\"async\" src=\"https:\/\/mf.b37mrtl.ru\/french\/images\/2026.01\/thumbnail\/6972597c87f3ec36a82e8b66.jpg\" \/><\/p>\n<div>\n<p class=\"text__summary\">\n                                        Face \u00e0 la menace des cyberattaques, l\u2019Alg\u00e9rie a \u00e9labor\u00e9 un d\u00e9cret instaurant le recours aux technologies de cybers\u00e9curit\u00e9 pour prot\u00e9ger les syst\u00e8mes informatiques, les administrations et tout autre organisme concern\u00e9\n                                    <\/p>\n<p>Dans le monde d\u00e9mat\u00e9rialis\u00e9 de l\u2019Internet, la menace demeure cependant potentiellement porteuse de graves menaces et pr\u00e9judices. C&rsquo;est dans ce cadre que le d\u00e9cret pr\u00e9sidentiel n\u1d52 26-07 du 7 janvier 2026, publi\u00e9 le 21 janvier au Journal officiel, a \u00e9t\u00e9 \u00e9labor\u00e9 pour combler cette faille s\u00e9curitaire. En cr\u00e9ant\u00a0une structure nationale charg\u00e9e de la s\u00e9curit\u00e9 des syst\u00e8mes d&rsquo;information et de la protection des donn\u00e9es, l&rsquo;\u00c9tat alg\u00e9rien a envisag\u00e9 un r\u00f4le central\u00a0pour cette entit\u00e9 dans l&rsquo;organisation et la coordination des politiques de cybers\u00e9curit\u00e9 au sein de l\u2019administration publique.<\/p>\n<p>\u00c0 un moment o\u00f9 l&rsquo;administration alg\u00e9rienne acc\u00e9l\u00e8re la d\u00e9mat\u00e9rialisation de ses services et \u00e9largit l&rsquo;usage des plateformes num\u00e9riques dans la gestion administrative et les relations avec les usagers, la nouvelle structure aura vocation \u00e0 intervenir dans l&rsquo;ensemble des institutions, administrations et organismes publics pour \u00e9laborer des normes de s\u00e9curit\u00e9, et pour assurer la pr\u00e9vention des cyberattaques, la protection des donn\u00e9es administratives et personnelle et le renforcement de la r\u00e9silience des syst\u00e8mes d&rsquo;information de l&rsquo;\u00c9tat.<\/p>\n<h2>La souverainet\u00e9 num\u00e9rique, un enjeu strat\u00e9gique<\/h2>\n<p>Les autorit\u00e9s alg\u00e9riennes poursuivent un double objectif : le renforcement de la protection des donn\u00e9es sensibles de l&rsquo;\u00c9tat, telles que les registres administratifs, les syst\u00e8mes financiers ou encore les plateformes num\u00e9riques, tout en limitant les risques de perturbation du service public sur fond de num\u00e9risation \u00e0 grande \u00e9chelle.<\/p>\n<p>Pour que le dispositif soit efficace, une mise en \u0153uvre concr\u00e8te de sa capacit\u00e9 \u00e0 mobiliser des comp\u00e9tences sp\u00e9cialis\u00e9es et \u00e0 s&rsquo;articuler avec les diff\u00e9rents minist\u00e8res et organismes publics concern\u00e9s sera n\u00e9cessaire. Pour les autorit\u00e9s, la question de l&rsquo;\u00e9quilibre entre exigences de s\u00e9curit\u00e9 et respect du cadre juridique relatif aux libert\u00e9s individuelles et \u00e0 la protection des donn\u00e9es restera un \u00e9l\u00e9ment central.<\/p>\n<p>En \u00e9laborant ce d\u00e9cret sur le bouclier contre la cybercriminalit\u00e9, les autorit\u00e9s alg\u00e9riennes inscrivent la cybers\u00e9curit\u00e9 parmi les dossiers strat\u00e9giques de l&rsquo;\u00c9tat, qui devra faire ses preuves pour en d\u00e9montrer l\u2019efficacit\u00e9 concr\u00e8te.<\/p>\n<\/div>\n<p><br \/>\n<br \/><a href=\"https:\/\/francais.rt.com\/afrique\/129698-algerie-administration-se-dote-bouclier-contre-cybercriminalite\" target=\"_blank\"\">Source link <\/a><\/p>\n","protected":false},"excerpt":{"rendered":"<p>Face \u00e0 la menace des cyberattaques, l\u2019Alg\u00e9rie a \u00e9labor\u00e9 un d\u00e9cret instaurant le recours aux technologies de cybers\u00e9curit\u00e9 pour prot\u00e9ger les syst\u00e8mes informatiques, les administrations et tout autre organisme concern\u00e9&hellip; <\/p>\n","protected":false},"author":1,"featured_media":22843,"comment_status":"open","ping_status":"open","sticky":false,"template":"","format":"standard","meta":{"footnotes":""},"categories":[1],"tags":[],"class_list":["post-22842","post","type-post","status-publish","format-standard","has-post-thumbnail","hentry","category-non-classe"],"_links":{"self":[{"href":"https:\/\/monde25.info\/index.php\/wp-json\/wp\/v2\/posts\/22842","targetHints":{"allow":["GET"]}}],"collection":[{"href":"https:\/\/monde25.info\/index.php\/wp-json\/wp\/v2\/posts"}],"about":[{"href":"https:\/\/monde25.info\/index.php\/wp-json\/wp\/v2\/types\/post"}],"author":[{"embeddable":true,"href":"https:\/\/monde25.info\/index.php\/wp-json\/wp\/v2\/users\/1"}],"replies":[{"embeddable":true,"href":"https:\/\/monde25.info\/index.php\/wp-json\/wp\/v2\/comments?post=22842"}],"version-history":[{"count":0,"href":"https:\/\/monde25.info\/index.php\/wp-json\/wp\/v2\/posts\/22842\/revisions"}],"wp:featuredmedia":[{"embeddable":true,"href":"https:\/\/monde25.info\/index.php\/wp-json\/wp\/v2\/media\/22843"}],"wp:attachment":[{"href":"https:\/\/monde25.info\/index.php\/wp-json\/wp\/v2\/media?parent=22842"}],"wp:term":[{"taxonomy":"category","embeddable":true,"href":"https:\/\/monde25.info\/index.php\/wp-json\/wp\/v2\/categories?post=22842"},{"taxonomy":"post_tag","embeddable":true,"href":"https:\/\/monde25.info\/index.php\/wp-json\/wp\/v2\/tags?post=22842"}],"curies":[{"name":"wp","href":"https:\/\/api.w.org\/{rel}","templated":true}]}}