{"id":22848,"date":"2026-01-23T06:32:38","date_gmt":"2026-01-23T05:32:38","guid":{"rendered":"https:\/\/monde25.info\/index.php\/2026\/01\/23\/carnet-de-voyage-une-communaute-suedoise-avant-gardiste\/"},"modified":"2026-01-23T06:32:38","modified_gmt":"2026-01-23T05:32:38","slug":"carnet-de-voyage-une-communaute-suedoise-avant-gardiste","status":"publish","type":"post","link":"https:\/\/monde25.info\/index.php\/2026\/01\/23\/carnet-de-voyage-une-communaute-suedoise-avant-gardiste\/","title":{"rendered":"Carnet de voyage : une communaut\u00e9 su\u00e9doise avant-gardiste"},"content":{"rendered":"<p> <br \/>\n<\/p>\n<div>\n<h4><strong>En 2019, <a target=\"_blank\" href=\"https:\/\/www.facebook.com\/CasaDesPapouilles\/\" target=\"_blank\" rel=\"noopener\">Framboise et Kiwi*,<\/a> deux journalistes \u00e9colos, traversent l\u2019Europe en auto-stop, de la Su\u00e8de \u00e0 l\u2019Espagne. Leur objectif : explorer des lieux autonomes et \u00e9coresponsables pour imaginer d\u2019autres fa\u00e7ons de vivre. De zones \u00e0 d\u00e9fendre (ZAD) en \u00e9covillages, ce voyage initiatique questionne le rapport au capitalisme, \u00e0 la libert\u00e9 et \u00e0 l\u2019habitat. Plusieurs ann\u00e9es plus tard, retour sur cette exp\u00e9rience et sur ce qu\u2019elle a chang\u00e9 dans leurs vies.<\/strong><span id=\"more-355031\"\/><\/h4>\n<p>Apr\u00e8s une intense semaine dans <a target=\"_blank\" href=\"https:\/\/mrmondialisation.org\/a-hambach-la-resistance-sorganise-au-coeur-dune-foret-millenaire\/\" target=\"_blank\" rel=\"noopener\">la for\u00eat de Hambach,<\/a> Framboise et moi reprenons la route pour ce qui sera notre plus long trajet de l\u2019\u00e9t\u00e9. Cap vers Gotland, une \u00eele su\u00e9doise au milieu de la mer Baltique ! Il nous aura finalement fallu <strong>4 journ\u00e9es d\u2019auto-stop pour parcourir les quelque 1500km<\/strong> qui s\u00e9parent <a target=\"_blank\" href=\"https:\/\/eco-villages.eu\/2018\/07\/27\/suderbyn-en-suede-une-mobilisation-dynamique-de-la-jeunesse-et-des-politiques\/\" target=\"_blank\" rel=\"noopener\">l\u2019\u00e9covillage de Suderbyn<\/a> de notre pr\u00e9c\u00e9dent lieu de vill\u00e9giature.<\/p>\n<p>Apr\u00e8s deux Zones \u00e0 d\u00e9fendre <strong>o\u00f9 la lutte politique pr\u00e9domine sur la qu\u00eate d\u2019autosuffisance,<\/strong> nous sommes heureux de d\u00e9couvrir le premier \u00e9covillage de notre aventure estivale. D\u2019autant plus que durant les recherches pr\u00e9alables \u00e0 notre d\u00e9part, Suderbyn nous a tout de suite s\u00e9duits.<\/p>\n<p>Depuis 2008 <strong>cette communaut\u00e9, qui oscille entre 15 et 30 membres en fonction des saisons, s\u2019\u00e9vertue \u00e0 r\u00e9duire son impact \u00e9cologique<\/strong> par toutes les mani\u00e8res possibles. \u00c9conomie circulaire, permaculture et z\u00e9ro-d\u00e9chet y sont bien s\u00fbr les mots d\u2019ordre, <strong>mais le village est loin de se contenter de ces objectifs d\u00e9j\u00e0 fort ambitieux.<\/strong><\/p>\n<figure id=\"attachment_355038\" aria-describedby=\"caption-attachment-355038\" style=\"width: 1024px\" class=\"wp-caption aligncenter\"><img fetchpriority=\"high\" decoding=\"async\" class=\"wp-image-355038 size-medium\" src=\"https:\/\/mrmondialisation.org\/wp-content\/uploads\/2019\/08\/e-1-1024x768.jpg\" alt=\"\" width=\"1024\" height=\"768\" srcset=\"https:\/\/mrmondialisation.org\/wp-content\/uploads\/2019\/08\/e-1-1024x768.jpg 1024w, https:\/\/mrmondialisation.org\/wp-content\/uploads\/2019\/08\/e-1-768x576.jpg 768w, https:\/\/mrmondialisation.org\/wp-content\/uploads\/2019\/08\/e-1-80x60.jpg 80w, https:\/\/mrmondialisation.org\/wp-content\/uploads\/2019\/08\/e-1-265x198.jpg 265w, https:\/\/mrmondialisation.org\/wp-content\/uploads\/2019\/08\/e-1-696x522.jpg 696w, https:\/\/mrmondialisation.org\/wp-content\/uploads\/2019\/08\/e-1-1068x801.jpg 1068w, https:\/\/mrmondialisation.org\/wp-content\/uploads\/2019\/08\/e-1-560x420.jpg 560w, https:\/\/mrmondialisation.org\/wp-content\/uploads\/2019\/08\/e-1.jpg 1300w\" sizes=\"(max-width: 1024px) 100vw, 1024px\"\/><figcaption id=\"caption-attachment-355038\" class=\"wp-caption-text\">Cr\u00e9dit image : Kiwi et Framboise<\/figcaption><\/figure>\n<p>L\u2019auto-stop \u00e9tant ce qu\u2019il est, nous arrivons sur place vers une heure du matin, <strong>accueillis par Jo\u00ebl, l\u2019un des 3 fils des fondateurs de Suderbyn.<\/strong> Une chance pour nous qu\u2019il f\u00fbt encore debout\u00a0: nous aurions \u00e9t\u00e9 bien incapables de trouver o\u00f9 planter notre tente dans cette nuit noire.<\/p>\n<p>Ce n\u2019est donc que le lendemain que <strong>nous d\u00e9couvrons les 5 hectares de paysage idyllique o\u00f9 les potagers permacoles et la v\u00e9g\u00e9tation plus sauvage se marient avec harmonie.<\/strong> \u00c9puis\u00e9s par le voyage, nous nous r\u00e9veillons \u00e0 10h pass\u00e9es, pour d\u00e9couvrir que la petite maisonnette \u00e0 une dizaine de m\u00e8tres de l\u2019emplacement de notre tente et que nous avions pu distinguer dans la p\u00e9nombre n\u2019est en fait <strong>pas une tiny house <\/strong>comme nous l\u2019avions imagin\u00e9, <strong>mais l\u2019une des cinq toilettes s\u00e8ches du village !<\/strong><\/p>\n<p>D\u00e8s notre r\u00e9veil, nous sommes tout de suite mis dans le bain. Nous croisons Antoine et Vesela, qui partaient faire <strong>la cueillette du jour.<\/strong> Cela tombe bien, depuis notre s\u00e9jour \u00e0 <a target=\"_blank\" href=\"https:\/\/mrmondialisation.org\/deux-nuits-au-coeur-de-la-zad-anti-gco\/\" target=\"_blank\" rel=\"noopener\">la ZAD du Moulin,<\/a> la cueillette fait partie de nos activit\u00e9s pr\u00e9f\u00e9r\u00e9es ! Nous les accompagnons avec plaisir <strong>pour remplir avec eux des pots entiers de fraises, de framboises et de myrtilles sauvages qui poussent en quantit\u00e9 aux abords du terrain.<\/strong><\/p>\n<figure id=\"attachment_355035\" aria-describedby=\"caption-attachment-355035\" style=\"width: 1024px\" class=\"wp-caption aligncenter\"><img loading=\"lazy\" decoding=\"async\" class=\"wp-image-355035 size-medium\" src=\"https:\/\/mrmondialisation.org\/wp-content\/uploads\/2019\/08\/b-3-1024x768.jpg\" alt=\"\" width=\"1024\" height=\"768\" srcset=\"https:\/\/mrmondialisation.org\/wp-content\/uploads\/2019\/08\/b-3-1024x768.jpg 1024w, https:\/\/mrmondialisation.org\/wp-content\/uploads\/2019\/08\/b-3-768x576.jpg 768w, https:\/\/mrmondialisation.org\/wp-content\/uploads\/2019\/08\/b-3-80x60.jpg 80w, https:\/\/mrmondialisation.org\/wp-content\/uploads\/2019\/08\/b-3-265x198.jpg 265w, https:\/\/mrmondialisation.org\/wp-content\/uploads\/2019\/08\/b-3-696x522.jpg 696w, https:\/\/mrmondialisation.org\/wp-content\/uploads\/2019\/08\/b-3-1068x801.jpg 1068w, https:\/\/mrmondialisation.org\/wp-content\/uploads\/2019\/08\/b-3-560x420.jpg 560w, https:\/\/mrmondialisation.org\/wp-content\/uploads\/2019\/08\/b-3.jpg 1300w\" sizes=\"auto, (max-width: 1024px) 100vw, 1024px\"\/><figcaption id=\"caption-attachment-355035\" class=\"wp-caption-text\">Cr\u00e9dit image : Kiwi et Framboise<\/figcaption><\/figure>\n<p>Une fois les baies r\u00e9cup\u00e9r\u00e9es, nous revenons vers <strong>la maison principale, lieu de vie de la communaut\u00e9.<\/strong> L\u2019occasion de nous pr\u00e9senter au reste de la troupe. Et tout de suite, nous sommes impressionn\u00e9s par la diversit\u00e9 de cette grande famille : <strong>sur les 30 habitants <\/strong>qui occupent le lieu au moment de notre s\u00e9jour,<strong> nous d\u00e9comptons 13 nationalit\u00e9s diff\u00e9rentes !<\/strong><\/p>\n<p>C\u2019est personnellement la premi\u00e8re fois que j\u2019ai eu l\u2019occasion, <strong>dans un seul et m\u00eame endroit, d\u2019en apprendre autant sur les cultures su\u00e9doise, finnoise, russe, turque, ukrainienne, g\u00e9orgienne ou encore moldave.<\/strong> \u00c9videmment, comme dans toute communaut\u00e9 aussi cosmopolite, <strong>les \u00e9changes se font en anglais, alors que paradoxalement ni le Royaume-Uni ni l\u2019Irlande n\u2019avaient de repr\u00e9sentants sur place.<\/strong><\/p>\n<p>Nous apprenons vite que ce multi-culturalisme n\u2019a rien d\u2019un hasard. Depuis ses d\u00e9buts, Suderbyn se veut particuli\u00e8rement ouvert sur le monde ext\u00e9rieur. <strong>Tr\u00e8s int\u00e9gr\u00e9 dans le GEN (Global Ecovillage Network) et dans un bon nombre d\u2019initiatives europ\u00e9ennes comme le CES (Corps Europ\u00e9en de Solidarit\u00e9), ou Erasmus +,<\/strong> Suderbyn accueille ainsi chaque ann\u00e9e de nombreux jeunes qui viennent de partout en Europe y mener des <strong>projets relatifs \u00e0 l\u2019autosuffisance,<\/strong> pour des dur\u00e9es s\u2019\u00e9talant d\u2019un mois \u00e0 un an.<\/p>\n<p>Suderbyn est donc devenu au fil du temps <strong>un des piliers du GEN,<\/strong> et prend sa <strong>mission p\u00e9dagogique particuli\u00e8rement au s\u00e9rieux.<\/strong> En plus de la coop\u00e9rative qui g\u00e8re les besoins quotidiens de la communaut\u00e9, <strong>une ONG d\u00e9nomm\u00e9e <em>\u00ab ReLearn \u00bb<\/em> m\u00e8ne en parall\u00e8le de nombreux projets \u00e0 buts \u00e9ducatifs.<\/strong><\/p>\n<p>Nous faisons par exemple la connaissance d\u2019Alissa, une des deux salari\u00e9es de l\u2019association, qui revenait tout juste du <strong>festival WeAre<\/strong> qu\u2019elle a organis\u00e9 en Russie, afin de <strong>sensibiliser ses compatriotes aux enjeux de la transition climatique et sociale.<\/strong> Outre la sensibilisation, Suderbyn s\u2019est investi d\u2019une autre mission, peut-\u00eatre plus importante encore : <strong>apporter des solutions concr\u00e8tes \u00e0 tous ceux qui chercheraient \u00e0 atteindre l\u2019autosuffisance, et anticiper une \u00e8re post-p\u00e9trole.<\/strong><\/p>\n<figure id=\"attachment_355033\" aria-describedby=\"caption-attachment-355033\" style=\"width: 1024px\" class=\"wp-caption aligncenter\"><img loading=\"lazy\" decoding=\"async\" class=\"wp-image-355033 size-medium\" src=\"https:\/\/mrmondialisation.org\/wp-content\/uploads\/2019\/08\/c-1024x768.jpg\" alt=\"\" width=\"1024\" height=\"768\" srcset=\"https:\/\/mrmondialisation.org\/wp-content\/uploads\/2019\/08\/c-1024x768.jpg 1024w, https:\/\/mrmondialisation.org\/wp-content\/uploads\/2019\/08\/c-768x576.jpg 768w, https:\/\/mrmondialisation.org\/wp-content\/uploads\/2019\/08\/c-80x60.jpg 80w, https:\/\/mrmondialisation.org\/wp-content\/uploads\/2019\/08\/c-265x198.jpg 265w, https:\/\/mrmondialisation.org\/wp-content\/uploads\/2019\/08\/c-696x522.jpg 696w, https:\/\/mrmondialisation.org\/wp-content\/uploads\/2019\/08\/c-1068x801.jpg 1068w, https:\/\/mrmondialisation.org\/wp-content\/uploads\/2019\/08\/c-560x420.jpg 560w, https:\/\/mrmondialisation.org\/wp-content\/uploads\/2019\/08\/c.jpg 1300w\" sizes=\"auto, (max-width: 1024px) 100vw, 1024px\"\/><figcaption id=\"caption-attachment-355033\" class=\"wp-caption-text\">Cr\u00e9dit image : Kiwi et Framboise<\/figcaption><\/figure>\n<p>Parmi la quantit\u00e9 de projets men\u00e9s par ReLearn, <strong>nous avons constat\u00e9 que celui qu\u2019ils appellent <em>\u00ab\u00a0Closed Loop\u00a0\u00bb<\/em> est celui qui mobilise le plus l\u2019attention des Suderbyniens. <\/strong>Son ambition : rendre compl\u00e8tement obsol\u00e8te la notion de d\u00e9chets. Qu\u2019il s\u2019agisse de surplus alimentaires, d\u2019urines ou d\u2019excr\u00e9ments, avec Closed Loop, tout doit \u00eatre r\u00e9utilis\u00e9 !<\/p>\n<div class=\"td-a-rec td-a-rec-id-content_inline  tdi_1 td_block_template_1\">\n<center><a target=\"_blank\" href=\"https:\/\/fr.tipeee.com\/mr-mondialisation\" class=\"tipeee-project-small\">Je m&rsquo;abonne \u00e0 Mr Mondialisation<\/a>&#13;<br \/>\n<\/center>&amp;nbsp<\/div>\n<p>Pour ce faire, la communaut\u00e9 travaille actuellement sur une m\u00e9thode de culture hors-sol, l\u2019a\u00e9roponie, mais aussi et surtout sur <strong><em>\u00ab\u00a0Tommy\u00a0\u00bb<\/em>, le petit surnom qu\u2019ils ont donn\u00e9 \u00e0 leur digesteur de biogaz artisanal \u2014 le seul en Europe !<\/strong><\/p>\n<p>Particuli\u00e8rement glouton, Tommy permet de <strong>transformer les d\u00e9chets en engrais pour la permaculture, ou en \u00e9nergie <\/strong>qui sert notamment \u00e0 <strong>alimenter les quelques voitures que poss\u00e8de la communaut\u00e9. <\/strong>Certes, Tommy est parfois capricieux, et <strong>les 5 volontaires qui s\u2019en occupent au quotidien ont souvent affaire \u00e0 des obstacles inattendus, <\/strong>comme un surplus de pression qui a fait exploser le couvercle du biodigesteur quelques jours avant notre arriv\u00e9e.<strong><br \/><\/strong><\/p>\n<blockquote>\n<p>\u00ab <strong>on pratique le<em> \u00ab learning by trying \u00bb<\/em> : on essaye, on \u00e9choue, on analyse, et on r\u00e9essaye jusqu\u2019\u00e0 ce que \u00e7a fonctionne.<\/strong> \u00bb<\/p>\n<\/blockquote>\n<p>Qu\u2019\u00e0 cela ne tienne, c\u2019est une occasion suppl\u00e9mentaire pour affiner leurs connaissances ! Dans cette communaut\u00e9 comme dans la vie, <strong>on pratique le<em> \u00ab learning by trying \u00bb<\/em> : on essaye, on \u00e9choue, on analyse, et on r\u00e9essaye jusqu\u2019\u00e0 ce que \u00e7a fonctionne.<\/strong><\/p>\n<p>Depuis 11 ans, l\u2019\u00e9covillage a donc pu r\u00e9unir quantit\u00e9 d\u2019informations, <strong>d\u00e9velopper de nombreux prototypes qu\u2019il met ensuite en libre acc\u00e8s sur son site internet,<\/strong> pour que <strong>d\u2019autres communaut\u00e9s actuelles ou futures puissent s\u2019en emparer,<\/strong> se les approprier dans leur propre qu\u00eate d\u2019autosuffisance.<\/p>\n<p>Avec Framboise, nous avons vraiment ador\u00e9 la <strong>philosophie open source et p\u00e9dagogique qui caract\u00e9rise le lieu.<\/strong> Les potagers sont par exemple constell\u00e9s de <strong>panneaux regorgeant d\u2019informations sur les techniques permacoles appliqu\u00e9es<\/strong> sur place et <strong>chaque membre prend volontiers le temps de transmettre ses connaissances.<\/strong><\/p>\n<figure id=\"attachment_355035\" aria-describedby=\"caption-attachment-355035\" style=\"width: 1024px\" class=\"wp-caption aligncenter\"><img loading=\"lazy\" decoding=\"async\" class=\"wp-image-355035 size-medium\" src=\"https:\/\/mrmondialisation.org\/wp-content\/uploads\/2019\/08\/b-3-1024x768.jpg\" alt=\"\" width=\"1024\" height=\"768\" srcset=\"https:\/\/mrmondialisation.org\/wp-content\/uploads\/2019\/08\/b-3-1024x768.jpg 1024w, https:\/\/mrmondialisation.org\/wp-content\/uploads\/2019\/08\/b-3-768x576.jpg 768w, https:\/\/mrmondialisation.org\/wp-content\/uploads\/2019\/08\/b-3-80x60.jpg 80w, https:\/\/mrmondialisation.org\/wp-content\/uploads\/2019\/08\/b-3-265x198.jpg 265w, https:\/\/mrmondialisation.org\/wp-content\/uploads\/2019\/08\/b-3-696x522.jpg 696w, https:\/\/mrmondialisation.org\/wp-content\/uploads\/2019\/08\/b-3-1068x801.jpg 1068w, https:\/\/mrmondialisation.org\/wp-content\/uploads\/2019\/08\/b-3-560x420.jpg 560w, https:\/\/mrmondialisation.org\/wp-content\/uploads\/2019\/08\/b-3.jpg 1300w\" sizes=\"auto, (max-width: 1024px) 100vw, 1024px\"\/><figcaption id=\"caption-attachment-355035\" class=\"wp-caption-text\">Cr\u00e9dit image : Kiwi et Framboise<\/figcaption><\/figure>\n<p>De mani\u00e8re g\u00e9n\u00e9rale, nous avons trouv\u00e9 particuli\u00e8rement facile l\u2019int\u00e9gration \u00e0 Suderbyn. Nous ne sommes rest\u00e9s qu\u2019une semaine, et pourtant nous avions <strong>d\u00e9j\u00e0 l\u2019impression de faire partie int\u00e9grante de la communaut\u00e9, qui se veut la plus inclusive possible.<\/strong><\/p>\n<p>Tous les jours \u00e0 8h, except\u00e9 le week-end, se tient un <em>\u00ab\u00a0morning meeting\u00a0\u00bb<\/em> ouvert \u00e0 toutes et tous. La r\u00e9union commence in\u00e9vitablement par un <strong>tour de parole o\u00f9 les membres de la communaut\u00e9 s\u2019expriment librement et sinc\u00e8rement,<\/strong> donnent leur ressenti de la veille et partagent leurs \u00e9motions \u00e0 l\u2019aube de cette nouvelle journ\u00e9e.<\/p>\n<p>Une fois ce rituel termin\u00e9 vient la r\u00e9partition des t\u00e2ches du jour. <strong>Tout le programme de la semaine est inscrit sur un grand tableau, divis\u00e9 en quatre cat\u00e9gories principales :<\/strong> construction, permaculture, administration et communication. Chaque r\u00e9f\u00e9rent prend alors la parole, pour expliquer les activit\u00e9s du jour, la main-d\u2019\u0153uvre dont il a besoin, et le temps que cela va prendre.<\/p>\n<p>Les Suderbyniens peuvent ensuite se r\u00e9partir le travail, sur la base du volontariat. Il nous a donc \u00e9t\u00e9<strong> tr\u00e8s facile<\/strong> avec Framboise <strong>de suivre le rythme, identifier les t\u00e2ches \u00e0 effectuer, et nous rendre utiles d\u00e8s les premiers jours,<\/strong> que cela soit au jardin, \u00e0 la construction ou \u00e0 la cuisine !<\/p>\n<p>\u00c0 Suderbyn en effet, pas question de se pr\u00e9parer son d\u00e9jeuner dans son coin. Toujours dans un souci d\u2019inclusivit\u00e9, il a \u00e9t\u00e9 d\u00e9cid\u00e9 que <strong>les repas du midi seraient un moment de convivialit\u00e9 collectif.<\/strong> Ainsi, pendant que les autres s\u2019affairent aux travaux du matin, <strong>trois ou quatre membres de la communaut\u00e9 s\u2019occupent de pr\u00e9parer les l\u00e9gumes du potager pour un d\u00e9jeuner enti\u00e8rement v\u00e9g\u00e9talien<\/strong> et toujours excellent.<\/p>\n<figure id=\"attachment_355034\" aria-describedby=\"caption-attachment-355034\" style=\"width: 1024px\" class=\"wp-caption aligncenter\"><img loading=\"lazy\" decoding=\"async\" class=\"wp-image-355034 size-medium\" src=\"https:\/\/mrmondialisation.org\/wp-content\/uploads\/2019\/08\/d-1-1024x768.jpg\" alt=\"\" width=\"1024\" height=\"768\" srcset=\"https:\/\/mrmondialisation.org\/wp-content\/uploads\/2019\/08\/d-1-1024x768.jpg 1024w, https:\/\/mrmondialisation.org\/wp-content\/uploads\/2019\/08\/d-1-768x576.jpg 768w, https:\/\/mrmondialisation.org\/wp-content\/uploads\/2019\/08\/d-1-80x60.jpg 80w, https:\/\/mrmondialisation.org\/wp-content\/uploads\/2019\/08\/d-1-265x198.jpg 265w, https:\/\/mrmondialisation.org\/wp-content\/uploads\/2019\/08\/d-1-696x522.jpg 696w, https:\/\/mrmondialisation.org\/wp-content\/uploads\/2019\/08\/d-1-1068x801.jpg 1068w, https:\/\/mrmondialisation.org\/wp-content\/uploads\/2019\/08\/d-1-560x420.jpg 560w, https:\/\/mrmondialisation.org\/wp-content\/uploads\/2019\/08\/d-1.jpg 1300w\" sizes=\"auto, (max-width: 1024px) 100vw, 1024px\"\/><figcaption id=\"caption-attachment-355034\" class=\"wp-caption-text\">Cr\u00e9dit image : Kiwi et Framboise<\/figcaption><\/figure>\n<p><strong>Cette organisation,<\/strong> qui pourrait sembler rigide, <strong>demeure tout de m\u00eame indispensable<\/strong> <strong>quand on conna\u00eet le turn-over important de la communaut\u00e9,<\/strong> du fait du flot de volontaires en service civique, sans compter les curieux qui ne viennent que le temps de quelques jours.<\/p>\n<p><strong>Malgr\u00e9 ce syst\u00e8me, une charge mentale \u00e9norme p\u00e8se sur les membres permanents,<\/strong> et d\u2019autant plus sur les diff\u00e9rents r\u00e9f\u00e9rents. Antoine, r\u00e9f\u00e9rent permaculture depuis 3 ans \u00e0 Suderbyn, <strong>fr\u00f4le r\u00e9guli\u00e8rement le burn-out :<\/strong> inclure les nouveaux arrivants, aviser en fonction de leurs comp\u00e9tences, et leur r\u00e9expliquer constamment les m\u00eames choses requiert une \u00e9nergie folle.<\/p>\n<p>Tant et si bien que la communaut\u00e9 envisage d\u00e9sormais s\u00e9rieusement de <strong>n\u2019accepter plus que les volontaires annon\u00e7ant vouloir rester plusieurs mois sur place.<\/strong><\/p>\n<p>Un changement de politique tout \u00e0 fait compr\u00e9hensible, mais avec lequel nous n\u2019aurions jamais pu d\u00e9couvrir cette formidable communaut\u00e9. Car plus encore que la beaut\u00e9 du cadre, <strong>la p\u00e9dagogie du lieu et la diversit\u00e9 des cultures qui peuplent Suderbyn, c\u2019est la bienveillance de ses habitants qui nous a le plus marqu\u00e9s.<br \/><\/strong><\/p>\n<blockquote>\n<p><em><b>\u00ab Nous qui avons choisi de surnommer notre utopie \u00ab La Casa des Papouilles \u00bb, nous n\u2019avons pas \u00e9t\u00e9 d\u00e9\u00e7us ! \u00bb<\/b><\/em><\/p>\n<\/blockquote>\n<p>Nous avons trouv\u00e9 l\u00e0-bas une vraie famille, incroyablement soud\u00e9e. <strong>Nous qui avons choisi de surnommer notre utopie <em>\u00ab La Casa des Papouilles \u00bb,<\/em> nous n\u2019avons pas \u00e9t\u00e9 d\u00e9\u00e7us !<\/strong> Les Suderbyniens expriment constamment leur affection les uns pour les autres par des mots doux, des caresses, des massages et beaucoup de c\u00e2lins !<\/p>\n<p>N\u2019allez pas cependant vous imaginer une communaut\u00e9 d\u00e9bauch\u00e9e o\u00f9 chaque soir\u00e9e se termine en orgie ! Bien s\u00fbr, comme partout ailleurs, des amours se font et se d\u00e9font \u00e0 Suderbyn, mais c\u2019est bel et bien <strong>l\u2019amiti\u00e9 qui prime, sous sa forme la plus belle et la plus sinc\u00e8re.<\/strong><\/p>\n<figure id=\"attachment_355036\" aria-describedby=\"caption-attachment-355036\" style=\"width: 1024px\" class=\"wp-caption aligncenter\"><img loading=\"lazy\" decoding=\"async\" class=\"wp-image-355036 size-medium\" src=\"https:\/\/mrmondialisation.org\/wp-content\/uploads\/2019\/08\/10-1024x683.jpg\" alt=\"\" width=\"1024\" height=\"683\" srcset=\"https:\/\/mrmondialisation.org\/wp-content\/uploads\/2019\/08\/10-1024x683.jpg 1024w, https:\/\/mrmondialisation.org\/wp-content\/uploads\/2019\/08\/10-768x512.jpg 768w, https:\/\/mrmondialisation.org\/wp-content\/uploads\/2019\/08\/10-696x464.jpg 696w, https:\/\/mrmondialisation.org\/wp-content\/uploads\/2019\/08\/10-1068x712.jpg 1068w, https:\/\/mrmondialisation.org\/wp-content\/uploads\/2019\/08\/10-630x420.jpg 630w, https:\/\/mrmondialisation.org\/wp-content\/uploads\/2019\/08\/10.jpg 1300w\" sizes=\"auto, (max-width: 1024px) 100vw, 1024px\"\/><figcaption id=\"caption-attachment-355036\" class=\"wp-caption-text\">Cr\u00e9dit image : Sergey Lioutchenko<\/figcaption><\/figure>\n<p>C\u2019est donc le c\u0153ur rempli d\u2019amour, de gratitude et d\u2019une pointe de tristesse, que nous devons quitter notre nouvelle famille, une semaine jour pour jour apr\u00e8s notre arriv\u00e9e. <strong>Mais nous en sommes certains : ce n\u2019est qu\u2019un au revoir\u2026 Nous reviendrons tr\u00e8s vite, et cette fois pour plus longtemps,<\/strong> afin de profiter pleinement de tout ce que cet endroit magique peut offrir.<\/p>\n<p style=\"text-align: right;\">\u2013<em><strong> Framboise et Kiwi<\/strong><\/em><\/p>\n<hr\/>\n<p>Photo de couverture : Sergey Lioutchenko<\/p>\n<p><em>*Framboise et Kiwi<\/em> sont les pseudonymes choisies par les auteur\u00b7ices pour anonymiser leur nom et correspondre \u00e0 leur projet.<\/p>\n<div class=\"td-a-rec td-a-rec-id-content_bottom  tdi_2 td_block_template_1\">\n<span class=\"td-adspot-title\">&#8211; Cet article gratuit, ind\u00e9pendant et sans IA existe gr\u00e2ce aux abonn\u00e9s &#8211;<\/span><\/p>\n<div class=\"td-all-devices\">\n    <a target=\"_blank\" href=\"https:\/\/mrmondialisation.org\/donation\/\" title=\"Faire_un_don\"><img decoding=\"async\" class=\"donationArticle\" src=\"https:\/\/mrmondialisation.org\/wp-content\/uploads\/2022\/12\/220405-flikalicious-final.jpg\" alt=\"Donation\"\/><\/a>\n<\/div>\n<\/div><\/div>\n<p><br \/>\n<br \/><a href=\"https:\/\/mrmondialisation.org\/carnet-voyage-communaute-suedoise-avant-gardiste\/\" target=\"_blank\"\">Source link <\/a><\/p>\n","protected":false},"excerpt":{"rendered":"<p>En 2019, Framboise et Kiwi*, deux journalistes \u00e9colos, traversent l\u2019Europe en auto-stop, de la Su\u00e8de \u00e0 l\u2019Espagne. Leur objectif : explorer des lieux autonomes et \u00e9coresponsables pour imaginer d\u2019autres fa\u00e7ons&hellip; <\/p>\n","protected":false},"author":1,"featured_media":22849,"comment_status":"open","ping_status":"open","sticky":false,"template":"","format":"standard","meta":{"footnotes":""},"categories":[1],"tags":[],"class_list":["post-22848","post","type-post","status-publish","format-standard","has-post-thumbnail","hentry","category-non-classe"],"_links":{"self":[{"href":"https:\/\/monde25.info\/index.php\/wp-json\/wp\/v2\/posts\/22848","targetHints":{"allow":["GET"]}}],"collection":[{"href":"https:\/\/monde25.info\/index.php\/wp-json\/wp\/v2\/posts"}],"about":[{"href":"https:\/\/monde25.info\/index.php\/wp-json\/wp\/v2\/types\/post"}],"author":[{"embeddable":true,"href":"https:\/\/monde25.info\/index.php\/wp-json\/wp\/v2\/users\/1"}],"replies":[{"embeddable":true,"href":"https:\/\/monde25.info\/index.php\/wp-json\/wp\/v2\/comments?post=22848"}],"version-history":[{"count":0,"href":"https:\/\/monde25.info\/index.php\/wp-json\/wp\/v2\/posts\/22848\/revisions"}],"wp:featuredmedia":[{"embeddable":true,"href":"https:\/\/monde25.info\/index.php\/wp-json\/wp\/v2\/media\/22849"}],"wp:attachment":[{"href":"https:\/\/monde25.info\/index.php\/wp-json\/wp\/v2\/media?parent=22848"}],"wp:term":[{"taxonomy":"category","embeddable":true,"href":"https:\/\/monde25.info\/index.php\/wp-json\/wp\/v2\/categories?post=22848"},{"taxonomy":"post_tag","embeddable":true,"href":"https:\/\/monde25.info\/index.php\/wp-json\/wp\/v2\/tags?post=22848"}],"curies":[{"name":"wp","href":"https:\/\/api.w.org\/{rel}","templated":true}]}}