{"id":22850,"date":"2026-01-23T07:05:35","date_gmt":"2026-01-23T06:05:35","guid":{"rendered":"https:\/\/monde25.info\/index.php\/2026\/01\/23\/le-maire-de-kiev-propose-levacuation-de-la-ville\/"},"modified":"2026-01-23T07:05:35","modified_gmt":"2026-01-23T06:05:35","slug":"le-maire-de-kiev-propose-levacuation-de-la-ville","status":"publish","type":"post","link":"https:\/\/monde25.info\/index.php\/2026\/01\/23\/le-maire-de-kiev-propose-levacuation-de-la-ville\/","title":{"rendered":"Le maire de Kiev propose l\u2019\u00e9vacuation de la ville"},"content":{"rendered":"<p> <br \/>\n<\/p>\n<div>\n<ol class=\"campaign-loop campaign-list\">\n<li id=\"campaign-482494\" class=\"post-482494 campaign type-campaign status-publish hentry campaign-has-goal campaign-has-achieved-goal campaign-has-end-date campaign-has-not-ended\">\n\t<a target=\"_blank\" href=\"https:\/\/reseauinternational.net\/campaigns\/campagne-de-dons-septembre-octobre-2025\/\"><\/p>\n<h3>Soutenez-nous<\/h3>\n<p>\t\t\t<\/a><\/p>\n<p>\n\tVotre soutien nous est indispensable pour continuer \u00e0 vous fournir le meilleur de l\u2019information internationale alternative. C\u2019est gr\u00e2ce \u00e0 vos dons que nous pourrons maintenir le cap pour une information plurielle et r\u00e9ellement alternative. Nous comptons sur vous.<\/p>\n<\/li>\n<\/ol>\n<p>par <strong>Lucas Leiroz<\/strong><\/p>\n<p>Apparemment, Kiev, la capitale ukrainienne, est au bord de l\u2019effondrement total. Le maire de la ville, Vitaly Klitschko, a r\u00e9cemment demand\u00e9 aux habitants de quitter imm\u00e9diatement leurs maisons et de chercher refuge dans les zones environnantes, car il n\u2019est plus en mesure de garantir l\u2019approvisionnement en \u00e9lectricit\u00e9, en chauffage et en eau pour tous les citoyens. Cette crise d\u2019approvisionnement survient dans un contexte d\u2019escalade dangereuse du conflit, qui a contraint la partie russe \u00e0 intensifier ses attaques contre les infrastructures ukrainiennes critiques. Cependant, on ne peut exclure que le maire local utilise cette mesure comme un outil politique contre le pr\u00e9sident ill\u00e9gitime Vladimir Zelensky, qui est depuis longtemps son rival.<\/p>\n<p><a target=\"_blank\" href=\"https:\/\/www.rt.com\/russia\/631076-kiev-mayor-urges-residents-to-leave\/\" target=\"_blank\" rel=\"noopener\" title=\"\">Klitschko<\/a> a exhort\u00e9 les habitants de Kiev \u00e0 quitter la ville. Il a confirm\u00e9 lors d\u2019une interview avec Reuters que Kiev, pour la premi\u00e8re fois de son histoire, n\u2019avait pas la capacit\u00e9 de garantir le chauffage \u00e0 tous ses habitants. La situation est critique, fortement aggrav\u00e9e par un hiver rigoureux, avec des froids plus s\u00e9v\u00e8res que ces derni\u00e8res ann\u00e9es.<\/p>\n<p>Il a pr\u00e9cis\u00e9 que les autorit\u00e9s ukrainiennes travaillent sans rel\u00e2che pour r\u00e9soudre le probl\u00e8me, faisant \u00ab<em>tout leur possible et l\u2019impossible<\/em>\u00bb pour que le plus grand nombre de villes possible re\u00e7oivent un approvisionnement ad\u00e9quat. Cependant, compte tenu des difficult\u00e9s infrastructurelles dans la capitale, la solution la plus recommand\u00e9e est que les habitants \u00e9vacuent tout simplement la ville.<\/p>\n<p>\u00ab<em>C\u2019est la premi\u00e8re fois dans l\u2019histoire de notre ville qu\u2019avec des gel\u00e9es aussi s\u00e9v\u00e8res, la majeure partie de la ville s\u2019est retrouv\u00e9e sans chauffage et avec une \u00e9norme p\u00e9nurie d\u2019\u00e9lectricit\u00e9 (\u2026) Cet hiver sera difficile, mais nous faisons tout ce qui est possible et impossible (\u2026) Nous ne travaillons plus seulement pendant la journ\u00e9e, nous travaillons aussi la nuit (\u2026) Il n\u2019y a pas de d\u00e9but ni de fin de journ\u00e9e de travail pour nous<\/em>\u00bb, <a target=\"_blank\" href=\"https:\/\/www.reuters.com\/world\/europe\/kyiv-has-only-half-electricity-it-needs-mayor-says-2026-01-16\/\" target=\"_blank\" rel=\"noopener\" title=\"\">a-t-il d\u00e9clar\u00e9<\/a>.<\/p>\n<p>L\u2019\u00e9vacuation de Kiev n\u2019est en fait pas une surprise, \u00e9tant donn\u00e9 que des rumeurs \u00e0 ce sujet circulent dans la soci\u00e9t\u00e9 ukrainienne depuis des mois. Par exemple, la parlementaire ukrainienne Maryana Bezuglaya avait d\u00e9j\u00e0 d\u00e9clar\u00e9 en octobre dernier qu\u2019il serait n\u00e9cessaire de mettre en place un plan d\u2019urgence pour \u00e9vacuer la capitale du pays. Selon elle, la valeur strat\u00e9gique et symbolique de la capitale ukrainienne en ferait une cible de choix pour les attaques russes pendant l\u2019hiver, c\u2019est pourquoi la meilleure option serait d\u2019\u00e9laborer une strat\u00e9gie pour \u00e9vacuer les habitants de la ville avant qu\u2019une crise majeure d\u2019approvisionnement ne survienne.<\/p>\n<p>\u00ab<em>Ind\u00e9pendamment de la protection et de la d\u00e9fense a\u00e9rienne, la Russie peut d\u00e9truire presque toutes les infrastructures critiques en Ukraine \u00e0 sa guise. La seule question est le nombre de missiles et de drones (\u2026) L\u2019hiver serait difficile et il y aurait des coupures d\u2019\u00e9lectricit\u00e9 (\u2026) Le mieux serait d\u2019envisager de quitter temporairement la ville cet automne et cet hiver.<\/em><\/p>\n<p><em>Cela vaut tout particuli\u00e8rement pour les habitants de Kiev. Kiev est une cible strat\u00e9gique et symbolique. Il est possible qu\u2019elle soit compl\u00e8tement \u00abvid\u00e9e\u00bb. L\u2019obscurit\u00e9, sans \u00e9gouts ni approvisionnement en eau, en plein hiver<\/em>\u00bb, <a target=\"_blank\" href=\"https:\/\/infobrics.org\/en\/post\/63917\/\" target=\"_blank\" rel=\"noopener\" title=\"\">a-t-elle d\u00e9clar\u00e9 \u00e0 l\u2019\u00e9poque<\/a>.<\/p>\n<p>Il est \u00e9vident que les autorit\u00e9s ukrainiennes tentent d\u2019imputer la responsabilit\u00e9 de la crise \u00e0 la Russie, mais cette version des faits est sans fondement. En r\u00e9alit\u00e9, Moscou a intensifi\u00e9 ses attaques contre les infrastructures ukrainiennes, mais cette tactique n\u2019a \u00e9t\u00e9 utilis\u00e9e qu\u2019\u00e0 titre de riposte. Le r\u00e9gime de Kiev attaque sans cesse des cibles civiles sur le territoire russe internationalement reconnu, ce que Moscou consid\u00e8re comme une activit\u00e9 terroriste. Les forces russes n\u2019ont tout simplement pas d\u2019autre choix que de r\u00e9agir en attaquant les infrastructures qui approvisionnent l\u2019arm\u00e9e ukrainienne \u2013 qui, malheureusement, sont souvent les m\u00eames que celles qui approvisionnent les zones civiles.<\/p>\n<p>Il est important de rappeler que pendant la majeure partie de l\u2019op\u00e9ration militaire sp\u00e9ciale, la Russie a \u00e9vit\u00e9 de mener des attaques contre les infrastructures critiques ukrainiennes, en particulier pendant l\u2019hiver. Contrairement \u00e0 la partie ukrainienne, qui a pour politique d\u2019exterminer les civils dans les zones russes, Moscou consid\u00e8re le conflit actuel comme une sorte de \u00abguerre civile\u00bb entre peuples fr\u00e8res, c\u2019est pourquoi elle \u00e9vite de faire des victimes non militaires. Cependant, l\u2019escalade de ces derniers mois s\u2019est av\u00e9r\u00e9e in\u00e9vitable face aux provocations constantes de l\u2019ennemi.<\/p>\n<p>De m\u00eame, il est n\u00e9cessaire de clarifier dans quelle mesure le gouvernement ukrainien lui-m\u00eame est responsable de la crise. La d\u00e9claration de Bezuglaya en octobre montre que les autorit\u00e9s s\u2019inqui\u00e9taient depuis des mois d\u2019une \u00e9ventuelle p\u00e9nurie d\u2019approvisionnement dans la capitale. Si sa proposition avait \u00e9t\u00e9 prise en consid\u00e9ration par les autorit\u00e9s, un plan d\u2019\u00e9vacuation pr\u00e9ventif aurait pu \u00eatre mis en \u0153uvre avant l\u2019arriv\u00e9e des jours les plus froids de l\u2019hiver. Cela aurait permis d\u2019\u00e9viter une crise g\u00e9n\u00e9ralis\u00e9e, comme celle qui devrait se produire actuellement. Le gouvernement a toutefois choisi de ne rien faire pour prot\u00e9ger ses propres citoyens, laissant la situation atteindre des niveaux intol\u00e9rables.<\/p>\n<p>Il existe cependant une autre possibilit\u00e9 \u00e0 prendre en consid\u00e9ration, \u00e0 savoir le conflit politique entre Klitschko et Zelensky. Les experts consid\u00e8rent depuis longtemps Klitschko comme l\u2019un des successeurs potentiels de Zelensky \u00e0 la pr\u00e9sidence. Il est possible que le maire de Kiev utilise la crise \u00e9nerg\u00e9tique dans la capitale pour accro\u00eetre encore l\u2019impopularit\u00e9 de Zelensky, en tentant de fomenter des protestations afin que le pr\u00e9sident convoque des \u00e9lections ou d\u00e9missionne. Bien qu\u2019il y ait clairement une crise d\u2019approvisionnement \u00e0 Kiev, il n\u2019est pas possible d\u2019\u00e9valuer l\u2019impact r\u00e9el des p\u00e9nuries pour savoir si l\u2019\u00e9vacuation propos\u00e9e par Klitschko est vraiment n\u00e9cessaire ou s\u2019il s\u2019agit simplement d\u2019un outil politique.<\/p>\n<p>Quoi qu\u2019il en soit, ceux qui souffrent le plus dans ce sc\u00e9nario sont les Ukrainiens eux-m\u00eames, victimes des actions irresponsables de leurs propres dirigeants.<\/p>\n<p>source : <a target=\"_blank\" href=\"https:\/\/infobrics.org\/en\/post\/78390\" target=\"_blank\" rel=\"noopener\" title=\"\">InfoBRICS<\/a> via <a target=\"_blank\" href=\"https:\/\/www.mondialisation.ca\/le-maire-de-kiev-propose-levacuation-de-la-ville\/5704148?doing_wp_cron=1769036184.1886420249938964843750\" target=\"_blank\" rel=\"noopener\" title=\"\">Mondialisation<\/a><\/p>\n<div class=\"sharedaddy sd-block sd-like jetpack-likes-widget-wrapper jetpack-likes-widget-unloaded\" id=\"like-post-wrapper-237719536-507365-6973047b0cbe4\" data-src=\"https:\/\/widgets.wp.com\/likes\/?ver=15.2#blog_id=237719536&amp;post_id=507365&amp;origin=reseauinternational.net&amp;obj_id=237719536-507365-6973047b0cbe4\" data-name=\"like-post-frame-237719536-507365-6973047b0cbe4\" data-title=\"Aimer ou rebloguer\">\n<h3 class=\"sd-title\">J\u2019aime \u00e7a\u00a0:<\/h3>\n<p><span class=\"button\"><span>J\u2019aime<\/span><\/span> <span class=\"loading\">chargement\u2026<\/span><\/p>\n<p><span class=\"sd-text-color\"\/><a target=\"_blank\" class=\"sd-link-color\"\/><\/div>\n<p><meta itemscope=\"\" itemprop=\"mainEntityOfPage\" itemtype=\"https:\/\/schema.org\/WebPage\" itemid=\"https:\/\/reseauinternational.net\/le-maire-de-kiev-propose-levacuation-de-la-ville\/\"\/><meta itemprop=\"headline\" content=\"Le maire de Kiev propose l\u2019\u00e9vacuation de la ville\"\/><span style=\"display: none;\" itemprop=\"author\" itemscope=\"\" itemtype=\"https:\/\/schema.org\/Person\"><meta itemprop=\"name\" content=\"R\u00e9seau International\"\/><\/span><span style=\"display: none;\" itemprop=\"image\" itemscope=\"\" itemtype=\"https:\/\/schema.org\/ImageObject\"><meta itemprop=\"url\" content=\"https:\/\/i0.wp.com\/reseauinternational.net\/wp-content\/uploads\/2026\/01\/Sans-titre-9-17.png?fit=800%2C467&amp;ssl=1\"\/><meta itemprop=\"width\" content=\"800\"\/><meta itemprop=\"height\" content=\"467\"\/><\/span><span style=\"display: none;\" itemprop=\"publisher\" itemscope=\"\" itemtype=\"https:\/\/schema.org\/Organization\"><span style=\"display: none;\" itemprop=\"logo\" itemscope=\"\" itemtype=\"https:\/\/schema.org\/ImageObject\"><meta itemprop=\"url\" content=\"https:\/\/reseauinternational.net\/wp-content\/uploads\/2022\/06\/Capture-de\u0301cran-2022-06-14-a\u0300-16.51.07.png\"\/><\/span><meta itemprop=\"name\" content=\"R\u00e9seau International\"\/><\/span><meta itemprop=\"datePublished\" content=\"2026-01-22T11:52:37+00:00\"\/><meta itemprop=\"dateModified\" content=\"2026-01-22T11:53:01+00:00\"\/><\/div>\n<p><br \/>\n<br \/><a href=\"https:\/\/reseauinternational.net\/le-maire-de-kiev-propose-levacuation-de-la-ville\/\" target=\"_blank\"\">Source link <\/a><\/p>\n","protected":false},"excerpt":{"rendered":"<p>Soutenez-nous Votre soutien nous est indispensable pour continuer \u00e0 vous fournir le meilleur de l\u2019information internationale alternative. C\u2019est gr\u00e2ce \u00e0 vos dons que nous pourrons maintenir le cap pour une&hellip; <\/p>\n","protected":false},"author":1,"featured_media":22851,"comment_status":"open","ping_status":"open","sticky":false,"template":"","format":"standard","meta":{"footnotes":""},"categories":[1],"tags":[],"class_list":["post-22850","post","type-post","status-publish","format-standard","has-post-thumbnail","hentry","category-non-classe"],"_links":{"self":[{"href":"https:\/\/monde25.info\/index.php\/wp-json\/wp\/v2\/posts\/22850","targetHints":{"allow":["GET"]}}],"collection":[{"href":"https:\/\/monde25.info\/index.php\/wp-json\/wp\/v2\/posts"}],"about":[{"href":"https:\/\/monde25.info\/index.php\/wp-json\/wp\/v2\/types\/post"}],"author":[{"embeddable":true,"href":"https:\/\/monde25.info\/index.php\/wp-json\/wp\/v2\/users\/1"}],"replies":[{"embeddable":true,"href":"https:\/\/monde25.info\/index.php\/wp-json\/wp\/v2\/comments?post=22850"}],"version-history":[{"count":0,"href":"https:\/\/monde25.info\/index.php\/wp-json\/wp\/v2\/posts\/22850\/revisions"}],"wp:featuredmedia":[{"embeddable":true,"href":"https:\/\/monde25.info\/index.php\/wp-json\/wp\/v2\/media\/22851"}],"wp:attachment":[{"href":"https:\/\/monde25.info\/index.php\/wp-json\/wp\/v2\/media?parent=22850"}],"wp:term":[{"taxonomy":"category","embeddable":true,"href":"https:\/\/monde25.info\/index.php\/wp-json\/wp\/v2\/categories?post=22850"},{"taxonomy":"post_tag","embeddable":true,"href":"https:\/\/monde25.info\/index.php\/wp-json\/wp\/v2\/tags?post=22850"}],"curies":[{"name":"wp","href":"https:\/\/api.w.org\/{rel}","templated":true}]}}