{"id":22852,"date":"2026-01-23T07:38:34","date_gmt":"2026-01-23T06:38:34","guid":{"rendered":"https:\/\/monde25.info\/index.php\/2026\/01\/23\/societe-generale-annonce-prevoir-1-800-suppressions-de-postes-en-france-dici-2027-sans-plan-de-departs\/"},"modified":"2026-01-23T07:38:34","modified_gmt":"2026-01-23T06:38:34","slug":"societe-generale-annonce-prevoir-1-800-suppressions-de-postes-en-france-dici-2027-sans-plan-de-departs","status":"publish","type":"post","link":"https:\/\/monde25.info\/index.php\/2026\/01\/23\/societe-generale-annonce-prevoir-1-800-suppressions-de-postes-en-france-dici-2027-sans-plan-de-departs\/","title":{"rendered":"Soci\u00e9t\u00e9 G\u00e9n\u00e9rale annonce pr\u00e9voir 1 800 suppressions de postes en France d&rsquo;ici 2027, sans plan de d\u00e9parts"},"content":{"rendered":"<p> <br \/>\n<\/p>\n<div>\n<p>La Soci\u00e9t\u00e9 G\u00e9n\u00e9rale annonce qu&rsquo;elle va pr\u00e9senter jeudi un projet de r\u00e9organisation qui pr\u00e9voit la suppression de 1\u00a0800\u00a0postes en France d&rsquo;ici \u00e0 fin 2027, sans proc\u00e9der \u00e0 un plan de d\u00e9parts.<\/p>\n<p>Le groupe, qui compte 40\u00a0000 collaborateurs en France, ajoute dans un communiqu\u00e9 que ce projet s&rsquo;appuiera sur des \u00ab\u00a0d\u00e9parts naturels\u00a0\u00bb et de la \u00ab\u00a0mobilit\u00e9 interne\u00a0\u00bb.<\/p>\n<p>Ces suppressions, qui seront annonc\u00e9es officiellement jeudi aux repr\u00e9sentants du personnel, concernent \u00ab\u00a0plusieurs activit\u00e9s et fonctions centrales au si\u00e8ge, ainsi que l&rsquo;organisation r\u00e9gionale de la Banque de d\u00e9tail\u00a0\u00bb, d\u00e9taille la Soci\u00e9t\u00e9 G\u00e9n\u00e9rale.<\/p>\n<p>\u00ab\u00a0Le r\u00e9seau d&rsquo;agences n&rsquo;est pas concern\u00e9\u00a0\u00bb, pr\u00e9cise la banque.<\/p>\n<p>La CGT, qui avait d\u00e9voil\u00e9 ce plan d\u00e8s mercredi dans un tract, a d\u00e9nonc\u00e9 une \u00ab\u00a0politique du fait accompli\u00a0\u00bb.<\/p>\n<p>\u00ab\u00a0Pour la direction, le taux d&rsquo;attrition naturel de 5\u2009% (d\u00e9parts volontaires ou en retraite, NDLR) et la faiblesse d&rsquo;ouvertures de postes au recrutement font qu&rsquo;il n&rsquo;y aurait pas besoin de dispositifs d&rsquo;accompagnement que nous connaissions jusqu&rsquo;\u00e0 pr\u00e9sent (d\u00e9parts seniors, plan de d\u00e9parts volontaires, reclassements volontaires, \u2026)\u00a0\u00bb, a d\u00e9plor\u00e9 l&rsquo;organisation syndicale.<\/p>\n<p>En f\u00e9vrier 2024, la banque avait d\u00e9j\u00e0 annonc\u00e9 la suppression d&rsquo;environ 900 postes \u00e0 son si\u00e8ge, \u00ab\u00a0sans d\u00e9parts contraints\u00a0\u00bb, soit 5\u2009% des effectifs du si\u00e8ge, dans le cadre d&rsquo;un vaste plan de r\u00e9duction des co\u00fbts lanc\u00e9 par son directeur g\u00e9n\u00e9ral Slawomir Krupa.<\/p>\n<p>Ce plan devrait \u00eatre valid\u00e9 lors d&rsquo;une pl\u00e9ni\u00e8re exceptionnelle des repr\u00e9sentants du personnel fin avril, selon la CGT.<\/p>\n<p>\u00ab\u00a0Ce n&rsquo;est pas une surprise. Toutes ces banques avaient \u00e9norm\u00e9ment recrut\u00e9 (&#8230;) avant la digitalisation\u00a0\u00bb, a relev\u00e9 le directeur g\u00e9n\u00e9ral de la banque publique d&rsquo;investissement Bpifrance, Nicolas Dufourcq.<\/p>\n<p>\u00ab\u00a0Maintenant, la digitalisation a pris une telle ampleur que je peux comprendre qu&rsquo;il y ait moins besoin de personnes physiques, honn\u00eatement\u00a0\u00bb, a-t-il ajout\u00e9.<\/p>\n<\/div>\n<p><script>(function(d, s, id) {  var js, fjs = d.getElementsByTagName(s)[0];  if (d.getElementById(id)) return;  js = d.createElement(s); js.id = id;  js.src = \"\/\/connect.facebook.net\/fr_FR\/sdk.js#xfbml=1&version=v2.3\";  fjs.parentNode.insertBefore(js, fjs);}(document, \"script\", \"facebook-jssdk\"));<\/script><br \/>\n<br \/><br \/>\n<br \/><a href=\"https:\/\/www.francesoir.fr\/societe-economie\/societe-generale-annonce-prevoir-1-800-suppressions-de-postes-en-france-d-ici-2027\" target=\"_blank\"\">Source link <\/a><\/p>\n","protected":false},"excerpt":{"rendered":"<p>La Soci\u00e9t\u00e9 G\u00e9n\u00e9rale annonce qu&rsquo;elle va pr\u00e9senter jeudi un projet de r\u00e9organisation qui pr\u00e9voit la suppression de 1\u00a0800\u00a0postes en France d&rsquo;ici \u00e0 fin 2027, sans proc\u00e9der \u00e0 un plan de&hellip; <\/p>\n","protected":false},"author":1,"featured_media":22853,"comment_status":"open","ping_status":"open","sticky":false,"template":"","format":"standard","meta":{"footnotes":""},"categories":[1],"tags":[],"class_list":["post-22852","post","type-post","status-publish","format-standard","has-post-thumbnail","hentry","category-non-classe"],"_links":{"self":[{"href":"https:\/\/monde25.info\/index.php\/wp-json\/wp\/v2\/posts\/22852","targetHints":{"allow":["GET"]}}],"collection":[{"href":"https:\/\/monde25.info\/index.php\/wp-json\/wp\/v2\/posts"}],"about":[{"href":"https:\/\/monde25.info\/index.php\/wp-json\/wp\/v2\/types\/post"}],"author":[{"embeddable":true,"href":"https:\/\/monde25.info\/index.php\/wp-json\/wp\/v2\/users\/1"}],"replies":[{"embeddable":true,"href":"https:\/\/monde25.info\/index.php\/wp-json\/wp\/v2\/comments?post=22852"}],"version-history":[{"count":0,"href":"https:\/\/monde25.info\/index.php\/wp-json\/wp\/v2\/posts\/22852\/revisions"}],"wp:featuredmedia":[{"embeddable":true,"href":"https:\/\/monde25.info\/index.php\/wp-json\/wp\/v2\/media\/22853"}],"wp:attachment":[{"href":"https:\/\/monde25.info\/index.php\/wp-json\/wp\/v2\/media?parent=22852"}],"wp:term":[{"taxonomy":"category","embeddable":true,"href":"https:\/\/monde25.info\/index.php\/wp-json\/wp\/v2\/categories?post=22852"},{"taxonomy":"post_tag","embeddable":true,"href":"https:\/\/monde25.info\/index.php\/wp-json\/wp\/v2\/tags?post=22852"}],"curies":[{"name":"wp","href":"https:\/\/api.w.org\/{rel}","templated":true}]}}