{"id":22858,"date":"2026-01-23T11:29:36","date_gmt":"2026-01-23T10:29:36","guid":{"rendered":"https:\/\/monde25.info\/index.php\/2026\/01\/23\/espaces-no-kids-dans-le-train-voyager-avec-un-enfant-deviendra-t-il-un-luxe\/"},"modified":"2026-01-23T11:29:36","modified_gmt":"2026-01-23T10:29:36","slug":"espaces-no-kids-dans-le-train-voyager-avec-un-enfant-deviendra-t-il-un-luxe","status":"publish","type":"post","link":"https:\/\/monde25.info\/index.php\/2026\/01\/23\/espaces-no-kids-dans-le-train-voyager-avec-un-enfant-deviendra-t-il-un-luxe\/","title":{"rendered":"Espaces \u00ab\u00a0no kids\u00a0\u00bb dans le train\u00a0: voyager avec un enfant deviendra-t-il un luxe\u00a0?"},"content":{"rendered":"<p> <br \/>\n<br \/><img loading=\"lazy\" decoding=\"async\" src=\"https:\/\/reporterre.net\/local\/cache-vignettes\/L700xH467\/afp__20260122__hl_nguyonnet_3030279__v1__highres__francetransporttrainsncfnokidsillu_1_-5c234.jpg?1769156801\" class=\"spip_logo\" width=\"700\" height=\"467\" alt=\"\" \/><\/p>\n<p>La <span class=\"caps\">SNCF<\/span> a cr\u00e9\u00e9 la pol\u00e9mique en proposant une nouvelle offre dans ses trains\u00a0: un espace interdit aux moins de 12 ans, pour \u00eatre au \u00ab<small class=\"fine d-inline\">\u00a0<\/small>calme<small class=\"fine d-inline\">\u00a0<\/small>\u00bb. De quoi r\u00e9duire encore plus la place accord\u00e9e aux enfants dans l&rsquo;espace public. <br class=\"autobr\" \/> \u00ab<small class=\"fine d-inline\">\u00a0<\/small>Je comprends que certaines personnes veuillent le silence, mais appeler \u00e7a un \u201cwagon sans enfants\u201d n&rsquo;est pas sympa. Il y a des enfants silencieux et des adultes bruyants. Ce n&rsquo;est pas li\u00e9 \u00e0 l&rsquo;\u00e2ge.<small class=\"fine d-inline\">\u00a0<\/small>\u00bb <br class=\"autobr\" \/><br \/>\n\u00c0 13\u00a0ans, Marcel sait de quoi il parle\u00a0: d&rsquo;avril \u00e0 fin ao\u00fbt, avec\u00a0(\u2026)<\/p>\n<p>                    <a target=\"_blank\" href=\"https:\/\/reporterre.net\/Espaces-no-kids-dans-le-train-voyager-avec-un-enfant-deviendra-t-il-un-luxe?utm_source=RSS&amp;utm_medium=RSS\">Lire la suite<\/a><\/p>\n<p>                    &#8211;<br \/>\n                        <a target=\"_blank\" href=\"https:\/\/reporterre.net\/Autres-infos\" rel=\"directory\">Info<\/a><\/p>\n<p>                    \/<br \/>\n                        <a target=\"_blank\" href=\"https:\/\/reporterre.net\/Transports\" rel=\"tag\">Transports<\/a><br \/>\n                    ,<br \/>\n                        <a target=\"_blank\" href=\"https:\/\/reporterre.net\/Social\" rel=\"tag\">Social<\/a><br \/>\n<br \/><br \/>\n<br \/><a href=\"https:\/\/reporterre.net\/Espaces-no-kids-dans-le-train-voyager-avec-un-enfant-deviendra-t-il-un-luxe\" target=\"_blank\"\">Source link <\/a><\/p>\n","protected":false},"excerpt":{"rendered":"<p>La SNCF a cr\u00e9\u00e9 la pol\u00e9mique en proposant une nouvelle offre dans ses trains\u00a0: un espace interdit aux moins de 12 ans, pour \u00eatre au \u00ab\u00a0calme\u00a0\u00bb. De quoi r\u00e9duire encore&hellip; <\/p>\n","protected":false},"author":1,"featured_media":0,"comment_status":"open","ping_status":"open","sticky":false,"template":"","format":"standard","meta":{"footnotes":""},"categories":[1],"tags":[],"class_list":["post-22858","post","type-post","status-publish","format-standard","hentry","category-non-classe"],"_links":{"self":[{"href":"https:\/\/monde25.info\/index.php\/wp-json\/wp\/v2\/posts\/22858","targetHints":{"allow":["GET"]}}],"collection":[{"href":"https:\/\/monde25.info\/index.php\/wp-json\/wp\/v2\/posts"}],"about":[{"href":"https:\/\/monde25.info\/index.php\/wp-json\/wp\/v2\/types\/post"}],"author":[{"embeddable":true,"href":"https:\/\/monde25.info\/index.php\/wp-json\/wp\/v2\/users\/1"}],"replies":[{"embeddable":true,"href":"https:\/\/monde25.info\/index.php\/wp-json\/wp\/v2\/comments?post=22858"}],"version-history":[{"count":0,"href":"https:\/\/monde25.info\/index.php\/wp-json\/wp\/v2\/posts\/22858\/revisions"}],"wp:attachment":[{"href":"https:\/\/monde25.info\/index.php\/wp-json\/wp\/v2\/media?parent=22858"}],"wp:term":[{"taxonomy":"category","embeddable":true,"href":"https:\/\/monde25.info\/index.php\/wp-json\/wp\/v2\/categories?post=22858"},{"taxonomy":"post_tag","embeddable":true,"href":"https:\/\/monde25.info\/index.php\/wp-json\/wp\/v2\/tags?post=22858"}],"curies":[{"name":"wp","href":"https:\/\/api.w.org\/{rel}","templated":true}]}}