{"id":22870,"date":"2026-01-23T15:53:37","date_gmt":"2026-01-23T14:53:37","guid":{"rendered":"https:\/\/monde25.info\/index.php\/2026\/01\/23\/les-10-actus-de-la-semaine-8\/"},"modified":"2026-01-23T15:53:37","modified_gmt":"2026-01-23T14:53:37","slug":"les-10-actus-de-la-semaine-8","status":"publish","type":"post","link":"https:\/\/monde25.info\/index.php\/2026\/01\/23\/les-10-actus-de-la-semaine-8\/","title":{"rendered":"les 10 actus de la semaine !"},"content":{"rendered":"<p> <br \/>\n<\/p>\n<div>\n<h4 data-start=\"164\" data-end=\"515\"><strong>Vous n\u2019avez pas eu le temps de suivre l\u2019actu ? Voici 10 infos \u00e0 ne surtout pas manquer cette semaine.\u00a0<\/strong><\/h4>\n<h2 data-start=\"164\" data-end=\"515\"><strong data-start=\"164\" data-end=\"246\">1. Trump sacrifie des r\u00e9serves naturelles pour construire un mur anti-migrants<\/strong><\/h2>\n<p data-start=\"164\" data-end=\"515\">Aux \u00c9tats-Unis, Donald Trump autorise <strong>la destruction de zones naturelles prot\u00e9g\u00e9es afin d\u2019acc\u00e9l\u00e9rer la construction d\u2019un mur frontalier.<\/strong> Des lois de protection sont contourn\u00e9es, affectant directement des \u00e9cosyst\u00e8mes class\u00e9s. (<a target=\"_blank\" href=\"https:\/\/lareleveetlapeste.fr\/trump-dynamite-des-reserves-naturelles-pour-construire-un-mur-anti-migrants\/\"><span class=\"hover:entity-accent entity-underline inline cursor-pointer align-baseline\"><span class=\"whitespace-normal\">La Rel\u00e8ve et La Peste<\/span><\/span><\/a>)<\/p>\n<h2 data-start=\"517\" data-end=\"813\"><strong data-start=\"517\" data-end=\"594\">2. 49.3 : un nouveau passage en force avec le soutien du Parti socialiste<\/strong><\/h2>\n<p data-start=\"517\" data-end=\"813\">Budget d\u2019aust\u00e9rit\u00e9 : le gouvernement Lecornu recourt pour <strong>la 29\u1d49 fois depuis 2022 \u00e0 l\u2019article 49.3<\/strong> pour faire adopter un texte sans vote. Cette utilisation intervient avec le soutien du Parti socialiste. (<a target=\"_blank\" href=\"https:\/\/contre-attaque.net\/2026\/01\/21\/le-29eme-49-3-depuis-2022-avec-le-soutien-du-ps\/\"><span class=\"hover:entity-accent entity-underline inline cursor-pointer align-baseline\"><span class=\"whitespace-normal\">Contre Attaque<\/span><\/span><\/a>)<\/p>\n<h2 data-start=\"815\" data-end=\"1145\"><strong data-start=\"815\" data-end=\"904\">3. SNCF : des violences sexistes et sexuelles d\u00e9nonc\u00e9es, des victimes mises \u00e0 l\u2019\u00e9cart<\/strong><\/h2>\n<p data-start=\"815\" data-end=\"1145\">Des violences sexistes et sexuelles sont signal\u00e9es au sein de la SNCF. Des victimes d\u00e9noncent une gestion interne qui conduit <strong>\u00e0 leur mise \u00e0 l\u2019\u00e9cart plut\u00f4t qu\u2019\u00e0 des sanctions contre les agresseurs.<\/strong> (<a target=\"_blank\" href=\"https:\/\/basta.media\/SNCF-violences-sexistes-et-sexuelles-tolerees-victimes-mises-a-l-ecart\"><span class=\"hover:entity-accent entity-underline inline cursor-pointer align-baseline\"><span class=\"whitespace-normal\">Basta!<\/span><\/span><\/a>)<\/p>\n<h2 data-start=\"1147\" data-end=\"1495\"><strong data-start=\"1147\" data-end=\"1235\">4. Espionnage : les \u00e9couteurs Bluetooth dans le viseur des services de renseignement<\/strong><\/h2>\n<p data-start=\"1147\" data-end=\"1495\">Des failles techniques permettent d\u2019utiliser certains \u00e9couteurs Bluetooth <strong>comme outils d\u2019espionnage.<\/strong> Les services de renseignement redoutent leur d\u00e9tournement pour capter des conversations \u00e0 l\u2019insu des utilisateurs, notamment dans le cas des d\u00e9bordements de Trump sur le Groenland. (<a target=\"_blank\" href=\"https:\/\/www.futura-sciences.com\/tech\/actualites\/espionnage-ecouteurs-bluetooth-espionnage-mecanisme-services-renseignement-redoutent-130370\/\"><span class=\"hover:entity-accent entity-underline inline cursor-pointer align-baseline\"><span class=\"whitespace-normal\">Futura-Sciences<\/span><\/span><\/a>)<\/p>\n<h2 data-start=\"1497\" data-end=\"1782\"><strong data-start=\"1497\" data-end=\"1566\">5. Nucl\u00e9aire : huit Fran\u00e7ais sur dix inquiets du risque de guerre<\/strong><\/h2>\n<p data-start=\"1497\" data-end=\"1782\">Un <a target=\"_blank\" href=\"https:\/\/po.pcf.fr\/international\/4419\/\">sondage IFOP<\/a> r\u00e9v\u00e8le que 80 % des Fran\u00e7ais se disent pr\u00e9occup\u00e9s par le risque de guerre nucl\u00e9aire. Cette inqui\u00e9tude traverse l\u2019ensemble des cat\u00e9gories sociales et politiques.<br data-start=\"1740\" data-end=\"1743\"\/>(<a target=\"_blank\" href=\"https:\/\/www.humanite.fr\/monde\/armes-nucleaires\/sondage-exclusif-8-francais-sur-10-sont-inquiets-du-risque-de-guerre-nucleaire\"><span class=\"hover:entity-accent entity-underline inline cursor-pointer align-baseline\"><span class=\"whitespace-normal\">L\u2019Humanit\u00e9<\/span><\/span><\/a>)<\/p>\n<h2 data-start=\"1784\" data-end=\"2062\"><strong data-start=\"1784\" data-end=\"1848\">6. Pesticides : des potagers contamin\u00e9s par du prosulfocarbe<\/strong><\/h2>\n<p data-start=\"1784\" data-end=\"2062\"><strong>Des jardins potagers sont contamin\u00e9s par du prosulfocarbe,<\/strong> un herbicide volatil utilis\u00e9 sur les c\u00e9r\u00e9ales, et capable de se diffuser sur de longues distances. Des cultures non trait\u00e9es sont touch\u00e9es. (<a target=\"_blank\" href=\"https:\/\/reporterre.net\/Des-jardins-potagers-contamines-par-du-prosulfocarbe-un-pesticide-juge-incontrolable\"><span class=\"hover:entity-accent entity-underline inline cursor-pointer align-baseline\"><span class=\"whitespace-normal\">Reporterre<\/span><\/span><\/a>)<\/p>\n<h2 data-start=\"2064\" data-end=\"2360\"><strong data-start=\"2064\" data-end=\"2123\">7. Assistants du FN : Marine Le Pen plaide la bonne foi<\/strong><\/h2>\n<p data-start=\"2064\" data-end=\"2360\">Au proc\u00e8s des assistants parlementaires du Front national, <strong>Marine Le Pen affirme avoir agi de bonne foi, tout en mentionnant une certaine ambiguit\u00e9.<\/strong>\u00a0L\u2019affaire porte sur l\u2019utilisation de fonds europ\u00e9ens et des soup\u00e7ons d\u2019emplois fictifs. (<a target=\"_blank\" href=\"https:\/\/www.paris-normandie.fr\/id691118\/article\/2026-01-22\/proces-des-assistants-du-fn-marine-le-pen-plaide-la-bonne-foi\"><span class=\"hover:entity-accent entity-underline inline cursor-pointer align-baseline\"><span class=\"whitespace-normal\">Paris-Normandie<\/span><\/span><\/a>)<\/p>\n<h2 data-start=\"2362\" data-end=\"2644\"><strong data-start=\"2362\" data-end=\"2424\">8. Groenland : Trump renonce \u00e0 l\u2019accaparement et aux droits de douane\u00a0<\/strong><\/h2>\n<p data-start=\"2362\" data-end=\"2644\">Donald Trump <strong>renonce au Groenland et \u00e0 aux droits de douane concernant le Groenland apr\u00e8s les avoir envisag\u00e9s.<\/strong> Il annonce un \u00ab\u00a0futur accord\u00a0\u00bb.\u00a0 (<a target=\"_blank\" href=\"https:\/\/www.humanite.fr\/monde\/donald-trump\/groenland-donald-trump-renonce-aux-droits-de-douane-victoire-ou-retropedalage\"><span class=\"hover:entity-accent entity-underline inline cursor-pointer align-baseline\"><span class=\"whitespace-normal\">L\u2019Humanit\u00e9<\/span><\/span><\/a>)<\/p>\n<h2 data-start=\"2646\" data-end=\"2934\"><strong data-start=\"2646\" data-end=\"2715\">9. Lyc\u00e9e : des enseignants d\u00e9noncent un programme de SES inadapt\u00e9<\/strong><\/h2>\n<p data-start=\"2646\" data-end=\"2934\">Des professeurs de sciences \u00e9conomiques et sociales critiquent <strong>un programme jug\u00e9 d\u00e9connect\u00e9 des enjeux \u00e9cologiques actuels.<\/strong> Ils d\u00e9noncent un formatage des contenus enseign\u00e9s. Certains d\u00e9noncent le programme Erasmus +. (<a target=\"_blank\" href=\"https:\/\/vert.eco\/articles\/des-rives-de-locean-atlantique-aux-couloirs-de-lassemblee-la-resistance-aux-fermes-a-saumons-sorganise\"><span class=\"hover:entity-accent entity-underline inline cursor-pointer align-baseline\"><span class=\"whitespace-normal\">Vert<\/span><\/span><\/a>)<\/p>\n<h2 data-start=\"2936\" data-end=\"3269\"><strong data-start=\"2936\" data-end=\"3007\">10. L\u2019\u00c9tat fran\u00e7ais mis en cause pour avoir musel\u00e9 des associations<\/strong><\/h2>\n<p data-start=\"2936\" data-end=\"3269\"><strong>La France est poursuivie devant la Cour de justice de l\u2019Union europ\u00e9enne pour avoir restreint l\u2019action d\u2019associations, notamment dans la protection du loup.<\/strong> Les mesures contest\u00e9es concernent notamment la libert\u00e9 d\u2019expression et d\u2019action des organisations. (<a target=\"_blank\" href=\"https:\/\/lareleveetlapeste.fr\/letat-francais-muselle-des-associations-devant-la-cour-de-justice-de-lunion-europeenne\/\"><span class=\"hover:entity-accent entity-underline inline cursor-pointer align-baseline\"><span class=\"whitespace-normal\">La Rel\u00e8ve et La Peste<\/span><\/span><\/a>)<\/p>\n<p style=\"text-align: right;\" data-start=\"2936\" data-end=\"3269\"><em>\u2013\u00a0 Mauricette Baelen<\/em><\/p>\n<div class=\"td-a-rec td-a-rec-id-content_inline  tdi_1 td_block_template_1\">\n<center><a target=\"_blank\" href=\"https:\/\/fr.tipeee.com\/mr-mondialisation\" class=\"tipeee-project-small\">Je m&rsquo;abonne \u00e0 Mr Mondialisation<\/a>&#13;<br \/>\n<\/center>&amp;nbsp<\/div>\n<div class=\"td-a-rec td-a-rec-id-content_bottom  tdi_2 td_block_template_1\">\n<span class=\"td-adspot-title\">&#8211; Cet article gratuit, ind\u00e9pendant et sans IA existe gr\u00e2ce aux abonn\u00e9s &#8211;<\/span><\/p>\n<div class=\"td-all-devices\">\n    <a target=\"_blank\" href=\"https:\/\/mrmondialisation.org\/donation\/\" title=\"Faire_un_don\"><img decoding=\"async\" class=\"donationArticle\" src=\"https:\/\/mrmondialisation.org\/wp-content\/uploads\/2022\/12\/220405-flikalicious-final.jpg\" alt=\"Donation\"\/><\/a>\n<\/div>\n<\/div><\/div>\n<p><br \/>\n<br \/><a href=\"https:\/\/mrmondialisation.org\/trump-49-3-et-sncf-les-10-actus-de-la-semaine\/\" target=\"_blank\"\">Source link <\/a><\/p>\n","protected":false},"excerpt":{"rendered":"<p>Vous n\u2019avez pas eu le temps de suivre l\u2019actu ? Voici 10 infos \u00e0 ne surtout pas manquer cette semaine.\u00a0 1. Trump sacrifie des r\u00e9serves naturelles pour construire un mur&hellip; <\/p>\n","protected":false},"author":1,"featured_media":22871,"comment_status":"open","ping_status":"open","sticky":false,"template":"","format":"standard","meta":{"footnotes":""},"categories":[1],"tags":[],"class_list":["post-22870","post","type-post","status-publish","format-standard","has-post-thumbnail","hentry","category-non-classe"],"_links":{"self":[{"href":"https:\/\/monde25.info\/index.php\/wp-json\/wp\/v2\/posts\/22870","targetHints":{"allow":["GET"]}}],"collection":[{"href":"https:\/\/monde25.info\/index.php\/wp-json\/wp\/v2\/posts"}],"about":[{"href":"https:\/\/monde25.info\/index.php\/wp-json\/wp\/v2\/types\/post"}],"author":[{"embeddable":true,"href":"https:\/\/monde25.info\/index.php\/wp-json\/wp\/v2\/users\/1"}],"replies":[{"embeddable":true,"href":"https:\/\/monde25.info\/index.php\/wp-json\/wp\/v2\/comments?post=22870"}],"version-history":[{"count":0,"href":"https:\/\/monde25.info\/index.php\/wp-json\/wp\/v2\/posts\/22870\/revisions"}],"wp:featuredmedia":[{"embeddable":true,"href":"https:\/\/monde25.info\/index.php\/wp-json\/wp\/v2\/media\/22871"}],"wp:attachment":[{"href":"https:\/\/monde25.info\/index.php\/wp-json\/wp\/v2\/media?parent=22870"}],"wp:term":[{"taxonomy":"category","embeddable":true,"href":"https:\/\/monde25.info\/index.php\/wp-json\/wp\/v2\/categories?post=22870"},{"taxonomy":"post_tag","embeddable":true,"href":"https:\/\/monde25.info\/index.php\/wp-json\/wp\/v2\/tags?post=22870"}],"curies":[{"name":"wp","href":"https:\/\/api.w.org\/{rel}","templated":true}]}}