{"id":22874,"date":"2026-01-23T16:59:46","date_gmt":"2026-01-23T15:59:46","guid":{"rendered":"https:\/\/monde25.info\/index.php\/2026\/01\/23\/les-fausses-verites-et-les-vrais-mensonges-de-mark-carney-une-capture-semantique-au-service-des-elites\/"},"modified":"2026-01-23T16:59:46","modified_gmt":"2026-01-23T15:59:46","slug":"les-fausses-verites-et-les-vrais-mensonges-de-mark-carney-une-capture-semantique-au-service-des-elites","status":"publish","type":"post","link":"https:\/\/monde25.info\/index.php\/2026\/01\/23\/les-fausses-verites-et-les-vrais-mensonges-de-mark-carney-une-capture-semantique-au-service-des-elites\/","title":{"rendered":"Les fausses v\u00e9rit\u00e9s et les vrais mensonges de Mark Carney : une capture s\u00e9mantique au service des \u00e9lites"},"content":{"rendered":"<p> <br \/>\n<\/p>\n<div>\n<p>Aujourd\u2019hui les mots sont armes et boucliers et le discours de Mark Carney au Forum \u00c9conomique Mondial (WEF) de Davos en 2026 incarne parfaitement ce que Bertolt Brecht d\u00e9non\u00e7ait dans ses \u00e9crits : \u00ab\u00a0<em>La v\u00e9rit\u00e9 est concr\u00e8te<\/em>\u00a0\u00bb, mais elle est souvent d\u00e9form\u00e9e par ceux qui la manipulent pour masquer leurs int\u00e9r\u00eats.<\/p>\n<p><iframe loading=\"lazy\" title=\"Le discours de Mark Carney \u00e0 DAVOS 2026\" width=\"1110\" height=\"624\" src=\"https:\/\/www.youtube.com\/embed\/-nS26vr-icA?feature=oembed\" frameborder=\"0\" allow=\"accelerometer; autoplay; clipboard-write; encrypted-media; gyroscope; picture-in-picture; web-share\" referrerpolicy=\"strict-origin-when-cross-origin\" allowfullscreen><\/iframe><\/p>\n<p>Brecht, dans son th\u00e9\u00e2tre \u00e9pique et ses r\u00e9flexions sur la propagande, soulignait comment les puissants inversent les v\u00e9rit\u00e9s en mensonges acceptables, cr\u00e9ant des \u00ab\u00a0<em>fausses v\u00e9rit\u00e9s<\/em>\u00a0\u00bb qui servent leur agenda tout en accusant les critiques d&rsquo;\u00eatre irrationnels ou nostalgiques. Carney, ancien banquier central et figure \u00e9minente des \u00e9lites globalistes, utilise une rh\u00e9torique sophistiqu\u00e9e pour d\u00e9peindre une \u00ab\u00a0<em>rupture g\u00e9opolitique<\/em>\u00a0\u00bb in\u00e9vitable, appelant \u00e0 un \u00ab\u00a0<em>r\u00e9alisme bas\u00e9 sur les valeurs<\/em>\u00a0\u00bb.\u00a0<\/p>\n<blockquote>\n<p>Mais, <strong>derri\u00e8re ce vernis philosophique se cache une capture s\u00e9mantique<\/strong> \u2013 la red\u00e9finition des termes pour justifier des politiques anti-citoyennes \u2013 des inversions accusatoires (accuser les nations moyennes de complaisance alors que les \u00e9lites en sont les architectes) et des rh\u00e9toriques \u00e9litistes qui privil\u00e9gient les multinationales au d\u00e9triment des peuples.<\/p>\n<\/blockquote>\n<p>En r\u00e9sumant les propos de Carney pour en permettre une compr\u00e9hension claire, il est possible de d\u00e9crypter en profondeur comment ses \u00ab\u00a0<em>v\u00e9rit\u00e9s<\/em>\u00a0\u00bb apparentes sont en r\u00e9alit\u00e9 des mensonges structur\u00e9s pour perp\u00e9tuer un syst\u00e8me in\u00e9galitaire.<\/p>\n<h5>\u00a0<\/h5>\n<h5><strong>Le discours de Carney : un appel au \u00ab\u00a0<\/strong><em><strong>r\u00e9alisme<\/strong><\/em><strong>\u00a0\u00bb dans un monde en rupture<\/strong><\/h5>\n<p>Mark Carney, pronon\u00e7ant son discours le 20 janvier 2026 \u00e0 Davos, s&rsquo;appuie sur des r\u00e9f\u00e9rences historiques et philosophiques pour diagnostiquer la fin de l&rsquo;ordre international fond\u00e9 sur des r\u00e8gles. Il invoque l&rsquo;aphorisme de Thucydide \u2013 \u00ab\u00a0<em>Les forts font ce qu&rsquo;ils peuvent, et les faibles subissent ce qu&rsquo;ils doivent<\/em>\u00a0\u00bb \u2013 pour illustrer une \u00e8re de rivalit\u00e9s entre grandes puissances, o\u00f9 l&rsquo;\u00e9conomie est instrumentalis\u00e9e via des tarifs (taxes douani\u00e8res), les infrastructures financi\u00e8res et les cha\u00eenes d&rsquo;approvisionnement. Selon lui, les nations ont longtemps v\u00e9cu dans un \u00ab\u00a0<em>mensonge<\/em>\u00a0\u00bb collectif, feignant de croire \u00e0 un syst\u00e8me juste, comme l&rsquo;\u00e9picier de V\u00e1clav Havel dans <em>Le Pouvoir des Sans-Pouvoir<\/em> qui affiche un slogan sans y adh\u00e9rer. Carney appelle \u00e0 \u00ab\u00a0<em>retirer les \u0153ill\u00e8res<\/em>\u00a0\u00bb et \u00e0 reconna\u00eetre la \u00ab\u00a0<em>rupture<\/em>\u00a0\u00bb g\u00e9opolitique, plut\u00f4t qu&rsquo;une simple transition.<\/p>\n<p>Il identifie des crises cumulatives (financi\u00e8res, sanitaires, \u00e9nerg\u00e9tiques, g\u00e9opolitiques) qui ont expos\u00e9 les risques d&rsquo;une int\u00e9gration globale excessive. Les institutions multilat\u00e9rales comme l&rsquo;OMC ou l&rsquo;ONU sont affaiblies, poussant les pays \u00e0 d\u00e9velopper une \u00ab\u00a0<em>autonomie strat\u00e9gique<\/em>\u00a0\u00bb en \u00e9nergie, alimentation et min\u00e9raux critiques. Pourtant, il met en garde contre l&rsquo;isolationnisme, plaidant pour une gestion collective des risques via des investissements partag\u00e9s.<\/p>\n<p>Centr\u00e9 sur le Canada, qu&rsquo;il pr\u00e9sente comme un mod\u00e8le pour les puissances moyennes, Carney pr\u00f4ne un \u00ab\u00a0<em>r\u00e9alisme bas\u00e9 sur les valeurs<\/em>\u00a0\u00bb \u2013 un m\u00e9lange de principes (souverainet\u00e9, int\u00e9grit\u00e9 territoriale, droits humains) et de pragmatisme (diversification des partenariats). Le Canada ne peut plus s&rsquo;appuyer uniquement sur sa position g\u00e9ographie ou ses alliances traditionnelles. Parmi les mesures mises en avant par Carney figurent :<\/p>\n<ul>\n<li><strong>Des r\u00e9formes internes<\/strong> comme la baisse des imp\u00f4ts sur les revenus, les gains en capital et les investissements, la suppression des barri\u00e8res au commerce interprovincial, et le doublement des d\u00e9penses de d\u00e9fense d&rsquo;ici la fin de la d\u00e9cennie, avec un focus sur les industries nationales<\/li>\n<li><strong>Une diversification internationale<\/strong> comprenant une accord strat\u00e9gique avec l&rsquo;UE, incluant l&rsquo;adh\u00e9sion \u00e0 SAFE pour la d\u00e9fense, 12 accords commerciaux et de s\u00e9curit\u00e9 sign\u00e9s en six mois sur quatre continents, y compris avec la Chine et le Qatar et des n\u00e9gociations pour des pactes avec l&rsquo;Inde, l&rsquo;ASEAN, la Tha\u00eflande, les Philippines et le Mercosur.<\/li>\n<li><strong>Des coalitions th\u00e9matiques<\/strong> qualifi\u00e9es de \u00ab\u00a0<em>g\u00e9om\u00e9tries variables<\/em>\u00bb comme la \u00ab\u00a0<em>Coalition des Volontaires<\/em>\u00a0\u00bb pour l&rsquo;Ukraine, la d\u00e9fense arctique avec le Groenland et le Danemark, un engagement OTAN in\u00e9branlable, et des investissements en radars, en sous-marins et en avions. Sur le commerce, un \u00ab\u00a0<em>pont<\/em>\u00a0\u00bb entre le TPP et l&rsquo;UE pour un bloc de 1,5 milliard de personnes ; des regroupements ou \u00ab\u00a0<em>clubs d&rsquo;acheteurs<\/em>\u00a0\u00bb G7 pour les min\u00e9raux critiques, et une coop\u00e9ration IA avec les d\u00e9mocraties alli\u00e9es pour \u00e9viter la d\u00e9pendance \u00e0 des h\u00e9g\u00e9mons ou aux \u00ab\u00a0hyperscalers\u00a0\u00bb (par exemple les data centers \u00e0 grande \u00e9chelle ou les organisations capables de fournir des services au monde entier et se trouver en position dominante).<\/li>\n<\/ul>\n<p>Carney oppose les tarifs sur le Groenland et appelle \u00e0 des n\u00e9gociations pour une prosp\u00e9rit\u00e9 partag\u00e9e. Il conclut sur l&rsquo;urgence d&rsquo;une honn\u00eatet\u00e9 brutale : nommer la rivalit\u00e9, appliquer des standards coh\u00e9rents, cr\u00e9er de nouvelles institutions, et r\u00e9duire les vuln\u00e9rabilit\u00e9s via une \u00e9conomie forte et diversifi\u00e9e. Le Canada, avec ses ressources et valeurs pluralistes, est positionn\u00e9 pour mener, invitant d&rsquo;autres nations \u00e0 rejoindre cette voie \u00ab\u00a0<em>ouverte et confiante<\/em>\u00a0\u00bb.<\/p>\n<h5>\u00a0<\/h5>\n<h5><strong>D\u00e9cryptage : fausses v\u00e9rit\u00e9s, vrais mensonges et m\u00e9canismes de manipulation<\/strong><\/h5>\n<p>Si les propos de Carney semblent rationnels et visionnaires, un examen critique \u2013 inspir\u00e9 de Brecht qui d\u00e9construisait les \u00ab\u00a0<em>v\u00e9rit\u00e9s officielles<\/em>\u00a0\u00bb pour r\u00e9v\u00e9ler leur fond id\u00e9ologique \u2013 expose une s\u00e9rie de fausses v\u00e9rit\u00e9s, c\u2019est-\u00e0-dire des <strong>affirmations d\u00e9form\u00e9es pr\u00e9sent\u00e9es comme incontestables<\/strong>, et de vrais mensonges, qui sont \u00a0des <strong>omissions ou inversions d\u00e9lib\u00e9r\u00e9es<\/strong>. Ces \u00e9l\u00e9ments illustrent une capture s\u00e9mantique, o\u00f9 les mots comme \u00ab\u00a0<em>valeurs<\/em>\u00a0\u00bb ou \u00ab\u00a0<em>r\u00e9alisme<\/em>\u00a0\u00bb sont red\u00e9finis pour masquer des int\u00e9r\u00eats \u00e9litistes, des inversions accusatoires qui bl\u00e2ment les \u00ab\u00a0<em>faibles<\/em>\u00a0\u00bb pour les \u00e9checs caus\u00e9s par les \u00ab\u00a0<em>forts<\/em>\u00a0\u00bb, et des rh\u00e9toriques \u00e9litistes qui d\u00e9connectent le discours des r\u00e9alit\u00e9s populaires.<\/p>\n<p><img decoding=\"async\" data-entity-uuid=\"743bd185-9ded-446e-9284-179633499619\" data-entity-type=\"file\" alt=\"CARNEY02\" width=\"721\" height=\"403\" class=\"align-center lazyload\" loading=\"lazy\" src=\"https:\/\/www.francesoir.fr\/sites\/default\/files\/inline-images\/DAVOSCARNEY%20%283%29%20-%20Copie.png\"\/><\/p>\n<p>\u00a0<\/p>\n<ul>\n<li>\n<p><strong>Une capture s\u00e9mantique avec la red\u00e9finition des termes pour justifier l&rsquo;injustifiable\u00a0: <\/strong>Carney capture le langage en transformant des concepts nobles en outils propagandistes. Par exemple, le \u00ab\u00a0<em>r\u00e9alisme bas\u00e9 sur les valeurs<\/em>\u00bb qu&rsquo;il d\u00e9fend est un oxymore : les \u00ab\u00a0<em>valeurs<\/em>\u00a0\u00bb telles que les droits humains et la souverainet\u00e9 sont invoqu\u00e9es pour l\u00e9gitimer des alliances avec la Chine et le Qatar, des r\u00e9gimes autoritaires. Cela constitue une fausse v\u00e9rit\u00e9, car la Chine, accus\u00e9e d&rsquo;ing\u00e9rence \u00e9lectorale au Canada selon les rapports des services de renseignement en 2019 et 2021, menace directement ces valeurs. Le vrai mensonge r\u00e9side dans l&rsquo;omission des b\u00e9n\u00e9fices pour les \u00e9lites : ces partenariats ouvrent des march\u00e9s chinois pour les min\u00e9raux et l&rsquo;intelligence artificielle, et du gaz qatari pour les transitions \u00ab\u00a0vertes\u00a0\u00bb que Carney promeut via ses r\u00f4les chez Brookfield et l&rsquo;ONU, mais ils exposent les citoyens \u00e0 la surveillance et \u00e0 la d\u00e9pendance. Brecht l&rsquo;aurait per\u00e7u comme une \u00ab\u00a0<em>v\u00e9rit\u00e9<\/em>\u00a0\u00bb abstraite, d\u00e9connect\u00e9e du concret, o\u00f9 les Canadiens subissent l&rsquo;inflation \u00e9nerg\u00e9tique pendant que les \u00e9lites engrangent des profits.<\/p>\n<p><img decoding=\"async\" data-entity-uuid=\"3a74f310-a80c-486f-aaca-e9825b7c3ab7\" data-entity-type=\"file\" alt=\"CARNEY03\" width=\"705\" height=\"394\" class=\"align-center lazyload\" loading=\"lazy\" src=\"https:\/\/www.francesoir.fr\/sites\/default\/files\/inline-images\/DAVOSCARNEY%20%284%29%20-%20Copie.png\"\/><\/p>\n<p>De la m\u00eame mani\u00e8re, la \u00ab\u00a0<em>rupture g\u00e9opolitique<\/em>\u00a0\u00bb est pr\u00e9sent\u00e9e par Carney comme une fatalit\u00e9 naturelle, avec des r\u00e9f\u00e9rences \u00e0 Thucydide et Havel. Cela repr\u00e9sente une capture s\u00e9mantique flagrante : cet \u00ab\u00a0<em>ordre fond\u00e9 sur les r\u00e8gles<\/em>\u00a0\u00bb n&rsquo;\u00e9tait pas une illusion innocente, mais une construction \u00e9litiste n\u00e9olib\u00e9rale qui a favoris\u00e9 la d\u00e9localisation et la financiarisation. Le vrai mensonge ici est que Carney, en tant qu&rsquo;architecte de ce syst\u00e8me chez Goldman Sachs et aux banques centrales, accuse les nations de \u00ab\u00a0<em>complaisance<\/em>\u00a0\u00bb \u2013 ce qui est une inversion accusatoire \u2013 alors que les \u00e9lites en sont les b\u00e9n\u00e9ficiaires directs.\u00a0<\/p>\n<p>Les citoyens, victimes de la d\u00e9sindustrialisation, subissent les cons\u00e9quences sans avoir voix au chapitre.<\/p>\n<p><img decoding=\"async\" data-entity-uuid=\"1d867894-c541-4cb1-a705-f3543f6a9186\" data-entity-type=\"file\" alt=\"CARNEY07\" width=\"702\" height=\"392\" class=\"align-center lazyload\" loading=\"lazy\" src=\"https:\/\/www.francesoir.fr\/sites\/default\/files\/inline-images\/DAVOSCARNEY%20%289%29%20-%20Copie.png\"\/><\/li>\n<li>\n<p><strong>Des inversions accusatoires consistant \u00e0 bl\u00e2mer les victimes pour masquer les coupables <\/strong>: une rh\u00e9torique \u00e9litiste r\u00e9currente chez Carney est l&rsquo;inversion accusatoire : il accuse les puissances moyennes comme le Canada d&rsquo;avoir \u00ab\u00a0<em>v\u00e9cu dans le mensonge<\/em>\u00bb en feignant la justice internationale et les exhorte \u00e0 \u00ab\u00a0<em>retirer leurs \u0153ill\u00e8res<\/em>\u00a0\u00bb. Cela est une fausse v\u00e9rit\u00e9, car ce mensonge collectif est en r\u00e9alit\u00e9 impos\u00e9 par les \u00e9lites de Davos, qui ont profit\u00e9 de l&rsquo;int\u00e9gration globale pour accumuler des richesses, comme les fonds de pension canadiens investis en Chine. Le vrai mensonge consiste \u00e0 ignorer que ces crises \u00e9nerg\u00e9tiques et g\u00e9opolitiques d\u00e9coulent de politiques \u00e9litistes telles que les sanctions unilat\u00e9rales ou les bulles financi\u00e8res supervis\u00e9es par Carney. En inversant les r\u00f4les, il bl\u00e2me les \u00ab\u00a0<em>faibles<\/em>\u00a0\u00bb, \u00e0 savoir les citoyens et les nations moyennes, pour ne pas s&rsquo;adapter, alors que les \u00ab\u00a0<em>forts<\/em>\u00a0\u00bb, comme les multinationales et les hyperscalers, dictent les r\u00e8gles. Brecht d\u00e9non\u00e7ait pr\u00e9cis\u00e9ment cela dans ses pi\u00e8ces : les puissants accusent les opprim\u00e9s de leur propre oppression, rendant ainsi la v\u00e9rit\u00e9 \u00ab chass\u00e9e \u00bb par la propagande.<\/p>\n<p>Concernant les coalitions \u00ab\u00a0<em>variables<\/em>\u00a0\u00bb telles que les clubs du G7 pour les min\u00e9raux ou le pont entre le TPP et l&rsquo;Union europ\u00e9enne, Carney inverse encore la r\u00e9alit\u00e9 : il pr\u00e9sente cela comme <strong>une \u00ab\u00a0<\/strong><em><strong>gestion collective<\/strong><\/em><strong>\u00a0\u00bb inclusive, mais il s&rsquo;agit en fait d&rsquo;une fragmentation \u00e9litiste qui exclut les pays en d\u00e9veloppement<\/strong>. C&rsquo;est aussi une fausse v\u00e9rit\u00e9, car ces arrangements ne r\u00e9duisent pas les risques, mais cr\u00e9ent des monopoles sur les ressources critiques, ce qui hausse les co\u00fbts pour les citoyens via l&rsquo;inflation \u00ab\u00a0<em>verte<\/em>\u00a0\u00bb tout en enrichissant les \u00e9lites. L&rsquo;opposition de Carney aux tarifs sur le Groenland est une autre inversion : il accuse l&rsquo;isolationnisme de fragiliser les nations, pourtant il d\u00e9fend en r\u00e9alit\u00e9 des deals miniers qui vendent la souverainet\u00e9 arctique aux int\u00e9r\u00eats priv\u00e9s.<\/p>\n<p><img decoding=\"async\" data-entity-uuid=\"f47ebd5e-430a-4a51-a498-550396e8d3ef\" data-entity-type=\"file\" alt=\"CARNEY04\" width=\"703\" height=\"393\" class=\"align-center lazyload\" loading=\"lazy\" src=\"https:\/\/www.francesoir.fr\/sites\/default\/files\/inline-images\/DAVOSCARNEY%20%285%29%20-%20Copie.png\"\/><\/li>\n<li>\n<p><strong>Des rh\u00e9toriques \u00e9litistes avec un discours d\u00e9connect\u00e9 des int\u00e9r\u00eats citoyens\u00a0: <\/strong>les r\u00e9formes internes \u00e9voqu\u00e9es par Carney, comme la baisse d&rsquo;imp\u00f4ts et le doublement des d\u00e9penses de d\u00e9fense, sont vant\u00e9es comme pragmatiques, mais cela rel\u00e8ve d&rsquo;une rh\u00e9torique \u00e9litiste : ces baisses profitent principalement aux riches et aux entreprises, aggravant ainsi les in\u00e9galit\u00e9s, qui atteignent un record au Canada. Cela constitue une fausse v\u00e9rit\u00e9, car ces mesures renforcent pr\u00e9tendument l&rsquo;\u00e9conomie domestique, mais le vrai mensonge est que les fonds allou\u00e9s \u00e0 la d\u00e9fense servent les industries militaires alli\u00e9es au WEF, et non la sant\u00e9 ou l&rsquo;\u00e9ducation des citoyens. Carney, qui voyage en jet priv\u00e9 \u00e0 Davos, ignore les critiques populaires relay\u00e9es sur X, o\u00f9 il est tax\u00e9 d&rsquo;alignement avec le \u00ab\u00a0<em>PCC ontologiquement mal\u00e9fique<\/em>\u00bb. La capture s\u00e9mantique ultime r\u00e9side dans le terme \u00ab\u00a0<em>diversification<\/em>\u00a0\u00bb, qui signifie en r\u00e9alit\u00e9 une d\u00e9pendance accrue \u00e0 des r\u00e9gimes hostiles, et non une autonomie r\u00e9elle.<\/p>\n<p><img decoding=\"async\" data-entity-uuid=\"d8c9fe47-fb28-40f0-8013-79b3ef583a9e\" data-entity-type=\"file\" alt=\"CARNEY05\" width=\"699\" height=\"390\" class=\"align-center lazyload\" loading=\"lazy\" src=\"https:\/\/www.francesoir.fr\/sites\/default\/files\/inline-images\/DAVOSCARNEY%20%286%29%20-%20Copie.png\"\/><\/li>\n<\/ul>\n<p>En conclusion, le discours de Carney parait comme un ma\u00eetre-\u0153uvre de manipulation davossienne, o\u00f9 les fausses v\u00e9rit\u00e9s, comme un \u00ab\u00a0<em>r\u00e9alisme<\/em>\u00a0\u00bb valoris\u00e9, cachent de vrais mensonges, tels que des alliances anti-d\u00e9mocratiques. Comme Brecht le soulignait, <strong>la v\u00e9rit\u00e9 n&rsquo;est pas abstraite mais concr\u00e8te : elle doit servir les peuples, et non les \u00e9lites<\/strong>. Une alternative souverainiste, centr\u00e9e sur les citoyens \u2013 avec une protection contre l&rsquo;ing\u00e9rence, des emplois stables et des co\u00fbts bas \u2013 d\u00e9mant\u00e8lerait cette rh\u00e9torique.\u00a0<\/p>\n<blockquote>\n<p>Sans cela, les \u00ab\u00a0<em>faibles<\/em>\u00a0\u00bb continueront de subir, tandis que les \u00ab\u00a0<em>forts<\/em>\u00a0\u00bb dictent les narratives.<\/p>\n<\/blockquote>\n<p>R\u00e9sum\u00e9 vid\u00e9o de l&rsquo;article\u00a0<br \/><iframe loading=\"lazy\" title=\"Les fausses v\u00e9rit\u00e9s et les vrais mensonges de Mark Carney   capture s\u00e9mantique au service des \u00e9lites\" width=\"1110\" height=\"624\" src=\"https:\/\/www.youtube.com\/embed\/Tey5YPq5Deo?feature=oembed\" frameborder=\"0\" allow=\"accelerometer; autoplay; clipboard-write; encrypted-media; gyroscope; picture-in-picture; web-share\" referrerpolicy=\"strict-origin-when-cross-origin\" allowfullscreen><\/iframe><\/p>\n<\/div>\n<p><script>(function(d, s, id) {  var js, fjs = d.getElementsByTagName(s)[0];  if (d.getElementById(id)) return;  js = d.createElement(s); js.id = id;  js.src = \"\/\/connect.facebook.net\/fr_FR\/sdk.js#xfbml=1&version=v2.3\";  fjs.parentNode.insertBefore(js, fjs);}(document, \"script\", \"facebook-jssdk\"));<\/script><br \/>\n<br \/><br \/>\n<br \/><a href=\"https:\/\/www.francesoir.fr\/opinions-tribunes\/les-fausses-verites-et-les-vrais-mensonges-de-mark-carney-une-capture-semantique\" target=\"_blank\"\">Source link <\/a><\/p>\n","protected":false},"excerpt":{"rendered":"<p>Aujourd\u2019hui les mots sont armes et boucliers et le discours de Mark Carney au Forum \u00c9conomique Mondial (WEF) de Davos en 2026 incarne parfaitement ce que Bertolt Brecht d\u00e9non\u00e7ait dans&hellip; <\/p>\n","protected":false},"author":1,"featured_media":22875,"comment_status":"open","ping_status":"open","sticky":false,"template":"","format":"standard","meta":{"footnotes":""},"categories":[1],"tags":[],"class_list":["post-22874","post","type-post","status-publish","format-standard","has-post-thumbnail","hentry","category-non-classe"],"_links":{"self":[{"href":"https:\/\/monde25.info\/index.php\/wp-json\/wp\/v2\/posts\/22874","targetHints":{"allow":["GET"]}}],"collection":[{"href":"https:\/\/monde25.info\/index.php\/wp-json\/wp\/v2\/posts"}],"about":[{"href":"https:\/\/monde25.info\/index.php\/wp-json\/wp\/v2\/types\/post"}],"author":[{"embeddable":true,"href":"https:\/\/monde25.info\/index.php\/wp-json\/wp\/v2\/users\/1"}],"replies":[{"embeddable":true,"href":"https:\/\/monde25.info\/index.php\/wp-json\/wp\/v2\/comments?post=22874"}],"version-history":[{"count":0,"href":"https:\/\/monde25.info\/index.php\/wp-json\/wp\/v2\/posts\/22874\/revisions"}],"wp:featuredmedia":[{"embeddable":true,"href":"https:\/\/monde25.info\/index.php\/wp-json\/wp\/v2\/media\/22875"}],"wp:attachment":[{"href":"https:\/\/monde25.info\/index.php\/wp-json\/wp\/v2\/media?parent=22874"}],"wp:term":[{"taxonomy":"category","embeddable":true,"href":"https:\/\/monde25.info\/index.php\/wp-json\/wp\/v2\/categories?post=22874"},{"taxonomy":"post_tag","embeddable":true,"href":"https:\/\/monde25.info\/index.php\/wp-json\/wp\/v2\/tags?post=22874"}],"curies":[{"name":"wp","href":"https:\/\/api.w.org\/{rel}","templated":true}]}}