{"id":22880,"date":"2026-01-23T20:51:51","date_gmt":"2026-01-23T19:51:51","guid":{"rendered":"https:\/\/monde25.info\/index.php\/2026\/01\/23\/en-espagne-lextreme-droite-exploite-la-catastrophe-dadamuz-pour-taper-sur-le-gouvernement\/"},"modified":"2026-01-23T20:51:51","modified_gmt":"2026-01-23T19:51:51","slug":"en-espagne-lextreme-droite-exploite-la-catastrophe-dadamuz-pour-taper-sur-le-gouvernement","status":"publish","type":"post","link":"https:\/\/monde25.info\/index.php\/2026\/01\/23\/en-espagne-lextreme-droite-exploite-la-catastrophe-dadamuz-pour-taper-sur-le-gouvernement\/","title":{"rendered":"En Espagne, l&#039;extr\u00eame droite exploite la catastrophe d&#039;Adamuz pour taper sur le gouvernement"},"content":{"rendered":"<p> <br \/>\n<br \/><img loading=\"lazy\" decoding=\"async\" src=\"https:\/\/reporterre.net\/local\/cache-vignettes\/L700xH467\/spanishtrain-a2ac3.jpg?1769181001\" class=\"spip_logo\" width=\"700\" height=\"467\" alt=\"\" \/><\/p>\n<p>D\u00e8s le lendemain de la catastrophe ferroviaire d&rsquo;Adamuz qui a fait 45 morts, le parti d&rsquo;extr\u00eame droite Vox a cibl\u00e9 le gouvernement, accus\u00e9 d&rsquo;avoir laiss\u00e9 tomber le r\u00e9seau ferr\u00e9 en d\u00e9liquescence. <br class=\"autobr\" \/><br \/>\nEspagne, correspondance <br class=\"autobr\" \/><br \/>\nUne jeune femme tombe accroupie pour soulager sa naus\u00e9e devant le mur des ar\u00e8nes de Cordoue. Elle se rel\u00e8ve apr\u00e8s de longues secondes, secou\u00e9e par les sanglots dans les bras de celle qui l&rsquo;assiste depuis le d\u00e9but. Depuis la veille, ce type de sc\u00e8nes s&rsquo;est encha\u00een\u00e9 devant\u00a0(\u2026)<\/p>\n<p>                    <a target=\"_blank\" href=\"https:\/\/reporterre.net\/En-Espagne-l-extreme-droite-exploite-la-catastrophe-d-Adamuz-pour-taper-sur-le?utm_source=RSS&amp;utm_medium=RSS\">Lire la suite<\/a><\/p>\n<p>                    &#8211;<br \/>\n                        <a target=\"_blank\" href=\"https:\/\/reporterre.net\/Autres-infos\" rel=\"directory\">Info<\/a><\/p>\n<p>                    \/<br \/>\n                        <a target=\"_blank\" href=\"https:\/\/reporterre.net\/International\" rel=\"tag\">Monde<\/a><br \/>\n                    ,<br \/>\n                        <a target=\"_blank\" href=\"https:\/\/reporterre.net\/Politique\" rel=\"tag\">Politique<\/a><br \/>\n                    ,<br \/>\n                        <a target=\"_blank\" href=\"https:\/\/reporterre.net\/Transports\" rel=\"tag\">Transports<\/a><br \/>\n<br \/><br \/>\n<br \/><a href=\"https:\/\/reporterre.net\/En-Espagne-l-extreme-droite-exploite-la-catastrophe-d-Adamuz-pour-taper-sur-le\" target=\"_blank\"\">Source link <\/a><\/p>\n","protected":false},"excerpt":{"rendered":"<p>D\u00e8s le lendemain de la catastrophe ferroviaire d&rsquo;Adamuz qui a fait 45 morts, le parti d&rsquo;extr\u00eame droite Vox a cibl\u00e9 le gouvernement, accus\u00e9 d&rsquo;avoir laiss\u00e9 tomber le r\u00e9seau ferr\u00e9 en&hellip; <\/p>\n","protected":false},"author":1,"featured_media":0,"comment_status":"open","ping_status":"open","sticky":false,"template":"","format":"standard","meta":{"footnotes":""},"categories":[1],"tags":[],"class_list":["post-22880","post","type-post","status-publish","format-standard","hentry","category-non-classe"],"_links":{"self":[{"href":"https:\/\/monde25.info\/index.php\/wp-json\/wp\/v2\/posts\/22880","targetHints":{"allow":["GET"]}}],"collection":[{"href":"https:\/\/monde25.info\/index.php\/wp-json\/wp\/v2\/posts"}],"about":[{"href":"https:\/\/monde25.info\/index.php\/wp-json\/wp\/v2\/types\/post"}],"author":[{"embeddable":true,"href":"https:\/\/monde25.info\/index.php\/wp-json\/wp\/v2\/users\/1"}],"replies":[{"embeddable":true,"href":"https:\/\/monde25.info\/index.php\/wp-json\/wp\/v2\/comments?post=22880"}],"version-history":[{"count":0,"href":"https:\/\/monde25.info\/index.php\/wp-json\/wp\/v2\/posts\/22880\/revisions"}],"wp:attachment":[{"href":"https:\/\/monde25.info\/index.php\/wp-json\/wp\/v2\/media?parent=22880"}],"wp:term":[{"taxonomy":"category","embeddable":true,"href":"https:\/\/monde25.info\/index.php\/wp-json\/wp\/v2\/categories?post=22880"},{"taxonomy":"post_tag","embeddable":true,"href":"https:\/\/monde25.info\/index.php\/wp-json\/wp\/v2\/tags?post=22880"}],"curies":[{"name":"wp","href":"https:\/\/api.w.org\/{rel}","templated":true}]}}