{"id":22894,"date":"2026-01-24T06:14:22","date_gmt":"2026-01-24T05:14:22","guid":{"rendered":"https:\/\/monde25.info\/index.php\/2026\/01\/24\/pourquoi-leurope-ne-sopposera-jamais-aux-etats-unis\/"},"modified":"2026-01-24T06:14:22","modified_gmt":"2026-01-24T05:14:22","slug":"pourquoi-leurope-ne-sopposera-jamais-aux-etats-unis","status":"publish","type":"post","link":"https:\/\/monde25.info\/index.php\/2026\/01\/24\/pourquoi-leurope-ne-sopposera-jamais-aux-etats-unis\/","title":{"rendered":"Pourquoi l\u2019Europe ne s\u2019opposera jamais aux \u00c9tats-Unis"},"content":{"rendered":"<p> <br \/>\n<\/p>\n<div>\n<ol class=\"campaign-loop campaign-list\">\n<li id=\"campaign-482494\" class=\"post-482494 campaign type-campaign status-publish hentry campaign-has-goal campaign-has-achieved-goal campaign-has-end-date campaign-has-not-ended\">\n\t<a target=\"_blank\" href=\"https:\/\/reseauinternational.net\/campaigns\/campagne-de-dons-septembre-octobre-2025\/\"><\/p>\n<h3>Soutenez-nous<\/h3>\n<p>\t\t\t<\/a><\/p>\n<p>\n\tVotre soutien nous est indispensable pour continuer \u00e0 vous fournir le meilleur de l\u2019information internationale alternative. C\u2019est gr\u00e2ce \u00e0 vos dons que nous pourrons maintenir le cap pour une information plurielle et r\u00e9ellement alternative. Nous comptons sur vous.<\/p>\n<\/li>\n<\/ol>\n<p>par <strong>Guevorg Mirza\u00efan<\/strong><\/p>\n<p><strong>Il n\u2019y a aucune r\u00e9sistance paneurop\u00e9enne \u00e0 Trump concernant le Groenland. Il n\u2019y a pas non plus de position flexible paneurop\u00e9enne sur l\u2019Ukraine qui pourrait redonner \u00e0 l\u2019Europe une certaine subjectivit\u00e9, au moins sur ce point.<\/strong><\/p>\n<p>Le Premier ministre polonais Donald Tusk a rappel\u00e9 une phrase des <em>Trois Mousquetaires<\/em> d\u2019Alexandre Dumas, \u00ab<em>un pour tous, tous pour un<\/em>\u00bb. C\u2019est \u00e0 cela qu\u2019il a appel\u00e9 ses homologues europ\u00e9ens qui, selon lui, devraient r\u00e9sister collectivement \u00e0 Donald Trump. Dans le cas contraire, a not\u00e9 Tusk, \u00ab<em>nous sommes finis<\/em>\u00bb.<\/p>\n<p>\u00c0 premi\u00e8re vue, il n\u2019y a aucun obstacle. Les autorit\u00e9s actuelles de l\u2019Union europ\u00e9enne sont des alli\u00e9s id\u00e9ologiques, \u00e0 de rares exceptions pr\u00e8s comme le Premier ministre hongrois Viktor Orban et son homologue slovaque Robert Fico. De plus, le niveau d\u2019int\u00e9gration au sein de l\u2019Union europ\u00e9enne est si \u00e9lev\u00e9 qu\u2019il les oblige simplement \u00e0 coordonner leur politique \u00e9trang\u00e8re et int\u00e9rieure. Enfin, l\u2019Union europ\u00e9enne a d\u00e9j\u00e0 d\u00e9montr\u00e9 sa capacit\u00e9 \u00e0 se consolider contre la Russie, lorsque presque tous les \u00c9tats europ\u00e9ens se sont activement engag\u00e9s dans la guerre russo-ukrainienne aux c\u00f4t\u00e9s de Kiev.<\/p>\n<p>Cependant, les chances que tous se l\u00e8vent pour un seul, c\u2019est-\u00e0-dire le Danemark, dans un conflit avec Trump tendent vers z\u00e9ro.<\/p>\n<p>Premi\u00e8rement, parce que l\u2019Europe est gouvern\u00e9e par des ombres de grands hommes. La direction actuelle de l\u2019Europe, qu\u2019il s\u2019agisse de la pr\u00e9sidente de la Commission europ\u00e9enne Ursula von der Leyen, de sa commissaire europ\u00e9enne aux affaires \u00e9trang\u00e8res Kaja Kallas avec sa mentalit\u00e9 locale estonienne ou des dirigeants des principaux pays, ne poss\u00e8de pas une r\u00e9flexion strat\u00e9gique. Et ils ne peuvent pas en avoir, car l\u2019environnement des ann\u00e9es 1990, lorsqu\u2019ils ont grandi en tant que politiciens, a form\u00e9 davantage des administrateurs que des leaders. Ils sont simplement incapables de prendre des d\u00e9cisions difficiles bas\u00e9es sur des int\u00e9r\u00eats nationaux, comme l\u2019ont montr\u00e9 notamment l\u2019histoire des gazoducs Nord Stream ainsi que le refus de reconna\u00eetre leur d\u00e9faite en Ukraine et de modifier leur propre politique.<\/p>\n<p>Deuxi\u00e8mement, on ne les laissera pas le faire dans leurs propres pays. Presque tous les dirigeants des grands \u00c9tats europ\u00e9ens ont des positions politiques internes extr\u00eamement fragiles. Et ce sont pr\u00e9cis\u00e9ment les forces consid\u00e9r\u00e9es comme des alli\u00e9es de Donald Trump qui \u00e9rodent leur pouvoir. Marine Le Pen en France, l\u2019Alternative pour l\u2019Allemagne (AfD) en Allemagne, ainsi que Nigel Farage et son Reform UK en Grande-Bretagne.<\/p>\n<p>Troisi\u00e8mement, ils ne seront pas autoris\u00e9s \u00e0 le faire au sein de l\u2019Union europ\u00e9enne. Certes, l\u2019AfD, n\u2019est pas encore au pouvoir, mais les susmentionn\u00e9s Viktor Orban et Robert Fico ainsi que le Premier ministre tch\u00e8que Andrej Babis dirigent d\u00e9j\u00e0 leurs pays, et tous sont des partenaires de Donald Trump. Certains d\u2019entre eux n\u2019aiment peut-\u00eatre pas la volont\u00e9 du locataire de la Maison-Blanche d\u2019occuper le Groenland, mais ils aiment encore moins la Commission europ\u00e9enne. Cette m\u00eame Commission europ\u00e9enne qui les contraint \u00e0 renoncer \u00e0 leurs int\u00e9r\u00eats nationaux et \u00e0 leurs valeurs conservatrices, qui les p\u00e9nalise pour refuser, \u00e0 leurs propres frais, de corriger les erreurs de l\u2019UE en mati\u00e8re de politique migratoire. Et ils comprennent tous que c\u2019est pr\u00e9cis\u00e9ment l\u2019amiti\u00e9 avec Trump ainsi que la volont\u00e9 d\u2019aider le dirigeant am\u00e9ricain dans ses entreprises qui constitue pour ces pays la seule protection contre Bruxelles. Par exemple, aider lors des votes au sein de l\u2019UE en opposant leur veto aux propositions qui ne sont pas favorables \u00e0 Trump.<\/p>\n<p>Enfin, quatri\u00e8mement, les administrateurs europ\u00e9ens faibles d\u2019esprit, entrav\u00e9s par des contraintes politiques internes et externes, peuvent emprunter une voie beaucoup plus simple : \u00abchacun pour soi\u00bb.<\/p>\n<p>En effet, pourquoi devraient-ils tous se lever pour la Premi\u00e8re ministre danoise Mette Frederiksen, car c\u2019est elle, et non eux, qui a \u00e9nerv\u00e9 Trump par ses d\u00e9clarations sur une quelconque souverainet\u00e9 europ\u00e9enne vis-\u00e0-vis des \u00c9tats-Unis. C\u2019est elle, et non eux, qui poss\u00e8de le territoire que Trump a d\u00e9clar\u00e9 am\u00e9ricain.<\/p>\n<p>Pourquoi devraient-ils se lever pour Donald Tusk ? Car c\u2019est lui avec sa femme, et non eux, qui a insult\u00e9 Trump avant son \u00e9lection, le qualifiant presque d\u2019agent russe.<\/p>\n<p>Ceux qui n\u2019ont pas commis le \u00abp\u00e9ch\u00e9\u00bb de l\u2019anti-trumpisme, par exemple, la Premi\u00e8re ministre italienne Giorgia Meloni et le pr\u00e9sident finlandais Alexander Stubb, peuvent, au lieu de se solidariser avec les perdants et de g\u00e2cher leur karma aux yeux du pr\u00e9sident am\u00e9ricain, trouver un terrain d\u2019entente avec lui. Peut-\u00eatre qu\u2019alors les sanctions de Trump les \u00e9pargneront. D\u2019autant plus que selon les dirigeants europ\u00e9ens, ils n\u2019auront pas \u00e0 supporter longtemps le pr\u00e9sident am\u00e9ricain, seulement trois ans, jusqu\u2019\u00e0 l\u2019\u00e9lection d\u2019un nouveau locataire de la Maison-Blanche.<\/p>\n<p>C\u2019est pourquoi les appels de Donald Tusk ne m\u00e8nent nulle part. Il n\u2019y a aucune r\u00e9sistance paneurop\u00e9enne contre Trump concernant le Groenland. Il n\u2019y a pas non plus de position flexible paneurop\u00e9enne sur l\u2019Ukraine, qui pourrait redonner \u00e0 l\u2019Europe une certaine subjectivit\u00e9, au moins sur ce point. Au lieu de cela, les dirigeants europ\u00e9ens tentent de se sauver individuellement, car le bonheur est \u00e9go\u00efste. Et ceux d\u2019entre eux qui, en th\u00e9orie, pourraient r\u00e9sister, doivent se souvenir de la phrase de d\u2019Artagnan : \u00ab<em>J\u2019aime mieux voyager seul que d\u2019avoir un compagnon qui tremble<\/em>\u00bb.<\/p>\n<p>Pour l\u2019Europe, la situation ne pourrait \u00eatre pire. Le Danemark se voit enlever sous les yeux de tous un immense territoire, contrairement \u00e0 toutes les normes du droit, y compris l\u2019Acte final d\u2019Helsinki sur l\u2019inviolabilit\u00e9 des fronti\u00e8res en Europe. Ainsi, n\u2019importe quel pays europ\u00e9en pourrait \u00eatre absorb\u00e9. Et les Europ\u00e9ens sont tr\u00e8s m\u00e9contents que la Russie ait obtenu le plein droit moral et juridique de reprendre tous les anciens territoires russes, et pas seulement. C\u2019est une catastrophe politique. En fait, les \u00c9tats-Unis et la Russie se partagent l\u2019Europe, qui doit d\u00e9cider \u00e0 qui se soumettre. Et il ne serait pas surprenant qu\u2019elle se soumette \u00e0 la Russie. Ainsi, il y a une chance de pr\u00e9server son individualit\u00e9, que les \u00c9tats-Unis effaceront en quelques d\u00e9cennies.<\/p>\n<p>source : <a target=\"_blank\" href=\"https:\/\/www.observateur-continental.fr\/?module=articles&amp;action=view&amp;id=7552\" target=\"_blank\" rel=\"noopener\" title=\"\">Observateur Continental<\/a><\/p>\n<div class=\"sharedaddy sd-block sd-like jetpack-likes-widget-wrapper jetpack-likes-widget-unloaded\" id=\"like-post-wrapper-237719536-507607-69743cb2e9d7f\" data-src=\"https:\/\/widgets.wp.com\/likes\/?ver=15.2#blog_id=237719536&amp;post_id=507607&amp;origin=reseauinternational.net&amp;obj_id=237719536-507607-69743cb2e9d7f\" data-name=\"like-post-frame-237719536-507607-69743cb2e9d7f\" data-title=\"Aimer ou rebloguer\">\n<h3 class=\"sd-title\">J\u2019aime \u00e7a\u00a0:<\/h3>\n<p><span class=\"button\"><span>J\u2019aime<\/span><\/span> <span class=\"loading\">chargement\u2026<\/span><\/p>\n<p><span class=\"sd-text-color\"\/><a target=\"_blank\" class=\"sd-link-color\"\/><\/div>\n<p><meta itemscope=\"\" itemprop=\"mainEntityOfPage\" itemtype=\"https:\/\/schema.org\/WebPage\" itemid=\"https:\/\/reseauinternational.net\/pourquoi-leurope-ne-sopposera-jamais-aux-etats-unis\/\"\/><meta itemprop=\"headline\" content=\"Pourquoi l\u2019Europe ne s\u2019opposera jamais aux \u00c9tats-Unis\"\/><span style=\"display: none;\" itemprop=\"author\" itemscope=\"\" itemtype=\"https:\/\/schema.org\/Person\"><meta itemprop=\"name\" content=\"R\u00e9seau International\"\/><\/span><span style=\"display: none;\" itemprop=\"image\" itemscope=\"\" itemtype=\"https:\/\/schema.org\/ImageObject\"><meta itemprop=\"url\" content=\"https:\/\/i0.wp.com\/reseauinternational.net\/wp-content\/uploads\/2026\/01\/Sans-titre-34-2.png?fit=800%2C467&amp;ssl=1\"\/><meta itemprop=\"width\" content=\"800\"\/><meta itemprop=\"height\" content=\"467\"\/><\/span><span style=\"display: none;\" itemprop=\"publisher\" itemscope=\"\" itemtype=\"https:\/\/schema.org\/Organization\"><span style=\"display: none;\" itemprop=\"logo\" itemscope=\"\" itemtype=\"https:\/\/schema.org\/ImageObject\"><meta itemprop=\"url\" content=\"https:\/\/reseauinternational.net\/wp-content\/uploads\/2022\/06\/Capture-de\u0301cran-2022-06-14-a\u0300-16.51.07.png\"\/><\/span><meta itemprop=\"name\" content=\"R\u00e9seau International\"\/><\/span><meta itemprop=\"datePublished\" content=\"2026-01-23T17:15:12+00:00\"\/><meta itemprop=\"dateModified\" content=\"2026-01-23T17:15:36+00:00\"\/><\/div>\n<p><br \/>\n<br \/><a href=\"https:\/\/reseauinternational.net\/pourquoi-leurope-ne-sopposera-jamais-aux-etats-unis\/\" target=\"_blank\"\">Source link <\/a><\/p>\n","protected":false},"excerpt":{"rendered":"<p>Soutenez-nous Votre soutien nous est indispensable pour continuer \u00e0 vous fournir le meilleur de l\u2019information internationale alternative. C\u2019est gr\u00e2ce \u00e0 vos dons que nous pourrons maintenir le cap pour une&hellip; <\/p>\n","protected":false},"author":1,"featured_media":22895,"comment_status":"open","ping_status":"open","sticky":false,"template":"","format":"standard","meta":{"footnotes":""},"categories":[1],"tags":[],"class_list":["post-22894","post","type-post","status-publish","format-standard","has-post-thumbnail","hentry","category-non-classe"],"_links":{"self":[{"href":"https:\/\/monde25.info\/index.php\/wp-json\/wp\/v2\/posts\/22894","targetHints":{"allow":["GET"]}}],"collection":[{"href":"https:\/\/monde25.info\/index.php\/wp-json\/wp\/v2\/posts"}],"about":[{"href":"https:\/\/monde25.info\/index.php\/wp-json\/wp\/v2\/types\/post"}],"author":[{"embeddable":true,"href":"https:\/\/monde25.info\/index.php\/wp-json\/wp\/v2\/users\/1"}],"replies":[{"embeddable":true,"href":"https:\/\/monde25.info\/index.php\/wp-json\/wp\/v2\/comments?post=22894"}],"version-history":[{"count":0,"href":"https:\/\/monde25.info\/index.php\/wp-json\/wp\/v2\/posts\/22894\/revisions"}],"wp:featuredmedia":[{"embeddable":true,"href":"https:\/\/monde25.info\/index.php\/wp-json\/wp\/v2\/media\/22895"}],"wp:attachment":[{"href":"https:\/\/monde25.info\/index.php\/wp-json\/wp\/v2\/media?parent=22894"}],"wp:term":[{"taxonomy":"category","embeddable":true,"href":"https:\/\/monde25.info\/index.php\/wp-json\/wp\/v2\/categories?post=22894"},{"taxonomy":"post_tag","embeddable":true,"href":"https:\/\/monde25.info\/index.php\/wp-json\/wp\/v2\/tags?post=22894"}],"curies":[{"name":"wp","href":"https:\/\/api.w.org\/{rel}","templated":true}]}}