{"id":22896,"date":"2026-01-24T06:47:43","date_gmt":"2026-01-24T05:47:43","guid":{"rendered":"https:\/\/monde25.info\/index.php\/2026\/01\/24\/la-verite-assassinee-les-cinq-difficultes-de-brecht-revelent-la-propagande-qui-etouffe-notre-societe-en-declin\/"},"modified":"2026-01-24T06:47:43","modified_gmt":"2026-01-24T05:47:43","slug":"la-verite-assassinee-les-cinq-difficultes-de-brecht-revelent-la-propagande-qui-etouffe-notre-societe-en-declin","status":"publish","type":"post","link":"https:\/\/monde25.info\/index.php\/2026\/01\/24\/la-verite-assassinee-les-cinq-difficultes-de-brecht-revelent-la-propagande-qui-etouffe-notre-societe-en-declin\/","title":{"rendered":"La v\u00e9rit\u00e9 assassin\u00e9e : les cinq difficult\u00e9s de Brecht r\u00e9v\u00e8lent la propagande qui \u00e9touffe notre soci\u00e9t\u00e9 en d\u00e9clin"},"content":{"rendered":"<p> <br \/>\n<\/p>\n<div>\n<p>Dans un monde o\u00f9 la <strong>v\u00e9rit\u00e9 n&rsquo;est plus un droit mais un combat<\/strong>, l&rsquo;essai de Bertolt Brecht, <em>Cinq difficult\u00e9s pour \u00e9crire la v\u00e9rit\u00e9<\/em> (1935), r\u00e9sonne comme un cri d&rsquo;alarme intemporel. \u00c9crit en exil face au nazisme triomphant, ce texte n&rsquo;est pas une simple r\u00e9flexion philosophique : <strong>c&rsquo;est un manuel de r\u00e9sistance contre les forces qui d\u00e9forment la r\u00e9alit\u00e9 pour pr\u00e9server le pouvoir<\/strong>. Brecht, dramaturge marxiste et antifasciste, y d\u00e9montre que dire la v\u00e9rit\u00e9 exige courage, intelligence, art, jugement et ruse \u2013 des vertus rares dans une \u00e8re o\u00f9 la propagande n&rsquo;est plus cach\u00e9e dans les secrets d&rsquo;\u00c9tat, comme l&rsquo;\u00e9voquait la philosophe Anne Dufourmantelle dans ses m\u00e9ditations sur le risque et le secret, mais fa\u00e7onn\u00e9e ouvertement pour d\u00e9tourner les citoyens.<\/p>\n<p>\u00c0 cette urgence brechtienne s&rsquo;ajoute un imp\u00e9ratif d\u00e9ontologique fondamental : la Charte de Munich (1971), r\u00e9f\u00e9rence europ\u00e9enne en mati\u00e8re de journalisme, place en devoir num\u00e9ro un des journalistes : \u00ab <em>Respecter la v\u00e9rit\u00e9, quelles qu\u2019en puissent \u00eatre les cons\u00e9quences pour lui-m\u00eame, et ce, en raison du droit que le public a de conna\u00eetre la v\u00e9rit\u00e9.<\/em>\u00bb Ce premier devoir \u2013 souvent r\u00e9sum\u00e9 par l&rsquo;expression \u00ab <em>dire la v\u00e9rit\u00e9 quoiqu&rsquo;il en co\u00fbte<\/em> \u00bb \u2013 fait \u00e9cho direct au courage exig\u00e9 par Brecht.\u00a0<\/p>\n<p><img decoding=\"async\" data-entity-uuid=\"94674334-2180-4d9c-8699-a8d2c87b7f20\" data-entity-type=\"file\" alt=\"VERITE01\" width=\"703\" height=\"393\" class=\"align-center lazyload\" loading=\"lazy\" src=\"https:\/\/www.francesoir.fr\/sites\/default\/files\/inline-images\/VERITEBRECHT%20%282%29%20-%20Copie.png\"\/><\/p>\n<p>Il rappelle que la v\u00e9rit\u00e9 n&rsquo;est pas n\u00e9gociable, m\u00eame quand elle menace carri\u00e8re, s\u00e9curit\u00e9 ou consensus. Or, dans notre \u00e8re de propagande institutionnalis\u00e9e, ce devoir est massivement bafou\u00e9 : m\u00e9dias align\u00e9s, censure algorithmique et ostracisation des voix dissidentes transforment ce qui devrait \u00eatre un pilier professionnel en acte de r\u00e9sistance.<\/p>\n<blockquote>\n<p>Aujourd&rsquo;hui, en 2026, cette propagande inverse le progr\u00e8s en r\u00e9gression, comme le d\u00e9nonce <a target=\"_blank\" href=\"https:\/\/www.francesoir.fr\/opinions-tribunes-societe-economie\/le-decrochage-francais-au-dela-de-la-productivite-un-declin\">l&rsquo;analyse du d\u00e9crochage fran\u00e7ais<\/a> : un pays jadis innovant sombrant dans le conformisme, la dette et la censure, o\u00f9 la cr\u00e9ativit\u00e9 c\u00e8de la place \u00e0 une normalisation st\u00e9rile qui aggrave crises sanitaires et g\u00e9opolitiques.<\/p>\n<\/blockquote>\n<p>Brecht nous avertit : <strong>le fascisme n&rsquo;est pas une aberration, mais une phase du capitalisme en crise, masquant ses barbaries par un spectacle th\u00e9\u00e2tra<\/strong>l. Appliquons ses cinq difficult\u00e9s aux autorit\u00e9s actuelles, qui refusent d&rsquo;admettre les m\u00e9faits des confinements, des masques, l&rsquo;ostracisation des traitements pr\u00e9coces, les risques des vaccins ARNm, ou la coresponsabilit\u00e9 dans la guerre russo-ukrainienne via le non-respect des accords de Minsk. Ce refus n&rsquo;est pas une erreur : <strong>c&rsquo;est une schizophr\u00e9nie du pouvoir, nourrie par la peur de la mort et l&rsquo;orgueil de ne pas avouer ses torts<\/strong>, transformant la soci\u00e9t\u00e9 en un corps malade incapable de v\u00e9rit\u00e9. Relions cela \u00e0 l&rsquo;\u00e9mission <em>Le D\u00e9fi de la V\u00e9rit\u00e9<\/em> de France Soir, qui incarne la ruse brechtienne pour percer cette opacit\u00e9, et \u00e0 l&rsquo;article appelant <a target=\"_blank\" href=\"https:\/\/www.francesoir.fr\/opinions-editos\/emmanuel-macron-au-defi-de-la-verite\"><strong>Emmanuel Macron \u00e0 la transparence \u2013 un d\u00e9fi ignor\u00e9 qui illustre notre d\u00e9clin collectif<\/strong><\/a>.<\/p>\n<p>\u00a0<\/p>\n<h5><strong>Les cinq difficult\u00e9s pour \u00e9crire la v\u00e9rit\u00e9 selon Brecht : un guide subversif<\/strong><\/h5>\n<p>Brecht structure son essai autour de <strong>cinq obstacles que tout antifasciste doit surmonter<\/strong> pour <strong>faire de la v\u00e9rit\u00e9 une arme contre l&rsquo;oppression<\/strong>. Ces difficult\u00e9s ne sont pas abstraites : elles exigent une action dialectique, r\u00e9v\u00e9lant les contradictions du syst\u00e8me.<\/p>\n<ol>\n<li>Le <strong>courage d&rsquo;\u00e9crire la v\u00e9rit\u00e9<\/strong> : il faut oser la dire, m\u00eame impopulaire ou dangereuse. Brecht fustige ceux qui se taisent par peur des repr\u00e9sailles, pr\u00e9f\u00e9rant flatter les puissants plut\u00f4t que d\u00e9fendre les opprim\u00e9s.<\/li>\n<li><strong>L&rsquo;intelligence de reconna\u00eetre la v\u00e9rit\u00e9<\/strong> : elle est souvent fragment\u00e9e, masqu\u00e9e par la propagande. Une analyse critique, mat\u00e9rialiste, est n\u00e9cessaire pour assembler les faits et d\u00e9masquer les causes profondes \u2013 \u00e9conomiques, sociales \u2013 au-del\u00e0 des apparences.<\/li>\n<li><strong>L&rsquo;art de faire de la v\u00e9rit\u00e9 une arme<\/strong> : ne pas se contenter de la plainte : la v\u00e9rit\u00e9 doit inciter \u00e0 l&rsquo;action, montrer que les injustices ne sont pas fatales mais rem\u00e9diables par la lutte collective. C&rsquo;est l&rsquo;essence du th\u00e9\u00e2tre \u00e9pique de Brecht, qui distancie pour critiquer.<\/li>\n<li><strong>Le jugement de savoir \u00e0 qui confier la v\u00e9rit\u00e9<\/strong> : la donner aux bonnes mains \u2013 les r\u00e9sistants, les opprim\u00e9s \u2013 pour qu&rsquo;elle ne soit pas d\u00e9tourn\u00e9e par les oppresseurs.<\/li>\n<li><strong>La ruse de pouvoir r\u00e9pandre la v\u00e9rit\u00e9 malgr\u00e9 la r\u00e9pression<\/strong> : user d&rsquo;ironie, de paraboles, de dissimulation pour infiltrer le syst\u00e8me censoriel.<\/li>\n<\/ol>\n<p><img decoding=\"async\" data-entity-uuid=\"0a24a0bf-bc5b-495c-95d9-f145de841674\" data-entity-type=\"file\" alt=\"VERITE01\" width=\"704\" height=\"393\" class=\"align-center lazyload\" loading=\"lazy\" src=\"https:\/\/www.francesoir.fr\/sites\/default\/files\/inline-images\/VERITEBRECHT%20%283%29%20-%20Copie.png\"\/><\/p>\n<p>Ces principes, forg\u00e9s contre le nazisme, illuminent notre \u00e9poque : une propagande omnipr\u00e9sente qui, contrairement \u00e0 l&rsquo;\u00e8re des secrets chers \u00e0 Dufourmantelle (o\u00f9 le risque personnel nourrissait l&rsquo;intime), fabrique des narratifs collectifs pour ali\u00e9ner les masses.<\/p>\n<h5><strong>Application aux autorit\u00e9s actuelles : Le refus obstin\u00e9 de la v\u00e9rit\u00e9 sur la COVID et l&rsquo;Ukraine et tant d&rsquo;autres sujets<\/strong><\/h5>\n<p>Les autorit\u00e9s contemporaines incarnent ces difficult\u00e9s \u00e0 l&rsquo;envers : au lieu de surmonter les obstacles pour dire la v\u00e9rit\u00e9, elles les \u00e9rigent en remparts pour la cacher.<\/p>\n<ul>\n<li><strong>Courage manquant<\/strong> : admettre les m\u00e9faits des confinements (expliqu\u00e9s par la science) \u2013 impacts psychologiques massifs, retards \u00e9ducatifs, suicides en hausse \u2013 ou l&rsquo;efficacit\u00e9 limit\u00e9e des masques en population g\u00e9n\u00e9rale (comme l&rsquo;ont montr\u00e9 des m\u00e9ta-analyses post-2020) <strong>exigerait un aveu qui \u00e9branlerait la l\u00e9gitimit\u00e9<\/strong>. Sur les vaccins ARNm, reconna\u00eetre que les b\u00e9n\u00e9fices sont inf\u00e9rieurs aux risques pour certains groupes (jeunes, en bonne sant\u00e9) ou que des effets secondaires graves (myocardites, thromboses) ont \u00e9t\u00e9 minimis\u00e9s, <strong>c&rsquo;est risquer des poursuites<\/strong>. Pour l&rsquo;Ukraine, avouer la part de responsabilit\u00e9 occidentale dans l&rsquo;escalade \u2013 via l&rsquo;expansion de l&rsquo;OTAN et le non-respect des accords de Minsk (2014-2015, ignor\u00e9s par Kiev comme par Moscou) \u2013 fragiliserait des alliances g\u00e9opolitiques.<br \/>\u00a0<\/li>\n<li>\n<p><strong>Intelligence d\u00e9faillante<\/strong> : <a target=\"_blank\" href=\"https:\/\/www.francesoir.fr\/societe-sante-science-tech\/covid-19-l-histoire-cachee-des-traitements-precoces-une-enquete-sur-les\">l&rsquo;ostracisation des traitements pr\u00e9coces<\/a> (hydroxychloroquine, ivermectine) via des \u00e9tudes biais\u00e9es (<a target=\"_blank\" href=\"https:\/\/www.francesoir.fr\/societe-sante-science-tech\/recovery-etude-britannique-un-scandale-mortel-denonce-en-2020-par-france\">comme Recovery avec surdosages<\/a> toxiques) refl\u00e8te une vision s\u00e9lective, priorisant les vaccins rentables. Ignorer les donn\u00e9es sur les risques des vaccins \u00e0 ARNm (rapports VAERS, EudraVigilance) ou le contexte historique de Minsk (autonomie du Donbass non appliqu\u00e9e) privil\u00e9gie <strong>un <\/strong><a target=\"_blank\" href=\"https:\/\/www.francesoir.fr\/opinions-editos\/vrais-mensonges-et-fausses-verites-les-nouveaux-standards-de-la-propagande-1\"><strong>narratif binaire<\/strong><\/a><strong> sur <\/strong><a target=\"_blank\" href=\"https:\/\/www.francesoir.fr\/opinions-editos\/le-metaverse-de-la-guerre-en-ukraine-mythe-ou-realite\"><strong>une dialectique complexe<\/strong><\/a>.<\/p>\n<p><img decoding=\"async\" data-entity-uuid=\"fbb8dfa7-cfb9-4351-8136-8bd014e998c0\" data-entity-type=\"file\" alt=\"covid\" width=\"374\" height=\"209\" loading=\"lazy\" class=\"lazyload\" src=\"https:\/\/www.francesoir.fr\/sites\/default\/files\/inline-images\/image_967.png\"\/><\/p>\n<\/li>\n<li>\n<p><strong>Art invers\u00e9<\/strong> : <strong>la v\u00e9rit\u00e9 est transform\u00e9e en fatalit\u00e9<\/strong> (<a target=\"_blank\" href=\"https:\/\/www.francesoir.fr\/societe-sante\/le-confinement-tout-ce-que-lon-ne-vous-pas-dit-aberration-humaine-sanitaire\">\u00ab\u00a0<em>pas d&rsquo;alternative<\/em>\u00bb aux mesures COVID, malgr\u00e9 des mod\u00e8les comme la Su\u00e8de<\/a>), <a target=\"_blank\" href=\"https:\/\/www.francesoir.fr\/societe-sante\/covid-19-comment-la-science-et-les-statistiques-ont-ete-detournees-au-detriment-des\">rendant les citoyens passifs<\/a>. Sur l&rsquo;Ukraine, pr\u00e9senter le conflit comme in\u00e9vitable masque les opportunit\u00e9s diplomatiques manqu\u00e9es et <a target=\"_blank\" href=\"https:\/\/www.francesoir.fr\/opinions-editos\/l-art-du-compromis\">surtout les carences de ce qui a fait que la France a \u00e9t\u00e9 reconnue internationalement pendant des d\u00e9cennies<\/a>, \u00e0 commencer par la D\u00e9claration des droits de l\u2019homme et le respect des libert\u00e9s fondamentales. Une question s\u2019impose aussi\u00a0:\u00a0 <a target=\"_blank\" href=\"https:\/\/www.francesoir.fr\/opinions-editos\/le-courage-de-la-paix\">le courage de la Paix a-t-il abandonn\u00e9 les \u00e9lites fran\u00e7aises\u00a0?<\/a><\/p>\n<p><img decoding=\"async\" data-entity-uuid=\"ea299e9b-1317-4e91-9989-afe699eb9346\" data-entity-type=\"file\" width=\"392\" height=\"221\" loading=\"lazy\" class=\"lazyload\" src=\"https:\/\/www.francesoir.fr\/sites\/default\/files\/inline-images\/image_968.png\"\/><\/p>\n<\/li>\n<li><a target=\"_blank\" href=\"https:\/\/www.francesoir.fr\/opinions-editos\/s-interroger-est-il-encore-possible-fausses-verites-contre-vrais-mensonges\"><strong>Jugement biais\u00e9<\/strong><\/a> : la v\u00e9rit\u00e9 est confin\u00e9e \u00e0 des <a target=\"_blank\" href=\"https:\/\/www.francesoir.fr\/opinions-editos\/france-pays-des-lumieres-eteintes-opacite-divisions-et-trahison-des-libertes\">cercles opaques<\/a> (conseils scientifiques, <a target=\"_blank\" href=\"https:\/\/www.francesoir.fr\/opinions-editos\/l-otan-nous-emporte-au-neant\">briefings OTAN<\/a>), ostracisant les dissidents (comme les professeurs Raoult ou Perronne accus\u00e9s de charlatanisme).<br \/>\u00a0<\/li>\n<li><strong>Ruse pour le mensonge<\/strong> : des changements de discours (masques inutiles puis obligatoires) ou des inversions accusatoires (<a target=\"_blank\" href=\"https:\/\/www.francesoir.fr\/opinions-editos\/complotistes-ou-sentinelles-un-dimanche-pour-questionner-la-presse-en-peril\">\u00ab\u00a0<em>complotistes<\/em>\u00bb pour les critiques<\/a>, ou sentinelles\u00a0?) diffusent des demi-v\u00e9rit\u00e9s malgr\u00e9 la r\u00e9pression.<\/li>\n<\/ul>\n<p>\u00a0<\/p>\n<h5><strong>Pourquoi ce refus ? Peur de la mort, orgueil et schizophr\u00e9nie du pouvoir<\/strong><\/h5>\n<p>Est-ce simplement la peur de la mort \u2013 pand\u00e9mie comme apocalypse, guerre comme menace existentielle \u2013 ou le refus visc\u00e9ral d&rsquo;avoir tort ? Les deux se conjuguent dans une schizophr\u00e9nie institutionnelle : les leaders disent l&rsquo;inverse de ce qu&rsquo;ils savent (ex. : <a target=\"_blank\" href=\"https:\/\/www.francesoir.fr\/videos-les-debriefings\/analyse-des-assertions-scientifiques-demmanuel-macron-par-le-pr-peter\">affirmations initiales sur l&rsquo;innocuit\u00e9 vaccinale contredites par des donn\u00e9es \u00e9mergentes<\/a>), usant de coercition (<a target=\"_blank\" href=\"https:\/\/www.francesoir.fr\/opinions-editos\/la-declaration-de-paris-l-etat-artisan-de-ses-propres-mensonges-face-une-verite-qu\">lois anti-d\u00e9sinformation<\/a>, ostracisation) et d&rsquo;inversions accusatoires (accuser les sceptiques d&rsquo;\u00eatre \u00ab\u00a0<em>antivax<\/em>\u00a0\u00bb ou \u00ab\u00a0<em>pro-Poutine<\/em>\u00a0\u00bb).\u00a0<\/p>\n<p><img decoding=\"async\" data-entity-uuid=\"a162167f-1f47-4f5f-9e26-08648d8bf899\" data-entity-type=\"file\" alt=\"VERITE09\" width=\"706\" height=\"394\" class=\"align-center lazyload\" loading=\"lazy\" src=\"https:\/\/www.francesoir.fr\/sites\/default\/files\/inline-images\/VERITEBRECHT%20%289%29%20-%20Copie.png\"\/><\/p>\n<p>Cette pathologie n&rsquo;est pas individuelle : elle d\u00e9coule d&rsquo;un syst\u00e8me capitaliste en crise, <strong>o\u00f9 admettre l&rsquo;erreur exposerait des int\u00e9r\u00eats priv\u00e9s (comme ceux de l\u2019industrie pharma ou de l\u2019armement) ou g\u00e9opolitiques<\/strong>. Brecht l&rsquo;avait vu : le pouvoir th\u00e9\u00e2tralise pour ali\u00e9ner.<\/p>\n<p>\u00a0<\/p>\n<h5><strong>Une soci\u00e9t\u00e9 malade, incapable de v\u00e9rit\u00e9 : de l&rsquo;\u00e8re des secrets \u00e0 celle de la propagande<\/strong><\/h5>\n<p>Oui, le monde est devenu tellement malade qu&rsquo;il n&rsquo;est plus \u00e0 m\u00eame de dire la v\u00e9rit\u00e9. Ce n&rsquo;est plus l&rsquo;\u00e8re des secrets intimes et risqu\u00e9s d&rsquo;Anne Dufourmantelle, o\u00f9 <strong>le non-dit nourrissait la r\u00e9flexion personnelle<\/strong>. C&rsquo;est l&rsquo;heure de la propagande fa\u00e7onn\u00e9e, omnipr\u00e9sente via algorithmes et m\u00e9dias align\u00e9s, qui d\u00e9tourne les citoyens en bulles id\u00e9ologiques. Cette <a target=\"_blank\" href=\"https:\/\/www.francesoir.fr\/societe-science-tech\/resister-aux-frameworks-preserver-la-liberte-la-creativite-et-la-verite-partie\"><strong>maladie inverse la cr\u00e9ativit\u00e9 en conformisme<\/strong><\/a> : au lieu du progr\u00e8s, nous assistons au d\u00e9crochage fran\u00e7ais\u00a0: <a target=\"_blank\" href=\"https:\/\/www.francesoir.fr\/opinions-tribunes-societe-economie\/le-decrochage-francais-au-dela-de-la-productivite-un-declin\">le PIB par habitant a chut\u00e9 de 95 % \u00e0 70 % du niveau am\u00e9ricain depuis 1990, avec une productivit\u00e9 stagnante \u00e0 0,5 % par an contre 1,5 % aux USA<\/a>.<\/p>\n<p><img decoding=\"async\" data-entity-uuid=\"2301a6b5-3148-4a72-b60b-0fb5ff8a6153\" data-entity-type=\"file\" alt=\"VERITE10\" width=\"701\" height=\"391\" class=\"align-center lazyload\" loading=\"lazy\" src=\"https:\/\/www.francesoir.fr\/sites\/default\/files\/inline-images\/VERITEBRECHT%20%2810%29%20-%20Copie.png\"\/><\/p>\n<p>Les causes ? Un conformisme culturel post-1980, une aversion au risque (43 % des Fran\u00e7ais refusent tout investissement risqu\u00e9), un \u00c9tat absorbant 57 % du PIB via 400 000 normes europ\u00e9ennes, et une <strong>confusion entre innovation et progr\u00e8s r\u00e9el<\/strong> \u2013 comme le Cr\u00e9dit d&rsquo;Imp\u00f4t Recherche d\u00e9tourn\u00e9 pour des optimisations fiscales sans valeur. La crise COVID aggrave cela : censure des effets secondaires des ARNm dans les m\u00e9dias publics, \u00e9touffant la critique scientifique et favorisant une r\u00e9gression o\u00f9 la France devient suiveuse (d\u00e9pendance \u00e0 Google, Nvidia), avec d\u00e9sindustrialisation, \u00e9migration de talents et faillites en hausse de 15 % en 2025 due aux co\u00fbts \u00e9nerg\u00e9tiques<\/p>\n<p><img decoding=\"async\" data-entity-uuid=\"e0dcecb0-0ac2-43d3-bbb8-54ee345fe984\" data-entity-type=\"file\" alt=\"VERITE11\" width=\"706\" height=\"394\" class=\"align-center lazyload\" loading=\"lazy\" src=\"https:\/\/www.francesoir.fr\/sites\/default\/files\/inline-images\/VERITEBRECHT%20%2811%29%20-%20Copie.png\"\/><\/p>\n<p><a target=\"_blank\" href=\"https:\/\/www.francesoir.fr\/opinions-editos\/davos-2026-le-crepuscule-des-elites-avides-et-trump-sonnal-le-glas\"><strong>Davos 2026 illustre magistralement cette maladie soci\u00e9tale<\/strong><\/a> : un cirque \u00e9litiste o\u00f9 <a target=\"_blank\" href=\"https:\/\/x.com\/DrewPavlou\/status\/2013751118044504483\">les propos de Mark Carney<\/a>, Premier ministre canadien, montrent une capture s\u00e9mantique aux couleurs d\u2019un propagandisme partial sur des \u00ab\u00a0<em>partenariats strat\u00e9giques<\/em>\u00a0\u00bb avec des r\u00e9gimes comme la Chine communiste \u2013 accus\u00e9e d&rsquo;ing\u00e9rences \u00e9lectorales au Canada \u2013, inversant la morale pour masquer une alliance avec l&rsquo; \u00ab\u00a0<em>ontologiquement mal<\/em>\u00a0\u00bb (comme l&rsquo;accuse un post viral sur X). Face \u00e0 cela, Donald Trump, en mode <em>Full Metal Jacket<\/em>, tente de sonner le glas des \u00e9lites avides avec un discours conqu\u00e9rant qui fustige l&rsquo;Europe d\u00e9faillante et pousse pour une paix en Ukraine en bl\u00e2mant Zelenskyy, tout en raillant une nouvelle fois le pr\u00e9sident Macron avec c\u2019est lunette de \u00ab\u00a0Top Seum\u00a0\u00bb. Des lunettes qui servent \u00e0 masquer ses expressions et les propos hors sols de ses \u00e9lucubrations sur la d\u00e9sinformation et la science \u2013 ce dernier d\u00e9non\u00e7ant les complotistes alors que son r\u00e9gime orchestre une censure orwellienne, mena\u00e7ant les m\u00e9dias ind\u00e9pendants et fabriquant des narratifs biais\u00e9s sur la sant\u00e9 publique. Ces inversions \u00e9litistes, o\u00f9 les puissants accusent les dissidents de leurs propres vices, prouvent que la propagande n&rsquo;est plus un secret, mais un spectacle th\u00e9\u00e2tral qui acc\u00e9l\u00e8re notre d\u00e9clin collectif.<\/p>\n<blockquote>\n<p><em>Ce d\u00e9clin n&rsquo;est pas fatal : c&rsquo;est le fruit d&rsquo;une propagande qui normalise l&rsquo;innovation \u00e9litiste, bloquant le vrai progr\u00e8s utile \u00e0 tous.<\/em><\/p>\n<\/blockquote>\n<p>\u00a0<\/p>\n<h5><em><strong>Le D\u00e9fi de la V\u00e9rit\u00e9<\/strong><\/em><strong> de <\/strong><em><strong>France Soir<\/strong><\/em><strong> : une ruse Brechtienne contre l&rsquo;opacit\u00e9\u00a0?<\/strong><\/h5>\n<p>L&rsquo;\u00e9mission <em>Le D\u00e9fi de la V\u00e9rit\u00e9<\/em> de <em>France-Soir<\/em>, lanc\u00e9e en 2020, est l&rsquo;incarnation moderne des cinq difficult\u00e9s : un format invitant les puissants \u00e0 un d\u00e9bat factuel, brisant l&rsquo;illusion propagandiste. L&rsquo;article <a target=\"_blank\" href=\"https:\/\/www.francesoir.fr\/opinions-editos\/emmanuel-macron-au-defi-de-la-verite\"><em>Emmanuel Macron au D\u00e9fi de la V\u00e9rit\u00e9<\/em><\/a> (1er janvier 2021) incitait le pr\u00e9sident <strong>de clarifier la gestion COVID<\/strong> \u2013 erreurs sur masques, invisibilisation de traitements comme l&rsquo;HCQ, conflits d&rsquo;int\u00e9r\u00eats au Conseil scientifique, et minimisation des risques vaccinaux. Ignor\u00e9, ce d\u00e9fi r\u00e9v\u00e8le la schizophr\u00e9nie : <strong>un pouvoir qui inverse les accusations pour masquer ses fautes<\/strong>, dont le cout se traduit par plus de 1200 milliards de dettes suppl\u00e9mentaires pour les Fran\u00e7ais et un d\u00e9classement durable de la France.<\/p>\n<p><img decoding=\"async\" data-entity-uuid=\"ec1fc01e-7df0-46e0-bf89-d179edaba93a\" data-entity-type=\"file\" alt=\"France-Soir\" width=\"492\" height=\"275\" class=\"align-center lazyload\" loading=\"lazy\" src=\"https:\/\/www.francesoir.fr\/sites\/default\/files\/inline-images\/VERITEBRECHT%20%2812%29%20-%20Copie_0.png\"\/><\/p>\n<p>C&rsquo;est pr\u00e9cis\u00e9ment cette position que France-Soir tente d&rsquo;incarner aujourd&rsquo;hui : <a target=\"_blank\" href=\"https:\/\/www.francesoir.fr\/opinions-editos\/le-devoir-d-informer\">dire la v\u00e9rit\u00e9 quoiqu&rsquo;il en co\u00fbte<\/a>. C\u2019est un devoir, <a target=\"_blank\" href=\"https:\/\/edition.francesoir.fr\/opinions-editos\/france-soir-renait-sur-youtube-le-retour-du-chien-de-garde-que-macron-et-google\">malgr\u00e9 la censure, le d\u00e9platforming et les attaques institutionnelles<\/a>. Les m\u00e9dias citoyens incarnant un ultime rempart r\u00e9sistant, refusant de capituler face \u00e0 la propagande officielle et aux m\u00e9dias subventionn\u00e9s et c&rsquo;est pourquoi il est vital de les soutenir. Le 23 septembre 2025, par <a target=\"_blank\" href=\"https:\/\/www.francesoir.fr\/politique-monde-societe-justice-science-tech\/google-admet-la-censure-sous-pression-de-l\">une d\u00e9claration au Comit\u00e9 Judiciaire<\/a>, <a target=\"_blank\" href=\"https:\/\/m.francesoir.fr\/politique-france-societe-justice\/les-declarations-de-google-devant-la-commission-judiciaire-de-la\">Google a admis la censure aux Etats-Unis<\/a>. Et c\u2019est suite \u00e0 ces aveux que France-Soir a vu ses chaines YouTube r\u00e9ouvertes &#8211; <a target=\"_blank\" href=\"https:\/\/edition.francesoir.fr\/opinions-editos\/france-soir-renait-sur-youtube-le-retour-du-chien-de-garde-que-macron-et-google\">\u00ab <em>chien de garde<\/em> \u00bb que le pouvoir macronien et Google voulaient enterrer, survivant \u00e0 la suppression unilat\u00e9rale de 2021, aux pressions transatlantiques et \u00e0 la stigmatisation, pour poser les questions interdites et d\u00e9fendre la libert\u00e9 d&rsquo;expression comme \u00ab oxyg\u00e8ne d\u00e9mocratique \u00bb<\/a>.<\/p>\n<p>Un <a target=\"_blank\" href=\"https:\/\/www.francesoir.fr\/opinions-editos\/je-suis-malade-completement-malade-premiere-partie\">pouvoir malade<\/a> qui rend <a target=\"_blank\" href=\"https:\/\/edition.francesoir.fr\/opinions-editos\/macron-t-il-aussi-rendu-malade-ses-concitoyens-en-mettant-en-place-une-maltraitance\">malade les Fran\u00e7ais par la maltraitance institutionnelle<\/a> tel que d\u00e9crit en juin 2024. Ce qui a pouss\u00e9 <em>France-Soir<\/em> \u00e0 comprendre pourquoi le Dr Perrochon <a target=\"_blank\" href=\"https:\/\/www.francesoir.fr\/politique-france-societe-justice-sante\/macron-sous-le-scalpel-l-elysee-menace-france-soir-pour\">n\u2019avait pas assist\u00e9 le pr\u00e9sident \u00e0 tenir ses engagements de campagne sur sa sant\u00e9. L\u2019Elys\u00e9e ayant menac\u00e9 <em>France-Soir<\/em> pour \u00e9touffer la v\u00e9rit\u00e9 sur sa sant\u00e9<\/a>\u00a0!<\/p>\n<p><img decoding=\"async\" data-entity-uuid=\"7f0e8ac3-3a80-4373-aa5b-3db8f6a38cb7\" data-entity-type=\"file\" alt=\"VERITE13\" width=\"702\" height=\"392\" class=\"align-center lazyload\" loading=\"lazy\" src=\"https:\/\/www.francesoir.fr\/sites\/default\/files\/inline-images\/VERITEBRECHT%20%2813%29%20-%20Copie.png\"\/><\/p>\n<p>\u00a0<\/p>\n<p>En conclusion, Brecht nous exhorte \u00e0 cultiver ces cinq difficult\u00e9s ; la Charte de Munich nous le commande : le devoir num\u00e9ro un est de respecter la v\u00e9rit\u00e9, quelles qu\u2019en soient les cons\u00e9quences personnelles.\u00a0<\/p>\n<blockquote>\n<p>Dire la v\u00e9rit\u00e9 quoiqu&rsquo;il en co\u00fbte n&rsquo;est plus un luxe intellectuel, mais l&rsquo;ultime rempart contre une soci\u00e9t\u00e9 malade de propagande et de d\u00e9clin.\u00a0<\/p>\n<\/blockquote>\n<p>France-Soir et les m\u00e9dias citoyens, en incarnant ce combat malgr\u00e9 tout, prouvent que la r\u00e9sistance est possible. Ignorer ce devoir, c&rsquo;est capituler devant la barbarie masqu\u00e9e que Brecht d\u00e9non\u00e7ait d\u00e9j\u00e0 en 1935\u00a0: \u00ab\u00a0<em>La chienne de la propagande est encore en chaleur, enfantant un d\u00e9clin o\u00f9 la v\u00e9rit\u00e9 est l&rsquo;ultime r\u00e9sistance.<\/em>\u00a0\u00bb<\/p>\n<p><img decoding=\"async\" data-entity-uuid=\"0ce7c24c-b79b-4dfa-8f6c-357d5269372b\" data-entity-type=\"file\" alt=\"VERITE14\" width=\"700\" height=\"391\" class=\"align-center lazyload\" loading=\"lazy\" src=\"https:\/\/www.francesoir.fr\/sites\/default\/files\/inline-images\/VERITEBRECHT%20%2814%29%20-%20Copie.png\"\/><\/p>\n<blockquote>\n<p>Il est temps de cultiver ces cinq difficult\u00e9s &#8211; et de soutenir ceux qui les vivent au quotidien &#8211; pour reconqu\u00e9rir notre soci\u00e9t\u00e9 malade, avant qu&rsquo;il ne soit trop tard.<\/p>\n<\/blockquote>\n<p>Retrouvez la vid\u00e9o r\u00e9sum\u00e9e de l&rsquo;article :\u00a0<br \/><iframe loading=\"lazy\" title=\"La v\u00e9rit\u00e9 assassin\u00e9e - les 5 difficult\u00e9s de Brecht r\u00e9v\u00e8lent la propagande qui \u00e9touffe notre soci\u00e9t\u00e9\" width=\"1110\" height=\"624\" src=\"https:\/\/www.youtube.com\/embed\/eeYJfkUIclg?feature=oembed\" frameborder=\"0\" allow=\"accelerometer; autoplay; clipboard-write; encrypted-media; gyroscope; picture-in-picture; web-share\" referrerpolicy=\"strict-origin-when-cross-origin\" allowfullscreen><\/iframe><\/p>\n<p>\u00a0<\/p>\n<\/div>\n<p><script>(function(d, s, id) {  var js, fjs = d.getElementsByTagName(s)[0];  if (d.getElementById(id)) return;  js = d.createElement(s); js.id = id;  js.src = \"\/\/connect.facebook.net\/fr_FR\/sdk.js#xfbml=1&version=v2.3\";  fjs.parentNode.insertBefore(js, fjs);}(document, \"script\", \"facebook-jssdk\"));<\/script><br \/>\n<br \/><br \/>\n<br \/><a href=\"https:\/\/www.francesoir.fr\/opinions-editos\/la-verite-assassinee-les-cinq-difficultes-de-brecht-revelent-la-propagande-qui\" target=\"_blank\"\">Source link <\/a><\/p>\n","protected":false},"excerpt":{"rendered":"<p>Dans un monde o\u00f9 la v\u00e9rit\u00e9 n&rsquo;est plus un droit mais un combat, l&rsquo;essai de Bertolt Brecht, Cinq difficult\u00e9s pour \u00e9crire la v\u00e9rit\u00e9 (1935), r\u00e9sonne comme un cri d&rsquo;alarme intemporel.&hellip; <\/p>\n","protected":false},"author":1,"featured_media":22897,"comment_status":"open","ping_status":"open","sticky":false,"template":"","format":"standard","meta":{"footnotes":""},"categories":[1],"tags":[],"class_list":["post-22896","post","type-post","status-publish","format-standard","has-post-thumbnail","hentry","category-non-classe"],"_links":{"self":[{"href":"https:\/\/monde25.info\/index.php\/wp-json\/wp\/v2\/posts\/22896","targetHints":{"allow":["GET"]}}],"collection":[{"href":"https:\/\/monde25.info\/index.php\/wp-json\/wp\/v2\/posts"}],"about":[{"href":"https:\/\/monde25.info\/index.php\/wp-json\/wp\/v2\/types\/post"}],"author":[{"embeddable":true,"href":"https:\/\/monde25.info\/index.php\/wp-json\/wp\/v2\/users\/1"}],"replies":[{"embeddable":true,"href":"https:\/\/monde25.info\/index.php\/wp-json\/wp\/v2\/comments?post=22896"}],"version-history":[{"count":0,"href":"https:\/\/monde25.info\/index.php\/wp-json\/wp\/v2\/posts\/22896\/revisions"}],"wp:featuredmedia":[{"embeddable":true,"href":"https:\/\/monde25.info\/index.php\/wp-json\/wp\/v2\/media\/22897"}],"wp:attachment":[{"href":"https:\/\/monde25.info\/index.php\/wp-json\/wp\/v2\/media?parent=22896"}],"wp:term":[{"taxonomy":"category","embeddable":true,"href":"https:\/\/monde25.info\/index.php\/wp-json\/wp\/v2\/categories?post=22896"},{"taxonomy":"post_tag","embeddable":true,"href":"https:\/\/monde25.info\/index.php\/wp-json\/wp\/v2\/tags?post=22896"}],"curies":[{"name":"wp","href":"https:\/\/api.w.org\/{rel}","templated":true}]}}