{"id":22907,"date":"2026-01-24T12:51:41","date_gmt":"2026-01-24T11:51:41","guid":{"rendered":"https:\/\/monde25.info\/index.php\/2026\/01\/24\/communique-du-groupe-des-amis-pour-la-defense-de-la-charte-des-nations-unies-sur-les-recents-actes-illegaux-commis-contre-liran\/"},"modified":"2026-01-24T12:51:41","modified_gmt":"2026-01-24T11:51:41","slug":"communique-du-groupe-des-amis-pour-la-defense-de-la-charte-des-nations-unies-sur-les-recents-actes-illegaux-commis-contre-liran","status":"publish","type":"post","link":"https:\/\/monde25.info\/index.php\/2026\/01\/24\/communique-du-groupe-des-amis-pour-la-defense-de-la-charte-des-nations-unies-sur-les-recents-actes-illegaux-commis-contre-liran\/","title":{"rendered":"Communiqu\u00e9 du Groupe des amis pour la d\u00e9fense de la Charte des Nations Unies sur les r\u00e9cents actes ill\u00e9gaux commis contre l\u2019Iran"},"content":{"rendered":"<p> <br \/>\n<\/p>\n<div>\n<div class=\"spip_document_251685 spip_document spip_documents spip_document_image spip_documents_center spip_document_center spip_document_avec_legende\" data-legende-len=\"125\" data-legende-lenx=\"xx\">\n<figure class=\"spip_doc_inner\">\n<a target=\"_blank\" href=\"https:\/\/www.voltairenet.org\/IMG\/jpg\/400_-_1_1_-255.jpg\" class=\"spip_doc_lien mediabox\" type=\"image\/jpeg\"><br \/>\n<img loading=\"lazy\" decoding=\"async\" src=\"https:\/\/www.voltairenet.org\/local\/cache-vignettes\/L800xH600\/400_-_1_1_-255-64816.jpg?1769172179\" width=\"800\" height=\"600\" alt=\"\"\/><\/a><figcaption class=\"spip_doc_legende\">\n<p><strong>Samuel Moncada, ambassadeur du Venezuela et porte-parole du Groupe des amis pour la d\u00e9fense de la Charte des Nations Unies.<br \/>\n<\/strong><\/p>\n<\/figcaption><\/figure>\n<\/div>\n<p>Le Groupe des amis pour la d\u00e9fense de la Charte des Nations Unies d\u00e9nonce et condamne fermement la r\u00e9cente multiplication des actes ill\u00e9gaux commis par les \u00c9tats-Unis d\u2019Am\u00e9rique et Isra\u00ebl contre la R\u00e9publique islamique d\u2019Iran, en particulier leurs menaces flagrantes de recours \u00e0 la force et leur intervention dans les affaires int\u00e9rieures de ce pays.<\/p>\n<p>Les \u00c9tats membres du Groupe des amis pour la d\u00e9fense de la Charte des Nations Unies d\u00e9noncent en outre le fait que les \u00c9tats-Unis et Isra\u00ebl incitent de mani\u00e8re flagrante \u00e0 commettre des actes terroristes et des violences contre le peuple et le Gouvernement iraniens, notamment la toute derni\u00e8re d\u00e9claration officielle grandiloquente et provocatrice qu\u2019ont faite les \u00c9tats-Unis le 13 janvier 2026, qui vise express\u00e9ment \u00e0 instiguer et \u00e0 fomenter des actes de violence et de terrorisme en Iran.<\/p>\n<p>Tout en r\u00e9it\u00e9rant son rejet cat\u00e9gorique de tous les actes de terrorisme, quels qu\u2019en soient les motifs et les auteurs, et quel que soit le lieu ou le moment o\u00f9 ils sont perp\u00e9tr\u00e9s, le Groupe des amis pour la d\u00e9fense de la Charte des Nations Unies condamne fermement les horribles attentats commis par des \u00e9l\u00e9ments terroristes soutenus par l\u2019\u00e9tranger en R\u00e9publique islamique d\u2019Iran, et se dit profond\u00e9ment pr\u00e9occup\u00e9 par le fait que ces \u00e9l\u00e9ments ont tu\u00e9 ou bless\u00e9 sans piti\u00e9 des civils iraniens, y compris des enfants et des agents des forces de l\u2019ordre, et ont gravement d\u00e9truit et endommag\u00e9 des biens publics et priv\u00e9s.<\/p>\n<p>Les \u00c9tats membres du Groupe des amis de la d\u00e9fense de la Charte des Nations Unies rappellent que les actes, m\u00e9thodes et pratiques terroristes, en particulier les attentats terroristes commis contre le peuple et le Gouvernement iraniens par des \u00e9l\u00e9ments soutenus par l\u2019\u00e9tranger, constituent une violation grave des buts et principes consacr\u00e9s par la Charte des Nations Unies et, dans ce contexte, r\u00e9affirment l\u2019obligation de s\u2019abstenir d\u2019organiser, de fomenter, de faciliter, de financer ou d\u2019encourager des activit\u00e9s terroristes contre un \u00c9tat ou ses citoyens.<\/p>\n<p>Le Groupe des amis de la d\u00e9fense de la Charte des Nations Unies souligne que les actes ill\u00e9gaux commis actuellement par les \u00c9tats-Unis d\u2019Am\u00e9rique et Isra\u00ebl constituent des violations flagrantes des buts et principes de la Charte des Nations Unies et des principes fondamentaux qui y sont \u00e9nonc\u00e9s, en particulier l\u2019interdiction du recours \u00e0 la menace ou \u00e0 l\u2019emploi de la force contre l\u2019int\u00e9grit\u00e9 territoriale et l\u2019ind\u00e9pendance politique des \u00c9tats et le principe de non-intervention dans les affaires int\u00e9rieures des \u00c9tats, ainsi que le devoir de s\u2019abstenir d\u2019encourager le terrorisme, comme expos\u00e9 ci-dessus.<\/p>\n<p>Les \u00c9tats membres du Groupe des amis pour la d\u00e9fense de la Charte des Nations Unies insistent sur le fait que les agissements illicites des \u00c9tats-Unis d\u2019Am\u00e9rique et d\u2019Isra\u00ebl doivent cesser imm\u00e9diatement, tout en mettant en garde contre toute forme d\u2019aventurisme visant \u00e0 inventer des pr\u00e9textes pour intervenir dans les affaires int\u00e9rieures de la R\u00e9publique islamique d\u2019Iran ou \u00e0 recourir \u00e0 la force contre elle, et en soulignant, dans ce contexte, qu\u2019il incombe \u00e0 la communaut\u00e9 internationale dans son ensemble, \u00e0 l\u2019Organisation des Nations Unies et \u00e0 son Secr\u00e9taire g\u00e9n\u00e9ral, de condamner sans \u00e9quivoque les actes irresponsables et ill\u00e9gaux commis par les \u00c9tats-Unis d\u2019Am\u00e9rique et Isra\u00ebl contre la R\u00e9publique islamique d\u2019Iran.<\/p>\n<p>Le Groupe des Amis pour la d\u00e9fense de la Charte des Nations Unies renouvelle sa solidarit\u00e9 in\u00e9branlable avec le peuple et le Gouvernement de la R\u00e9publique islamique d\u2019Iran \u2013 membre fondateur du Groupe \u2013 alors que persistent les hostilit\u00e9s et les attaques odieuses contre la souverainet\u00e9 de ce pays.<\/p>\n<\/div>\n<p><br \/>\n<br \/><a href=\"https:\/\/www.voltairenet.org\/article223557.html\" target=\"_blank\"\">Source link <\/a><\/p>\n","protected":false},"excerpt":{"rendered":"<p>Samuel Moncada, ambassadeur du Venezuela et porte-parole du Groupe des amis pour la d\u00e9fense de la Charte des Nations Unies. Le Groupe des amis pour la d\u00e9fense de la Charte&hellip; <\/p>\n","protected":false},"author":1,"featured_media":22908,"comment_status":"open","ping_status":"open","sticky":false,"template":"","format":"standard","meta":{"footnotes":""},"categories":[1],"tags":[],"class_list":["post-22907","post","type-post","status-publish","format-standard","has-post-thumbnail","hentry","category-non-classe"],"_links":{"self":[{"href":"https:\/\/monde25.info\/index.php\/wp-json\/wp\/v2\/posts\/22907","targetHints":{"allow":["GET"]}}],"collection":[{"href":"https:\/\/monde25.info\/index.php\/wp-json\/wp\/v2\/posts"}],"about":[{"href":"https:\/\/monde25.info\/index.php\/wp-json\/wp\/v2\/types\/post"}],"author":[{"embeddable":true,"href":"https:\/\/monde25.info\/index.php\/wp-json\/wp\/v2\/users\/1"}],"replies":[{"embeddable":true,"href":"https:\/\/monde25.info\/index.php\/wp-json\/wp\/v2\/comments?post=22907"}],"version-history":[{"count":0,"href":"https:\/\/monde25.info\/index.php\/wp-json\/wp\/v2\/posts\/22907\/revisions"}],"wp:featuredmedia":[{"embeddable":true,"href":"https:\/\/monde25.info\/index.php\/wp-json\/wp\/v2\/media\/22908"}],"wp:attachment":[{"href":"https:\/\/monde25.info\/index.php\/wp-json\/wp\/v2\/media?parent=22907"}],"wp:term":[{"taxonomy":"category","embeddable":true,"href":"https:\/\/monde25.info\/index.php\/wp-json\/wp\/v2\/categories?post=22907"},{"taxonomy":"post_tag","embeddable":true,"href":"https:\/\/monde25.info\/index.php\/wp-json\/wp\/v2\/tags?post=22907"}],"curies":[{"name":"wp","href":"https:\/\/api.w.org\/{rel}","templated":true}]}}